{"id":10016,"date":"2025-06-09T16:10:49","date_gmt":"2025-06-09T13:10:49","guid":{"rendered":"https:\/\/site.zile.bel.tr\/?p=10016"},"modified":"2025-06-10T09:12:53","modified_gmt":"2025-06-10T06:12:53","slug":"baskan-sargindan-taziye-mesaji","status":"publish","type":"post","link":"http:\/\/site.zile.bel.tr\/index.php\/2025\/06\/09\/baskan-sargindan-taziye-mesaji\/","title":{"rendered":"Ba\u015fkan Sarg\u0131n&#8217;dan Taziye Mesaj\u0131"},"content":{"rendered":"<div class=\"xdj266r x14z9mp xat24cr x1lziwak x1vvkbs x126k92a\">\n<div dir=\"auto\" style=\"text-align: center;\"><\/div>\n<div dir=\"auto\" style=\"text-align: center;\">Manisa B\u00fcy\u00fck\u015fehir Belediye Ba\u015fkan\u0131 Say\u0131n Ferdi Zeyrek\u2019in vefat\u0131n\u0131 b\u00fcy\u00fck bir \u00fcz\u00fcnt\u00fcyle \u00f6\u011frendim.<\/div>\n<div dir=\"auto\" style=\"text-align: center;\"><\/div>\n<\/div>\n<div class=\"x14z9mp xat24cr x1lziwak x1vvkbs xtlvy1s x126k92a\" style=\"text-align: center;\">\n<div dir=\"auto\">K\u0131ymetli ba\u015fkana Allah\u2019tan rahmet, ailesine, yak\u0131nlar\u0131na ve Manisa halk\u0131na ba\u015fsa\u011fl\u0131\u011f\u0131 diliyorum.<\/div>\n<div dir=\"auto\"><\/div>\n<\/div>\n<div class=\"x14z9mp xat24cr x1lziwak x1vvkbs xtlvy1s x126k92a\">\n<div dir=\"auto\" style=\"text-align: center;\">\u015e\u00fckr\u00fc Sarg\u0131n<\/div>\n<div dir=\"auto\" style=\"text-align: center;\">Zile Belediye Ba\u015fkan\u0131<\/div>\n<div dir=\"auto\"><img loading=\"lazy\" decoding=\"async\" class=\"alignnone wp-image-10017 aligncenter\" src=\"http:\/\/site.zile.bel.tr\/wp-content\/uploads\/2025\/06\/505389779_749425384131880_2847155150236476283_n-300x252.jpg\" alt=\"\" width=\"800\" height=\"671\" srcset=\"http:\/\/site.zile.bel.tr\/wp-content\/uploads\/2025\/06\/505389779_749425384131880_2847155150236476283_n-300x252.jpg 300w, http:\/\/site.zile.bel.tr\/wp-content\/uploads\/2025\/06\/505389779_749425384131880_2847155150236476283_n-1024x859.jpg 1024w, http:\/\/site.zile.bel.tr\/wp-content\/uploads\/2025\/06\/505389779_749425384131880_2847155150236476283_n-768x644.jpg 768w, http:\/\/site.zile.bel.tr\/wp-content\/uploads\/2025\/06\/505389779_749425384131880_2847155150236476283_n-1536x1288.jpg 1536w, http:\/\/site.zile.bel.tr\/wp-content\/uploads\/2025\/06\/505389779_749425384131880_2847155150236476283_n.jpg 2048w\" sizes=\"auto, (max-width: 800px) 100vw, 800px\" \/><\/div>\n<\/div>\n","protected":false},"excerpt":{"rendered":"<p>Manisa B\u00fcy\u00fck\u015fehir Belediye Ba\u015fkan\u0131 Say\u0131n Ferdi Zeyrek\u2019in vefat\u0131n\u0131 b\u00fcy\u00fck bir \u00fcz\u00fcnt\u00fcyle \u00f6\u011frendim. K\u0131ymetli ba\u015fkana Allah\u2019tan rahmet, ailesine, yak\u0131nlar\u0131na ve Manisa halk\u0131na ba\u015fsa\u011fl\u0131\u011f\u0131 diliyorum. \u015e\u00fckr\u00fc Sarg\u0131n Zile Belediye Ba\u015fkan\u0131<\/p>\n","protected":false},"author":1,"featured_media":10017,"comment_status":"open","ping_status":"open","sticky":false,"template":"","format":"standard","meta":{"footnotes":""},"categories":[11],"tags":[],"class_list":["post-10016","post","type-post","status-publish","format-standard","has-post-thumbnail","hentry","category-haberler"],"_links":{"self":[{"href":"http:\/\/site.zile.bel.tr\/index.php\/wp-json\/wp\/v2\/posts\/10016","targetHints":{"allow":["GET"]}}],"collection":[{"href":"http:\/\/site.zile.bel.tr\/index.php\/wp-json\/wp\/v2\/posts"}],"about":[{"href":"http:\/\/site.zile.bel.tr\/index.php\/wp-json\/wp\/v2\/types\/post"}],"author":[{"embeddable":true,"href":"http:\/\/site.zile.bel.tr\/index.php\/wp-json\/wp\/v2\/users\/1"}],"replies":[{"embeddable":true,"href":"http:\/\/site.zile.bel.tr\/index.php\/wp-json\/wp\/v2\/comments?post=10016"}],"version-history":[{"count":1,"href":"http:\/\/site.zile.bel.tr\/index.php\/wp-json\/wp\/v2\/posts\/10016\/revisions"}],"predecessor-version":[{"id":10018,"href":"http:\/\/site.zile.bel.tr\/index.php\/wp-json\/wp\/v2\/posts\/10016\/revisions\/10018"}],"wp:featuredmedia":[{"embeddable":true,"href":"http:\/\/site.zile.bel.tr\/index.php\/wp-json\/wp\/v2\/media\/10017"}],"wp:attachment":[{"href":"http:\/\/site.zile.bel.tr\/index.php\/wp-json\/wp\/v2\/media?parent=10016"}],"wp:term":[{"taxonomy":"category","embeddable":true,"href":"http:\/\/site.zile.bel.tr\/index.php\/wp-json\/wp\/v2\/categories?post=10016"},{"taxonomy":"post_tag","embeddable":true,"href":"http:\/\/site.zile.bel.tr\/index.php\/wp-json\/wp\/v2\/tags?post=10016"}],"curies":[{"name":"wp","href":"https:\/\/api.w.org\/{rel}","templated":true}]}}