{"id":10152,"date":"2025-06-25T16:45:15","date_gmt":"2025-06-25T13:45:15","guid":{"rendered":"https:\/\/site.zile.bel.tr\/?p=10152"},"modified":"2025-06-25T16:45:15","modified_gmt":"2025-06-25T13:45:15","slug":"muharrem-ayimiz-mubarek-olsun-sukru-sargin-zile-belediye-baskani","status":"publish","type":"post","link":"http:\/\/site.zile.bel.tr\/index.php\/2025\/06\/25\/muharrem-ayimiz-mubarek-olsun-sukru-sargin-zile-belediye-baskani\/","title":{"rendered":"MUHARREM AYIMIZ M\u00dcBAREK OLSUN \u015e\u00fckr\u00fc SARGIN Zile Belediye Ba\u015fkan\u0131"},"content":{"rendered":"<p style=\"text-align: center;\">Kerbela \u00c7\u00f6llerinin ac\u0131 hat\u0131ras\u0131yla insanl\u0131\u011f\u0131n kadim ac\u0131lar\u0131n\u0131 hat\u0131rlar, insanl\u0131k i\u00e7in yas tutarlar. \u00d6z\u00fcn\u00fc insan\u0131n cebirinden gayri g\u00f6ren, nefsinden uzakla\u015fan matemleri hak erenler kat\u0131nda kabul olsun.<br class=\"html-br\" \/>Muharrem Ay\u0131m\u0131z M\u00fcbarek olsun.<br class=\"html-br\" \/><br class=\"html-br\" \/>\u015e\u00fckr\u00fc SARGIN<br class=\"html-br\" \/>Zile Belediye Ba\u015fkan\u0131<\/p>\n<p><img loading=\"lazy\" decoding=\"async\" class=\"alignnone wp-image-10153 size-full aligncenter\" src=\"http:\/\/site.zile.bel.tr\/wp-content\/uploads\/2025\/06\/511267921_760930636314688_5123449944561051020_n.jpg\" alt=\"\" width=\"2048\" height=\"1717\" srcset=\"http:\/\/site.zile.bel.tr\/wp-content\/uploads\/2025\/06\/511267921_760930636314688_5123449944561051020_n.jpg 2048w, http:\/\/site.zile.bel.tr\/wp-content\/uploads\/2025\/06\/511267921_760930636314688_5123449944561051020_n-300x252.jpg 300w, http:\/\/site.zile.bel.tr\/wp-content\/uploads\/2025\/06\/511267921_760930636314688_5123449944561051020_n-1024x859.jpg 1024w, http:\/\/site.zile.bel.tr\/wp-content\/uploads\/2025\/06\/511267921_760930636314688_5123449944561051020_n-768x644.jpg 768w, http:\/\/site.zile.bel.tr\/wp-content\/uploads\/2025\/06\/511267921_760930636314688_5123449944561051020_n-1536x1288.jpg 1536w\" sizes=\"auto, (max-width: 2048px) 100vw, 2048px\" \/><\/p>\n","protected":false},"excerpt":{"rendered":"<p>Kerbela \u00c7\u00f6llerinin ac\u0131 hat\u0131ras\u0131yla insanl\u0131\u011f\u0131n kadim ac\u0131lar\u0131n\u0131 hat\u0131rlar, insanl\u0131k i\u00e7in yas tutarlar. \u00d6z\u00fcn\u00fc insan\u0131n cebirinden gayri g\u00f6ren, nefsinden uzakla\u015fan matemleri hak erenler kat\u0131nda kabul olsun.Muharrem Ay\u0131m\u0131z M\u00fcbarek olsun.\u015e\u00fckr\u00fc SARGINZile Belediye Ba\u015fkan\u0131<\/p>\n","protected":false},"author":1,"featured_media":10153,"comment_status":"open","ping_status":"open","sticky":false,"template":"","format":"standard","meta":{"footnotes":""},"categories":[11],"tags":[],"class_list":["post-10152","post","type-post","status-publish","format-standard","has-post-thumbnail","hentry","category-haberler"],"_links":{"self":[{"href":"http:\/\/site.zile.bel.tr\/index.php\/wp-json\/wp\/v2\/posts\/10152","targetHints":{"allow":["GET"]}}],"collection":[{"href":"http:\/\/site.zile.bel.tr\/index.php\/wp-json\/wp\/v2\/posts"}],"about":[{"href":"http:\/\/site.zile.bel.tr\/index.php\/wp-json\/wp\/v2\/types\/post"}],"author":[{"embeddable":true,"href":"http:\/\/site.zile.bel.tr\/index.php\/wp-json\/wp\/v2\/users\/1"}],"replies":[{"embeddable":true,"href":"http:\/\/site.zile.bel.tr\/index.php\/wp-json\/wp\/v2\/comments?post=10152"}],"version-history":[{"count":1,"href":"http:\/\/site.zile.bel.tr\/index.php\/wp-json\/wp\/v2\/posts\/10152\/revisions"}],"predecessor-version":[{"id":10154,"href":"http:\/\/site.zile.bel.tr\/index.php\/wp-json\/wp\/v2\/posts\/10152\/revisions\/10154"}],"wp:featuredmedia":[{"embeddable":true,"href":"http:\/\/site.zile.bel.tr\/index.php\/wp-json\/wp\/v2\/media\/10153"}],"wp:attachment":[{"href":"http:\/\/site.zile.bel.tr\/index.php\/wp-json\/wp\/v2\/media?parent=10152"}],"wp:term":[{"taxonomy":"category","embeddable":true,"href":"http:\/\/site.zile.bel.tr\/index.php\/wp-json\/wp\/v2\/categories?post=10152"},{"taxonomy":"post_tag","embeddable":true,"href":"http:\/\/site.zile.bel.tr\/index.php\/wp-json\/wp\/v2\/tags?post=10152"}],"curies":[{"name":"wp","href":"https:\/\/api.w.org\/{rel}","templated":true}]}}