{"id":1036,"date":"2021-02-19T16:02:50","date_gmt":"2021-02-19T13:02:50","guid":{"rendered":"http:\/\/site.zile.bel.tr\/?p=1036"},"modified":"2021-02-19T16:02:50","modified_gmt":"2021-02-19T13:02:50","slug":"galatasaray-baskani-mustafa-cengizden-zilelilere-selam","status":"publish","type":"post","link":"http:\/\/site.zile.bel.tr\/index.php\/2021\/02\/19\/galatasaray-baskani-mustafa-cengizden-zilelilere-selam\/","title":{"rendered":"Galatasaray Ba\u015fkan\u0131 Mustafa Cengiz\u2019den Zilelilere selam"},"content":{"rendered":"<p><a href=\"http:\/\/site.zile.bel.tr\/index.php\/2021\/02\/19\/galatasaray-baskani-mustafa-cengizden-zilelilere-selam\/galatasaray-baskani-mustafa-cengiz-den-zilelilere-selam\/\" rel=\"attachment wp-att-1037\"><img loading=\"lazy\" decoding=\"async\" class=\"alignnone  wp-image-1037\" src=\"http:\/\/site.zile.bel.tr\/wp-content\/uploads\/2021\/02\/galatasaray-baskani-mustafa-cengiz-den-zilelilere-selam-300x184.jpg\" alt=\"\" width=\"770\" height=\"472\" srcset=\"http:\/\/site.zile.bel.tr\/wp-content\/uploads\/2021\/02\/galatasaray-baskani-mustafa-cengiz-den-zilelilere-selam-300x184.jpg 300w, http:\/\/site.zile.bel.tr\/wp-content\/uploads\/2021\/02\/galatasaray-baskani-mustafa-cengiz-den-zilelilere-selam-1024x627.jpg 1024w, http:\/\/site.zile.bel.tr\/wp-content\/uploads\/2021\/02\/galatasaray-baskani-mustafa-cengiz-den-zilelilere-selam-768x471.jpg 768w, http:\/\/site.zile.bel.tr\/wp-content\/uploads\/2021\/02\/galatasaray-baskani-mustafa-cengiz-den-zilelilere-selam.jpg 1500w\" sizes=\"auto, (max-width: 770px) 100vw, 770px\" \/><\/a><\/p>\n<p><strong>Galatasaray Ba\u015fkan\u0131 Mustafa Cengiz\u2019den Zilelilere selam<\/strong><\/p>\n<p><strong>VEN\u0130 V\u0130D\u0130 V\u0130C\u0130<\/strong><\/p>\n<p>6 \u015eubat 2021 saat 19: 00\u2019 da oynanacak olan Fenerbah\u00e7e \u2013 Galatasaray ma\u00e7\u0131 \u00f6ncesi bas\u0131n a\u00e7\u0131klamas\u0131 yapan Galatasaray Ba\u015fkan\u0131 Mustafa Cengiz Zilelilere selam g\u00f6ndererek, \u201cTokat\u2019ta Zilelerin etti\u011fi bir laf var. Buradan Tokatl\u0131lara selam olsun. Bizde in\u015fallah gider \u2018Veni Vidi Vici\u201d yi s\u00f6ylemek taraftarlar\u0131m\u0131za nasip olur\u201d dedi.<\/p>\n<p>\u0130ki ezeli rakip taraftarlar\u0131 Lig&#8217;in 24. haftas\u0131nda ger\u00e7ekle\u015ftirilecek Fenerbah\u00e7e &#8211; Galatasaray m\u00fccadelesini bekliyor.<\/p>\n<p><strong>Belediye Ba\u015fkan\u0131 \u015e\u00fckr\u00fc Sarg\u0131n\u2019dan Galatasaray\u2019a davet<\/strong><\/p>\n<p><strong>\u00a0<\/strong>Belediye Ba\u015fkan\u0131 \u015e\u00fckr\u00fc Sarg\u0131n, \u201cRoma \u0130mparatoru Jul Sezar\u2019\u0131n Zile\u2019de s\u00f6yledi\u011fi ve belki de d\u00fcnyan\u0131n en k\u0131sa mektubu olma \u00f6zelli\u011fi ta\u015f\u0131yan \u2018 Veni Vidi Vici, geldim g\u00f6rd\u00fcm yendim\u2019 s\u00f6zleri Zile ve Zileliler i\u00e7in \u00e7ok de\u011ferlidir. Ba\u015fkan Say\u0131n Mustafa Cengiz ve Galatasaray tak\u0131m\u0131 bu cumartesi oynanacak olan derbi ma\u00e7\u0131nda galibiyet alsa da, alamasa da mutlaka Zile\u2019ye gelmeli, bu veciz s\u00f6z\u00fcn ruhunu burada hissetmelidir. Biz kendilerini Zile\u2019de a\u011f\u0131rlamaktan onur duyar\u0131z.\u00a0 Ben bu vesile ile T\u00fcrkiye\u2019mizin iki g\u00fczide tak\u0131m\u0131na cumartesi oynanacak ma\u00e7ta ba\u015far\u0131lar dilerim. Spor dostluktur, dostluk kazans\u0131n\u201d dedi.<\/p>\n<p>&nbsp;<\/p>\n","protected":false},"excerpt":{"rendered":"<p>Galatasaray Ba\u015fkan\u0131 Mustafa Cengiz\u2019den Zilelilere selam VEN\u0130 V\u0130D\u0130 V\u0130C\u0130 6 \u015eubat 2021 saat 19: 00\u2019 da oynanacak olan Fenerbah\u00e7e \u2013 Galatasaray ma\u00e7\u0131 \u00f6ncesi bas\u0131n a\u00e7\u0131klamas\u0131 yapan Galatasaray Ba\u015fkan\u0131 Mustafa Cengiz Zilelilere selam g\u00f6ndererek, \u201cTokat\u2019ta Zilelerin etti\u011fi bir laf var. Buradan Tokatl\u0131lara selam olsun. Bizde in\u015fallah gider \u2018Veni Vidi Vici\u201d yi s\u00f6ylemek taraftarlar\u0131m\u0131za nasip olur\u201d dedi. [&hellip;]<\/p>\n","protected":false},"author":1,"featured_media":1037,"comment_status":"open","ping_status":"open","sticky":false,"template":"","format":"standard","meta":{"footnotes":""},"categories":[11],"tags":[],"class_list":["post-1036","post","type-post","status-publish","format-standard","has-post-thumbnail","hentry","category-haberler"],"_links":{"self":[{"href":"http:\/\/site.zile.bel.tr\/index.php\/wp-json\/wp\/v2\/posts\/1036","targetHints":{"allow":["GET"]}}],"collection":[{"href":"http:\/\/site.zile.bel.tr\/index.php\/wp-json\/wp\/v2\/posts"}],"about":[{"href":"http:\/\/site.zile.bel.tr\/index.php\/wp-json\/wp\/v2\/types\/post"}],"author":[{"embeddable":true,"href":"http:\/\/site.zile.bel.tr\/index.php\/wp-json\/wp\/v2\/users\/1"}],"replies":[{"embeddable":true,"href":"http:\/\/site.zile.bel.tr\/index.php\/wp-json\/wp\/v2\/comments?post=1036"}],"version-history":[{"count":2,"href":"http:\/\/site.zile.bel.tr\/index.php\/wp-json\/wp\/v2\/posts\/1036\/revisions"}],"predecessor-version":[{"id":1039,"href":"http:\/\/site.zile.bel.tr\/index.php\/wp-json\/wp\/v2\/posts\/1036\/revisions\/1039"}],"wp:featuredmedia":[{"embeddable":true,"href":"http:\/\/site.zile.bel.tr\/index.php\/wp-json\/wp\/v2\/media\/1037"}],"wp:attachment":[{"href":"http:\/\/site.zile.bel.tr\/index.php\/wp-json\/wp\/v2\/media?parent=1036"}],"wp:term":[{"taxonomy":"category","embeddable":true,"href":"http:\/\/site.zile.bel.tr\/index.php\/wp-json\/wp\/v2\/categories?post=1036"},{"taxonomy":"post_tag","embeddable":true,"href":"http:\/\/site.zile.bel.tr\/index.php\/wp-json\/wp\/v2\/tags?post=1036"}],"curies":[{"name":"wp","href":"https:\/\/api.w.org\/{rel}","templated":true}]}}