{"id":10368,"date":"2025-07-15T09:05:57","date_gmt":"2025-07-15T06:05:57","guid":{"rendered":"https:\/\/site.zile.bel.tr\/?p=10368"},"modified":"2025-07-15T15:21:57","modified_gmt":"2025-07-15T12:21:57","slug":"15-temmuz-demokrasi-ve-milli-birlik-gunu-sehitlerimizi-saygi-ile-aniyor-gazilerimize-sukranlarimi-sunuyorum-sukru-sargin-zile-belediye-baskani","status":"publish","type":"post","link":"http:\/\/site.zile.bel.tr\/index.php\/2025\/07\/15\/15-temmuz-demokrasi-ve-milli-birlik-gunu-sehitlerimizi-saygi-ile-aniyor-gazilerimize-sukranlarimi-sunuyorum-sukru-sargin-zile-belediye-baskani\/","title":{"rendered":"15 Temmuz Demokrasi ve Mill\u00ee Birlik G\u00fcn\u00fc \u015eehitlerimizi sayg\u0131 ile an\u0131yor, Gazilerimize \u015f\u00fckranlar\u0131m\u0131 sunuyorum. \u015e\u00fckr\u00fc SARGIN Zile Belediye Ba\u015fkan\u0131"},"content":{"rendered":"<div class=\"xdj266r x14z9mp xat24cr x1lziwak x1vvkbs x126k92a\">\n<div dir=\"auto\"><img loading=\"lazy\" decoding=\"async\" class=\"alignnone wp-image-10369 aligncenter\" src=\"http:\/\/site.zile.bel.tr\/wp-content\/uploads\/2025\/07\/518133958_775936594814092_1079866432021651623_n-300x252.jpg\" alt=\"\" width=\"800\" height=\"671\" srcset=\"http:\/\/site.zile.bel.tr\/wp-content\/uploads\/2025\/07\/518133958_775936594814092_1079866432021651623_n-300x252.jpg 300w, http:\/\/site.zile.bel.tr\/wp-content\/uploads\/2025\/07\/518133958_775936594814092_1079866432021651623_n.jpg 600w\" sizes=\"auto, (max-width: 800px) 100vw, 800px\" \/><\/div>\n<div dir=\"auto\"><\/div>\n<div dir=\"auto\" style=\"text-align: center;\">15 Temmuz Demokrasi ve Mill\u00ee Birlik G\u00fcn\u00fc \u015eehitlerimizi sayg\u0131 ile an\u0131yor, Gazilerimize \u015f\u00fckranlar\u0131m\u0131 sunuyorum.<\/div>\n<div dir=\"auto\" style=\"text-align: center;\"><\/div>\n<\/div>\n<div class=\"x14z9mp xat24cr x1lziwak x1vvkbs xtlvy1s x126k92a\">\n<div dir=\"auto\" style=\"text-align: center;\">\u015e\u00fckr\u00fc SARGIN<\/div>\n<div dir=\"auto\" style=\"text-align: center;\">Zile Belediye Ba\u015fkan\u0131<\/div>\n<\/div>\n","protected":false},"excerpt":{"rendered":"<p>15 Temmuz Demokrasi ve Mill\u00ee Birlik G\u00fcn\u00fc \u015eehitlerimizi sayg\u0131 ile an\u0131yor, Gazilerimize \u015f\u00fckranlar\u0131m\u0131 sunuyorum. \u015e\u00fckr\u00fc SARGIN Zile Belediye Ba\u015fkan\u0131<\/p>\n","protected":false},"author":1,"featured_media":10369,"comment_status":"open","ping_status":"open","sticky":false,"template":"","format":"standard","meta":{"footnotes":""},"categories":[11],"tags":[],"class_list":["post-10368","post","type-post","status-publish","format-standard","has-post-thumbnail","hentry","category-haberler"],"_links":{"self":[{"href":"http:\/\/site.zile.bel.tr\/index.php\/wp-json\/wp\/v2\/posts\/10368","targetHints":{"allow":["GET"]}}],"collection":[{"href":"http:\/\/site.zile.bel.tr\/index.php\/wp-json\/wp\/v2\/posts"}],"about":[{"href":"http:\/\/site.zile.bel.tr\/index.php\/wp-json\/wp\/v2\/types\/post"}],"author":[{"embeddable":true,"href":"http:\/\/site.zile.bel.tr\/index.php\/wp-json\/wp\/v2\/users\/1"}],"replies":[{"embeddable":true,"href":"http:\/\/site.zile.bel.tr\/index.php\/wp-json\/wp\/v2\/comments?post=10368"}],"version-history":[{"count":1,"href":"http:\/\/site.zile.bel.tr\/index.php\/wp-json\/wp\/v2\/posts\/10368\/revisions"}],"predecessor-version":[{"id":10370,"href":"http:\/\/site.zile.bel.tr\/index.php\/wp-json\/wp\/v2\/posts\/10368\/revisions\/10370"}],"wp:featuredmedia":[{"embeddable":true,"href":"http:\/\/site.zile.bel.tr\/index.php\/wp-json\/wp\/v2\/media\/10369"}],"wp:attachment":[{"href":"http:\/\/site.zile.bel.tr\/index.php\/wp-json\/wp\/v2\/media?parent=10368"}],"wp:term":[{"taxonomy":"category","embeddable":true,"href":"http:\/\/site.zile.bel.tr\/index.php\/wp-json\/wp\/v2\/categories?post=10368"},{"taxonomy":"post_tag","embeddable":true,"href":"http:\/\/site.zile.bel.tr\/index.php\/wp-json\/wp\/v2\/tags?post=10368"}],"curies":[{"name":"wp","href":"https:\/\/api.w.org\/{rel}","templated":true}]}}