{"id":10371,"date":"2025-07-16T09:39:06","date_gmt":"2025-07-16T06:39:06","guid":{"rendered":"https:\/\/site.zile.bel.tr\/?p=10371"},"modified":"2025-07-16T09:39:06","modified_gmt":"2025-07-16T06:39:06","slug":"mozaik-kazisinda-inceleme","status":"publish","type":"post","link":"http:\/\/site.zile.bel.tr\/index.php\/2025\/07\/16\/mozaik-kazisinda-inceleme\/","title":{"rendered":"MOZA\u0130K KAZISINDA \u0130NCELEME"},"content":{"rendered":"<div class=\"xdj266r x14z9mp xat24cr x1lziwak x1vvkbs x126k92a\">\n<div dir=\"auto\" style=\"text-align: center;\">MOZA\u0130K KAZISINDA \u0130NCELEME<\/div>\n<div dir=\"auto\" style=\"text-align: center;\"><img loading=\"lazy\" decoding=\"async\" class=\"alignnone wp-image-10372\" src=\"http:\/\/site.zile.bel.tr\/wp-content\/uploads\/2025\/07\/518809006_776676864740065_4535524880919439779_n-300x169.jpg\" alt=\"\" width=\"800\" height=\"451\" srcset=\"http:\/\/site.zile.bel.tr\/wp-content\/uploads\/2025\/07\/518809006_776676864740065_4535524880919439779_n-300x169.jpg 300w, http:\/\/site.zile.bel.tr\/wp-content\/uploads\/2025\/07\/518809006_776676864740065_4535524880919439779_n.jpg 600w\" sizes=\"auto, (max-width: 800px) 100vw, 800px\" \/><\/div>\n<\/div>\n<div class=\"x14z9mp xat24cr x1lziwak x1vvkbs xtlvy1s x126k92a\" style=\"text-align: center;\">\n<div dir=\"auto\">\u0130ki ay \u00f6nce izinsiz bir kaz\u0131 sonucu ortaya \u00e7\u0131kan mozaik kaz\u0131 alan\u0131nda Zile Belediye Ba\u015fkan\u0131 \u015e\u00fckr\u00fc Sarg\u0131n incelemelerde bulundu.<\/div>\n<div dir=\"auto\"><img loading=\"lazy\" decoding=\"async\" class=\"alignnone wp-image-10373\" src=\"http:\/\/site.zile.bel.tr\/wp-content\/uploads\/2025\/07\/519391449_776676891406729_5864760582289835304_n-169x300.jpg\" alt=\"\" width=\"800\" height=\"1422\" srcset=\"http:\/\/site.zile.bel.tr\/wp-content\/uploads\/2025\/07\/519391449_776676891406729_5864760582289835304_n-169x300.jpg 169w, http:\/\/site.zile.bel.tr\/wp-content\/uploads\/2025\/07\/519391449_776676891406729_5864760582289835304_n-576x1024.jpg 576w, http:\/\/site.zile.bel.tr\/wp-content\/uploads\/2025\/07\/519391449_776676891406729_5864760582289835304_n-768x1365.jpg 768w, http:\/\/site.zile.bel.tr\/wp-content\/uploads\/2025\/07\/519391449_776676891406729_5864760582289835304_n-864x1536.jpg 864w, http:\/\/site.zile.bel.tr\/wp-content\/uploads\/2025\/07\/519391449_776676891406729_5864760582289835304_n.jpg 1152w\" sizes=\"auto, (max-width: 800px) 100vw, 800px\" \/><\/div>\n<\/div>\n<div class=\"x14z9mp xat24cr x1lziwak x1vvkbs xtlvy1s x126k92a\" style=\"text-align: center;\">\n<div dir=\"auto\">Uzmanlardan kaz\u0131 hakk\u0131nda bilgi alan Sarg\u0131n &#8220;Bizi heyecanland\u0131ran bir kaz\u0131 \u00e7al\u0131\u015fmas\u0131. Anadolu&#8217;da \u00e7\u0131kan en nitelikli mozaiklerden birisi oldu\u011fu ifade ediliyor.<\/div>\n<div dir=\"auto\">Her ge\u00e7en g\u00fcn mozaik in ebatlar\u0131 b\u00fcy\u00fcyor. Bizde belediye olarak kaz\u0131 ekibine her t\u00fcrl\u00fc deste\u011fi veriyoruz. Buluntular b\u00f6lge turizmi i\u00e7in de \u00f6nemli materyallerdir&#8221; dedi.<\/div>\n<div dir=\"auto\">\n\n\t\t<style type=\"text\/css\">\n\t\t\t#gallery-1 {\n\t\t\t\tmargin: auto;\n\t\t\t}\n\t\t\t#gallery-1 .gallery-item {\n\t\t\t\tfloat: left;\n\t\t\t\tmargin-top: 10px;\n\t\t\t\ttext-align: center;\n\t\t\t\twidth: 33%;\n\t\t\t}\n\t\t\t#gallery-1 img {\n\t\t\t\tborder: 2px solid #cfcfcf;\n\t\t\t}\n\t\t\t#gallery-1 .gallery-caption {\n\t\t\t\tmargin-left: 0;\n\t\t\t}\n\t\t\t\/* see gallery_shortcode() in wp-includes\/media.php *\/\n\t\t<\/style>\n\t\t<div id='gallery-1' class='gallery galleryid-10371 gallery-columns-3 gallery-size-thumbnail'><dl class='gallery-item'>\n\t\t\t<dt class='gallery-icon landscape'>\n\t\t\t\t<a href='http:\/\/site.zile.bel.tr\/wp-content\/uploads\/2025\/07\/518809006_776676864740065_4535524880919439779_n.jpg'><img loading=\"lazy\" decoding=\"async\" width=\"150\" height=\"150\" src=\"http:\/\/site.zile.bel.tr\/wp-content\/uploads\/2025\/07\/518809006_776676864740065_4535524880919439779_n-150x150.jpg\" class=\"attachment-thumbnail size-thumbnail\" alt=\"\" \/><\/a>\n\t\t\t<\/dt><\/dl><dl class='gallery-item'>\n\t\t\t<dt class='gallery-icon portrait'>\n\t\t\t\t<a href='http:\/\/site.zile.bel.tr\/wp-content\/uploads\/2025\/07\/519391449_776676891406729_5864760582289835304_n.jpg'><img loading=\"lazy\" decoding=\"async\" width=\"150\" height=\"150\" src=\"http:\/\/site.zile.bel.tr\/wp-content\/uploads\/2025\/07\/519391449_776676891406729_5864760582289835304_n-150x150.jpg\" class=\"attachment-thumbnail size-thumbnail\" alt=\"\" \/><\/a>\n\t\t\t<\/dt><\/dl>\n\t\t\t<br style='clear: both' \/>\n\t\t<\/div>\n\n<\/div>\n<\/div>\n","protected":false},"excerpt":{"rendered":"<p>MOZA\u0130K KAZISINDA \u0130NCELEME \u0130ki ay \u00f6nce izinsiz bir kaz\u0131 sonucu ortaya \u00e7\u0131kan mozaik kaz\u0131 alan\u0131nda Zile Belediye Ba\u015fkan\u0131 \u015e\u00fckr\u00fc Sarg\u0131n incelemelerde bulundu. Uzmanlardan kaz\u0131 hakk\u0131nda bilgi alan Sarg\u0131n &#8220;Bizi heyecanland\u0131ran bir kaz\u0131 \u00e7al\u0131\u015fmas\u0131. Anadolu&#8217;da \u00e7\u0131kan en nitelikli mozaiklerden birisi oldu\u011fu ifade ediliyor. Her ge\u00e7en g\u00fcn mozaik in ebatlar\u0131 b\u00fcy\u00fcyor. Bizde belediye olarak kaz\u0131 ekibine her [&hellip;]<\/p>\n","protected":false},"author":1,"featured_media":10372,"comment_status":"open","ping_status":"open","sticky":false,"template":"","format":"standard","meta":{"footnotes":""},"categories":[11],"tags":[],"class_list":["post-10371","post","type-post","status-publish","format-standard","has-post-thumbnail","hentry","category-haberler"],"_links":{"self":[{"href":"http:\/\/site.zile.bel.tr\/index.php\/wp-json\/wp\/v2\/posts\/10371","targetHints":{"allow":["GET"]}}],"collection":[{"href":"http:\/\/site.zile.bel.tr\/index.php\/wp-json\/wp\/v2\/posts"}],"about":[{"href":"http:\/\/site.zile.bel.tr\/index.php\/wp-json\/wp\/v2\/types\/post"}],"author":[{"embeddable":true,"href":"http:\/\/site.zile.bel.tr\/index.php\/wp-json\/wp\/v2\/users\/1"}],"replies":[{"embeddable":true,"href":"http:\/\/site.zile.bel.tr\/index.php\/wp-json\/wp\/v2\/comments?post=10371"}],"version-history":[{"count":1,"href":"http:\/\/site.zile.bel.tr\/index.php\/wp-json\/wp\/v2\/posts\/10371\/revisions"}],"predecessor-version":[{"id":10374,"href":"http:\/\/site.zile.bel.tr\/index.php\/wp-json\/wp\/v2\/posts\/10371\/revisions\/10374"}],"wp:featuredmedia":[{"embeddable":true,"href":"http:\/\/site.zile.bel.tr\/index.php\/wp-json\/wp\/v2\/media\/10372"}],"wp:attachment":[{"href":"http:\/\/site.zile.bel.tr\/index.php\/wp-json\/wp\/v2\/media?parent=10371"}],"wp:term":[{"taxonomy":"category","embeddable":true,"href":"http:\/\/site.zile.bel.tr\/index.php\/wp-json\/wp\/v2\/categories?post=10371"},{"taxonomy":"post_tag","embeddable":true,"href":"http:\/\/site.zile.bel.tr\/index.php\/wp-json\/wp\/v2\/tags?post=10371"}],"curies":[{"name":"wp","href":"https:\/\/api.w.org\/{rel}","templated":true}]}}