{"id":1047,"date":"2021-02-19T16:07:44","date_gmt":"2021-02-19T13:07:44","guid":{"rendered":"http:\/\/site.zile.bel.tr\/?p=1047"},"modified":"2021-02-19T16:08:00","modified_gmt":"2021-02-19T13:08:00","slug":"yeniden-refah-partisinden-baskan-sargina-ziyaret","status":"publish","type":"post","link":"http:\/\/site.zile.bel.tr\/index.php\/2021\/02\/19\/yeniden-refah-partisinden-baskan-sargina-ziyaret\/","title":{"rendered":"Yeniden Refah Partisinden Ba\u015fkan Sarg\u0131n\u2019a Ziyaret"},"content":{"rendered":"<p>Zile Belediye Ba\u015fkan\u0131 \u015e\u00fckr\u00fc Sarg\u0131n, Yeniden Refah Partisi Genel Ba\u015fkan Yard\u0131mc\u0131s\u0131 Mehmet Alt\u0131n\u00f6z ile Tokat \u0130l Ba\u015fkan\u0131 \u00d6mer Daldal, Zile \u0130l\u00e7e Ba\u015fkan\u0131 Mustafa Aykan, Erbaa \u0130l\u00e7e Ba\u015fkan\u0131 Ramazan Ordu ve parti y\u00f6netimini makam\u0131nda a\u011f\u0131rlad\u0131.<\/p>\n<p>Kar\u015f\u0131l\u0131kl\u0131 fikir al\u0131\u015fveri\u015finde bulunulan ziyarette Zile Belediye Ba\u015fkan\u0131 \u015e\u00fckr\u00fc Sarg\u0131n, Yeniden Refah Partisi Genel Ba\u015fkan Yard\u0131mc\u0131s\u0131 Mehmet Alt\u0131n\u00f6z\u2019e \u00e7al\u0131\u015fmalar\u0131 ile ilgili bilgiler verdi.<\/p>\n<p>Misafirlerini makam\u0131nda a\u011f\u0131rlayan Ba\u015fkan Sarg\u0131n, ziyaretten duydu\u011fu memnuniyeti ifade ederek Yeniden Refah Partisi Genel Ba\u015fkan yard\u0131mc\u0131s\u0131 Mehmet Alt\u0131n\u00f6z ile il ve il\u00e7e ba\u015fkanlar\u0131na ziyaretleri sebebiyle te\u015fekk\u00fcr edip \u00e7al\u0131\u015fmalar\u0131nda ba\u015far\u0131lar diledi.<br \/>\n<a href=\"http:\/\/site.zile.bel.tr\/index.php\/2021\/02\/19\/yeniden-refah-partisinden-baskan-sargina-ziyaret\/2-4\/\" rel=\"attachment wp-att-1048\"><img loading=\"lazy\" decoding=\"async\" class=\"alignnone wp-image-1048\" src=\"http:\/\/site.zile.bel.tr\/wp-content\/uploads\/2021\/02\/2-4-300x225.jpg\" alt=\"\" width=\"872\" height=\"654\" srcset=\"http:\/\/site.zile.bel.tr\/wp-content\/uploads\/2021\/02\/2-4-300x225.jpg 300w, http:\/\/site.zile.bel.tr\/wp-content\/uploads\/2021\/02\/2-4-1024x768.jpg 1024w, http:\/\/site.zile.bel.tr\/wp-content\/uploads\/2021\/02\/2-4-768x576.jpg 768w, http:\/\/site.zile.bel.tr\/wp-content\/uploads\/2021\/02\/2-4-1536x1152.jpg 1536w, http:\/\/site.zile.bel.tr\/wp-content\/uploads\/2021\/02\/2-4.jpg 1600w\" sizes=\"auto, (max-width: 872px) 100vw, 872px\" \/><\/a><\/p>\n<p><a href=\"http:\/\/site.zile.bel.tr\/index.php\/2021\/02\/19\/yeniden-refah-partisinden-baskan-sargina-ziyaret\/1-5\/\" rel=\"attachment wp-att-1049\"><img loading=\"lazy\" decoding=\"async\" class=\"alignnone wp-image-1049\" src=\"http:\/\/site.zile.bel.tr\/wp-content\/uploads\/2021\/02\/1-3-300x225.jpg\" alt=\"\" width=\"875\" height=\"656\" srcset=\"http:\/\/site.zile.bel.tr\/wp-content\/uploads\/2021\/02\/1-3-300x225.jpg 300w, http:\/\/site.zile.bel.tr\/wp-content\/uploads\/2021\/02\/1-3-1024x768.jpg 1024w, http:\/\/site.zile.bel.tr\/wp-content\/uploads\/2021\/02\/1-3-768x576.jpg 768w, http:\/\/site.zile.bel.tr\/wp-content\/uploads\/2021\/02\/1-3-1536x1152.jpg 1536w, http:\/\/site.zile.bel.tr\/wp-content\/uploads\/2021\/02\/1-3.jpg 1600w\" sizes=\"auto, (max-width: 875px) 100vw, 875px\" \/><\/a><\/p>\n","protected":false},"excerpt":{"rendered":"<p>Zile Belediye Ba\u015fkan\u0131 \u015e\u00fckr\u00fc Sarg\u0131n, Yeniden Refah Partisi Genel Ba\u015fkan Yard\u0131mc\u0131s\u0131 Mehmet Alt\u0131n\u00f6z ile Tokat \u0130l Ba\u015fkan\u0131 \u00d6mer Daldal, Zile \u0130l\u00e7e Ba\u015fkan\u0131 Mustafa Aykan, Erbaa \u0130l\u00e7e Ba\u015fkan\u0131 Ramazan Ordu ve parti y\u00f6netimini makam\u0131nda a\u011f\u0131rlad\u0131. Kar\u015f\u0131l\u0131kl\u0131 fikir al\u0131\u015fveri\u015finde bulunulan ziyarette Zile Belediye Ba\u015fkan\u0131 \u015e\u00fckr\u00fc Sarg\u0131n, Yeniden Refah Partisi Genel Ba\u015fkan Yard\u0131mc\u0131s\u0131 Mehmet Alt\u0131n\u00f6z\u2019e \u00e7al\u0131\u015fmalar\u0131 ile ilgili [&hellip;]<\/p>\n","protected":false},"author":1,"featured_media":1048,"comment_status":"open","ping_status":"open","sticky":false,"template":"","format":"standard","meta":{"footnotes":""},"categories":[11],"tags":[],"class_list":["post-1047","post","type-post","status-publish","format-standard","has-post-thumbnail","hentry","category-haberler"],"_links":{"self":[{"href":"http:\/\/site.zile.bel.tr\/index.php\/wp-json\/wp\/v2\/posts\/1047","targetHints":{"allow":["GET"]}}],"collection":[{"href":"http:\/\/site.zile.bel.tr\/index.php\/wp-json\/wp\/v2\/posts"}],"about":[{"href":"http:\/\/site.zile.bel.tr\/index.php\/wp-json\/wp\/v2\/types\/post"}],"author":[{"embeddable":true,"href":"http:\/\/site.zile.bel.tr\/index.php\/wp-json\/wp\/v2\/users\/1"}],"replies":[{"embeddable":true,"href":"http:\/\/site.zile.bel.tr\/index.php\/wp-json\/wp\/v2\/comments?post=1047"}],"version-history":[{"count":2,"href":"http:\/\/site.zile.bel.tr\/index.php\/wp-json\/wp\/v2\/posts\/1047\/revisions"}],"predecessor-version":[{"id":1051,"href":"http:\/\/site.zile.bel.tr\/index.php\/wp-json\/wp\/v2\/posts\/1047\/revisions\/1051"}],"wp:featuredmedia":[{"embeddable":true,"href":"http:\/\/site.zile.bel.tr\/index.php\/wp-json\/wp\/v2\/media\/1048"}],"wp:attachment":[{"href":"http:\/\/site.zile.bel.tr\/index.php\/wp-json\/wp\/v2\/media?parent=1047"}],"wp:term":[{"taxonomy":"category","embeddable":true,"href":"http:\/\/site.zile.bel.tr\/index.php\/wp-json\/wp\/v2\/categories?post=1047"},{"taxonomy":"post_tag","embeddable":true,"href":"http:\/\/site.zile.bel.tr\/index.php\/wp-json\/wp\/v2\/tags?post=1047"}],"curies":[{"name":"wp","href":"https:\/\/api.w.org\/{rel}","templated":true}]}}