{"id":10744,"date":"2025-05-23T16:44:58","date_gmt":"2025-05-23T13:44:58","guid":{"rendered":"https:\/\/site.zile.bel.tr\/?p=10744"},"modified":"2025-08-22T16:58:38","modified_gmt":"2025-08-22T13:58:38","slug":"zilebelediyesi-zile-belediyesinden-yesil-donusum-kuru-peyzaj-ile-hem-tasarruf-hem-estetik","status":"publish","type":"post","link":"http:\/\/site.zile.bel.tr\/index.php\/2025\/05\/23\/zilebelediyesi-zile-belediyesinden-yesil-donusum-kuru-peyzaj-ile-hem-tasarruf-hem-estetik\/","title":{"rendered":"Zile Belediyesi\u2019nden Ye\u015fil D\u00f6n\u00fc\u015f\u00fcm: Kuru Peyzaj ile Hem Tasarruf Hem Estetik"},"content":{"rendered":"<p style=\"text-align: center;\">Zile Belediyesi\u2019nden Ye\u015fil D\u00f6n\u00fc\u015f\u00fcm: Kuru Peyzaj ile Hem Tasarruf Hem Estetik<\/p>\n<p style=\"text-align: center;\"><img loading=\"lazy\" decoding=\"async\" class=\"alignnone wp-image-10756\" src=\"http:\/\/site.zile.bel.tr\/wp-content\/uploads\/2025\/08\/DSC_9003-300x200.jpg\" alt=\"\" width=\"800\" height=\"533\" srcset=\"http:\/\/site.zile.bel.tr\/wp-content\/uploads\/2025\/08\/DSC_9003-300x200.jpg 300w, http:\/\/site.zile.bel.tr\/wp-content\/uploads\/2025\/08\/DSC_9003-1024x683.jpg 1024w, http:\/\/site.zile.bel.tr\/wp-content\/uploads\/2025\/08\/DSC_9003-768x512.jpg 768w, http:\/\/site.zile.bel.tr\/wp-content\/uploads\/2025\/08\/DSC_9003.jpg 1200w\" sizes=\"auto, (max-width: 800px) 100vw, 800px\" \/><\/p>\n<p style=\"text-align: center;\">Zile Belediyesi, il\u00e7emizde y\u00fcr\u00fct\u00fclen kav\u015fak ve ref\u00fcj d\u00fczenlemeleri kapsam\u0131nda su israf\u0131n\u0131 \u00f6nlemeye y\u00f6nelik \u00f6rnek bir projeyi hayata ge\u00e7iriyor. Su kaynaklar\u0131n\u0131n h\u0131zla t\u00fckendi\u011fi g\u00fcn\u00fcm\u00fczde, belediye olarak \u00e7evreci ve s\u00fcrd\u00fcr\u00fclebilir ad\u0131mlar atmay\u0131 s\u00fcrd\u00fcr\u00fcyoruz.<\/p>\n<p style=\"text-align: center;\"><img loading=\"lazy\" decoding=\"async\" class=\"alignnone wp-image-10755\" src=\"http:\/\/site.zile.bel.tr\/wp-content\/uploads\/2025\/08\/DSC_8984-300x200.jpg\" alt=\"\" width=\"800\" height=\"533\" srcset=\"http:\/\/site.zile.bel.tr\/wp-content\/uploads\/2025\/08\/DSC_8984-300x200.jpg 300w, http:\/\/site.zile.bel.tr\/wp-content\/uploads\/2025\/08\/DSC_8984-1024x683.jpg 1024w, http:\/\/site.zile.bel.tr\/wp-content\/uploads\/2025\/08\/DSC_8984-768x512.jpg 768w, http:\/\/site.zile.bel.tr\/wp-content\/uploads\/2025\/08\/DSC_8984.jpg 1200w\" sizes=\"auto, (max-width: 800px) 100vw, 800px\" \/><\/p>\n<p style=\"text-align: center;\">Video Haber \u0130\u00e7in: <a href=\"https:\/\/www.facebook.com\/share\/v\/1AstitsSPK\/\">https:\/\/www.facebook.com\/share\/v\/1AstitsSPK\/<\/a><\/p>\n<p style=\"text-align: center;\"><img loading=\"lazy\" decoding=\"async\" class=\"alignnone wp-image-10748\" src=\"http:\/\/site.zile.bel.tr\/wp-content\/uploads\/2025\/08\/DSC_8916-300x200.jpg\" alt=\"\" width=\"800\" height=\"533\" srcset=\"http:\/\/site.zile.bel.tr\/wp-content\/uploads\/2025\/08\/DSC_8916-300x200.jpg 300w, http:\/\/site.zile.bel.tr\/wp-content\/uploads\/2025\/08\/DSC_8916-1024x683.jpg 1024w, http:\/\/site.zile.bel.tr\/wp-content\/uploads\/2025\/08\/DSC_8916-768x512.jpg 768w, http:\/\/site.zile.bel.tr\/wp-content\/uploads\/2025\/08\/DSC_8916.jpg 1200w\" sizes=\"auto, (max-width: 800px) 100vw, 800px\" \/><\/p>\n<p style=\"text-align: center;\">Park ve Bah\u00e7eler M\u00fcd\u00fcrl\u00fc\u011f\u00fc verilerine g\u00f6re, yaz aylar\u0131nda \u00e7im sulamas\u0131 i\u00e7in g\u00fcnde yakla\u015f\u0131k 100 ton su harcan\u0131yor. Bu y\u00fcksek su t\u00fcketiminin yan\u0131 s\u0131ra, sulama personeli, \u00e7im bi\u00e7me \u00e7al\u0131\u015fmalar\u0131 ve tanker yak\u0131t giderleri de belediye b\u00fct\u00e7esinde ciddi bir y\u00fck olu\u015fturuyor.<\/p>\n<p style=\"text-align: center;\">Bu do\u011frultuda, d\u00fcnya genelinde yayg\u0131nla\u015fan ve T\u00fcrkiye\u2019de de benimsenmeye ba\u015flanan \u201cKuru Peyzaj\u201d (Susuz Peyzaj) uygulamas\u0131, Zile\u2019de devreye al\u0131n\u0131yor. \u00d6zellikle yaya trafi\u011fine kapal\u0131 ref\u00fcj, kav\u015fak ve bulvar gibi alanlarda art\u0131k \u00e7im yerine bonza ta\u015f\u0131, lav ta\u015f\u0131 ve tamburlanm\u0131\u015f kire\u00e7 ta\u015f\u0131 gibi do\u011fal materyaller kullan\u0131lacak.<\/p>\n<p style=\"text-align: center;\">Video Haber \u0130\u00e7in: <a href=\"https:\/\/www.facebook.com\/share\/v\/1AstitsSPK\/\">https:\/\/www.facebook.com\/share\/v\/1AstitsSPK\/<\/a><\/p>\n<p style=\"text-align: center;\">Kuru peyzaj, sadece su tasarrufu de\u011fil, ayn\u0131 zamanda estetik ve d\u00fc\u015f\u00fck bak\u0131m maliyeti a\u00e7\u0131s\u0131ndan da avantaj sa\u011fl\u0131yor. Bu yeni sistemle birlikte hem \u00e7evre korunacak, hem de belediye kaynaklar\u0131 daha verimli kullan\u0131lacak.<\/p>\n<p style=\"text-align: center;\">Zile Belediye Ba\u015fkan\u0131 \u015e\u00fckr\u00fc Sarg\u0131n\u2019dan Mesaj:<\/p>\n<p style=\"text-align: center;\">\u201cArt\u0131k su, yaln\u0131zca bir do\u011fal kaynak de\u011fil, ayn\u0131 zamanda gelecek nesillere b\u0131rakaca\u011f\u0131m\u0131z en de\u011ferli miraslardan biridir. Biz de bu sorumlulukla hareket ediyor, hem do\u011fay\u0131 koruyan hem de kaynaklar\u0131m\u0131z\u0131 verimli kullanan projeleri hayata ge\u00e7iriyoruz. Kuru peyzaj uygulamam\u0131z, Zile\u2019mizi daha s\u00fcrd\u00fcr\u00fclebilir ve ya\u015fanabilir bir \u015fehir haline getirme hedefimizin \u00f6nemli bir par\u00e7as\u0131d\u0131r. T\u00fcm hem\u015fehrilerimizden de bu duyarl\u0131l\u0131\u011fa ortak olmalar\u0131n\u0131 bekliyoruz.\u201d<\/p>\n\n\t\t<style type=\"text\/css\">\n\t\t\t#gallery-1 {\n\t\t\t\tmargin: auto;\n\t\t\t}\n\t\t\t#gallery-1 .gallery-item {\n\t\t\t\tfloat: left;\n\t\t\t\tmargin-top: 10px;\n\t\t\t\ttext-align: center;\n\t\t\t\twidth: 33%;\n\t\t\t}\n\t\t\t#gallery-1 img {\n\t\t\t\tborder: 2px solid #cfcfcf;\n\t\t\t}\n\t\t\t#gallery-1 .gallery-caption {\n\t\t\t\tmargin-left: 0;\n\t\t\t}\n\t\t\t\/* see gallery_shortcode() in wp-includes\/media.php *\/\n\t\t<\/style>\n\t\t<div id='gallery-1' class='gallery galleryid-10744 gallery-columns-3 gallery-size-thumbnail'><dl class='gallery-item'>\n\t\t\t<dt class='gallery-icon landscape'>\n\t\t\t\t<a href='http:\/\/site.zile.bel.tr\/index.php\/2025\/05\/23\/zilebelediyesi-zile-belediyesinden-yesil-donusum-kuru-peyzaj-ile-hem-tasarruf-hem-estetik\/0509-kapak\/'><img loading=\"lazy\" decoding=\"async\" width=\"150\" height=\"150\" src=\"http:\/\/site.zile.bel.tr\/wp-content\/uploads\/2025\/08\/0509-Kapak-150x150.jpg\" class=\"attachment-thumbnail size-thumbnail\" alt=\"\" \/><\/a>\n\t\t\t<\/dt><\/dl><dl class='gallery-item'>\n\t\t\t<dt class='gallery-icon landscape'>\n\t\t\t\t<a href='http:\/\/site.zile.bel.tr\/index.php\/2025\/05\/23\/zilebelediyesi-zile-belediyesinden-yesil-donusum-kuru-peyzaj-ile-hem-tasarruf-hem-estetik\/dsc_8925\/'><img loading=\"lazy\" decoding=\"async\" width=\"150\" height=\"150\" src=\"http:\/\/site.zile.bel.tr\/wp-content\/uploads\/2025\/08\/DSC_8925-150x150.jpg\" class=\"attachment-thumbnail size-thumbnail\" alt=\"\" \/><\/a>\n\t\t\t<\/dt><\/dl><dl class='gallery-item'>\n\t\t\t<dt class='gallery-icon landscape'>\n\t\t\t\t<a href='http:\/\/site.zile.bel.tr\/index.php\/2025\/05\/23\/zilebelediyesi-zile-belediyesinden-yesil-donusum-kuru-peyzaj-ile-hem-tasarruf-hem-estetik\/dsc_8938\/'><img loading=\"lazy\" decoding=\"async\" width=\"150\" height=\"150\" src=\"http:\/\/site.zile.bel.tr\/wp-content\/uploads\/2025\/08\/DSC_8938-150x150.jpg\" class=\"attachment-thumbnail size-thumbnail\" alt=\"\" \/><\/a>\n\t\t\t<\/dt><\/dl><br style=\"clear: both\" \/><dl class='gallery-item'>\n\t\t\t<dt class='gallery-icon landscape'>\n\t\t\t\t<a href='http:\/\/site.zile.bel.tr\/index.php\/2025\/05\/23\/zilebelediyesi-zile-belediyesinden-yesil-donusum-kuru-peyzaj-ile-hem-tasarruf-hem-estetik\/dsc_8916\/'><img loading=\"lazy\" decoding=\"async\" width=\"150\" height=\"150\" src=\"http:\/\/site.zile.bel.tr\/wp-content\/uploads\/2025\/08\/DSC_8916-150x150.jpg\" class=\"attachment-thumbnail size-thumbnail\" alt=\"\" \/><\/a>\n\t\t\t<\/dt><\/dl><dl class='gallery-item'>\n\t\t\t<dt class='gallery-icon landscape'>\n\t\t\t\t<a href='http:\/\/site.zile.bel.tr\/index.php\/2025\/05\/23\/zilebelediyesi-zile-belediyesinden-yesil-donusum-kuru-peyzaj-ile-hem-tasarruf-hem-estetik\/dsc_8978\/'><img loading=\"lazy\" decoding=\"async\" width=\"150\" height=\"150\" src=\"http:\/\/site.zile.bel.tr\/wp-content\/uploads\/2025\/08\/DSC_8978-150x150.jpg\" class=\"attachment-thumbnail size-thumbnail\" alt=\"\" \/><\/a>\n\t\t\t<\/dt><\/dl><dl class='gallery-item'>\n\t\t\t<dt class='gallery-icon landscape'>\n\t\t\t\t<a href='http:\/\/site.zile.bel.tr\/index.php\/2025\/05\/23\/zilebelediyesi-zile-belediyesinden-yesil-donusum-kuru-peyzaj-ile-hem-tasarruf-hem-estetik\/dsc_9003\/'><img loading=\"lazy\" decoding=\"async\" width=\"150\" height=\"150\" src=\"http:\/\/site.zile.bel.tr\/wp-content\/uploads\/2025\/08\/DSC_9003-150x150.jpg\" class=\"attachment-thumbnail size-thumbnail\" alt=\"\" \/><\/a>\n\t\t\t<\/dt><\/dl><br style=\"clear: both\" \/><dl class='gallery-item'>\n\t\t\t<dt class='gallery-icon landscape'>\n\t\t\t\t<a href='http:\/\/site.zile.bel.tr\/index.php\/2025\/05\/23\/zilebelediyesi-zile-belediyesinden-yesil-donusum-kuru-peyzaj-ile-hem-tasarruf-hem-estetik\/dsc_8688\/'><img loading=\"lazy\" decoding=\"async\" width=\"150\" height=\"150\" src=\"http:\/\/site.zile.bel.tr\/wp-content\/uploads\/2025\/08\/DSC_8688-150x150.jpg\" class=\"attachment-thumbnail size-thumbnail\" alt=\"\" \/><\/a>\n\t\t\t<\/dt><\/dl><dl class='gallery-item'>\n\t\t\t<dt class='gallery-icon landscape'>\n\t\t\t\t<a href='http:\/\/site.zile.bel.tr\/index.php\/2025\/05\/23\/zilebelediyesi-zile-belediyesinden-yesil-donusum-kuru-peyzaj-ile-hem-tasarruf-hem-estetik\/dsc_8888\/'><img loading=\"lazy\" decoding=\"async\" width=\"150\" height=\"150\" src=\"http:\/\/site.zile.bel.tr\/wp-content\/uploads\/2025\/08\/DSC_8888-150x150.jpg\" class=\"attachment-thumbnail size-thumbnail\" alt=\"\" \/><\/a>\n\t\t\t<\/dt><\/dl><dl class='gallery-item'>\n\t\t\t<dt class='gallery-icon landscape'>\n\t\t\t\t<a href='http:\/\/site.zile.bel.tr\/index.php\/2025\/05\/23\/zilebelediyesi-zile-belediyesinden-yesil-donusum-kuru-peyzaj-ile-hem-tasarruf-hem-estetik\/dsc_8984\/'><img loading=\"lazy\" decoding=\"async\" width=\"150\" height=\"150\" src=\"http:\/\/site.zile.bel.tr\/wp-content\/uploads\/2025\/08\/DSC_8984-150x150.jpg\" class=\"attachment-thumbnail size-thumbnail\" alt=\"\" \/><\/a>\n\t\t\t<\/dt><\/dl><br style=\"clear: both\" \/><dl class='gallery-item'>\n\t\t\t<dt class='gallery-icon landscape'>\n\t\t\t\t<a href='http:\/\/site.zile.bel.tr\/index.php\/2025\/05\/23\/zilebelediyesi-zile-belediyesinden-yesil-donusum-kuru-peyzaj-ile-hem-tasarruf-hem-estetik\/dsc_8928\/'><img loading=\"lazy\" decoding=\"async\" width=\"150\" height=\"150\" src=\"http:\/\/site.zile.bel.tr\/wp-content\/uploads\/2025\/08\/DSC_8928-150x150.jpg\" class=\"attachment-thumbnail size-thumbnail\" alt=\"\" \/><\/a>\n\t\t\t<\/dt><\/dl>\n\t\t\t<br style='clear: both' \/>\n\t\t<\/div>\n\n<p style=\"text-align: center;\">#ZileYe\u015filD\u00f6n\u00fc\u015f\u00fcm \ud83c\udf40<br \/>\n#KuruPeyzajSistemi \ud83e\udea8<br \/>\n#SuyaSahip\u00c7\u0131k \ud83d\udca7<br \/>\n#\u00c7evreciBelediyecilik \ud83c\udf3f<br \/>\n#S\u00fcrd\u00fcr\u00fclebilirKent \ud83c\udfd9\ufe0f<br \/>\n#Do\u011fayaSayg\u0131 \ud83c\udf0d<\/p>\n","protected":false},"excerpt":{"rendered":"<p>Zile Belediyesi\u2019nden Ye\u015fil D\u00f6n\u00fc\u015f\u00fcm: Kuru Peyzaj ile Hem Tasarruf Hem Estetik Zile Belediyesi, il\u00e7emizde y\u00fcr\u00fct\u00fclen kav\u015fak ve ref\u00fcj d\u00fczenlemeleri kapsam\u0131nda su israf\u0131n\u0131 \u00f6nlemeye y\u00f6nelik \u00f6rnek bir projeyi hayata ge\u00e7iriyor. Su kaynaklar\u0131n\u0131n h\u0131zla t\u00fckendi\u011fi g\u00fcn\u00fcm\u00fczde, belediye olarak \u00e7evreci ve s\u00fcrd\u00fcr\u00fclebilir ad\u0131mlar atmay\u0131 s\u00fcrd\u00fcr\u00fcyoruz. Video Haber \u0130\u00e7in: https:\/\/www.facebook.com\/share\/v\/1AstitsSPK\/ Park ve Bah\u00e7eler M\u00fcd\u00fcrl\u00fc\u011f\u00fc verilerine g\u00f6re, yaz aylar\u0131nda \u00e7im [&hellip;]<\/p>\n","protected":false},"author":1,"featured_media":10756,"comment_status":"open","ping_status":"open","sticky":false,"template":"","format":"standard","meta":{"footnotes":""},"categories":[11],"tags":[],"class_list":["post-10744","post","type-post","status-publish","format-standard","has-post-thumbnail","hentry","category-haberler"],"_links":{"self":[{"href":"http:\/\/site.zile.bel.tr\/index.php\/wp-json\/wp\/v2\/posts\/10744","targetHints":{"allow":["GET"]}}],"collection":[{"href":"http:\/\/site.zile.bel.tr\/index.php\/wp-json\/wp\/v2\/posts"}],"about":[{"href":"http:\/\/site.zile.bel.tr\/index.php\/wp-json\/wp\/v2\/types\/post"}],"author":[{"embeddable":true,"href":"http:\/\/site.zile.bel.tr\/index.php\/wp-json\/wp\/v2\/users\/1"}],"replies":[{"embeddable":true,"href":"http:\/\/site.zile.bel.tr\/index.php\/wp-json\/wp\/v2\/comments?post=10744"}],"version-history":[{"count":3,"href":"http:\/\/site.zile.bel.tr\/index.php\/wp-json\/wp\/v2\/posts\/10744\/revisions"}],"predecessor-version":[{"id":10759,"href":"http:\/\/site.zile.bel.tr\/index.php\/wp-json\/wp\/v2\/posts\/10744\/revisions\/10759"}],"wp:featuredmedia":[{"embeddable":true,"href":"http:\/\/site.zile.bel.tr\/index.php\/wp-json\/wp\/v2\/media\/10756"}],"wp:attachment":[{"href":"http:\/\/site.zile.bel.tr\/index.php\/wp-json\/wp\/v2\/media?parent=10744"}],"wp:term":[{"taxonomy":"category","embeddable":true,"href":"http:\/\/site.zile.bel.tr\/index.php\/wp-json\/wp\/v2\/categories?post=10744"},{"taxonomy":"post_tag","embeddable":true,"href":"http:\/\/site.zile.bel.tr\/index.php\/wp-json\/wp\/v2\/tags?post=10744"}],"curies":[{"name":"wp","href":"https:\/\/api.w.org\/{rel}","templated":true}]}}