{"id":11227,"date":"2025-10-10T17:51:31","date_gmt":"2025-10-10T14:51:31","guid":{"rendered":"https:\/\/site.zile.bel.tr\/?p=11227"},"modified":"2025-10-14T08:53:36","modified_gmt":"2025-10-14T05:53:36","slug":"zile-belediyesi-personeline-resmi-yazisma-kurallari-egitimi-verildi","status":"publish","type":"post","link":"http:\/\/site.zile.bel.tr\/index.php\/2025\/10\/10\/zile-belediyesi-personeline-resmi-yazisma-kurallari-egitimi-verildi\/","title":{"rendered":"Z\u0130LE BELED\u0130YES\u0130 PERSONEL\u0130NE RESM\u0130 YAZI\u015eMA KURALLARI E\u011e\u0130T\u0130M\u0130 VER\u0130LD\u0130"},"content":{"rendered":"<div class=\"xdj266r x14z9mp xat24cr x1lziwak x1vvkbs x126k92a\">\n<div dir=\"auto\" style=\"text-align: center;\">Z\u0130LE BELED\u0130YES\u0130 PERSONEL\u0130NE RESM\u0130 YAZI\u015eMA KURALLARI E\u011e\u0130T\u0130M\u0130 VER\u0130LD\u0130<\/div>\n<div dir=\"auto\" style=\"text-align: center;\"><img loading=\"lazy\" decoding=\"async\" class=\"alignnone wp-image-11229\" src=\"http:\/\/site.zile.bel.tr\/wp-content\/uploads\/2025\/10\/558884106_844455484628869_6471937550646721260_n-300x200.jpg\" alt=\"\" width=\"800\" height=\"533\" srcset=\"http:\/\/site.zile.bel.tr\/wp-content\/uploads\/2025\/10\/558884106_844455484628869_6471937550646721260_n-300x200.jpg 300w, http:\/\/site.zile.bel.tr\/wp-content\/uploads\/2025\/10\/558884106_844455484628869_6471937550646721260_n-1024x682.jpg 1024w, http:\/\/site.zile.bel.tr\/wp-content\/uploads\/2025\/10\/558884106_844455484628869_6471937550646721260_n-768x512.jpg 768w, http:\/\/site.zile.bel.tr\/wp-content\/uploads\/2025\/10\/558884106_844455484628869_6471937550646721260_n-1536x1023.jpg 1536w, http:\/\/site.zile.bel.tr\/wp-content\/uploads\/2025\/10\/558884106_844455484628869_6471937550646721260_n.jpg 1600w\" sizes=\"auto, (max-width: 800px) 100vw, 800px\" \/><\/div>\n<\/div>\n<div class=\"x14z9mp xat24cr x1lziwak x1vvkbs xtlvy1s x126k92a\" style=\"text-align: center;\">\n<div dir=\"auto\">Zile Belediyesi, vatanda\u015flara daha iyi hizmet verebilmek amac\u0131yla kurum i\u00e7i e\u011fitimlerine t\u00fcm h\u0131z\u0131yla devam ediyor. S\u00f6z konusu e\u011fitimler kapsam\u0131nda Zile Belediyesi meclis salonunda, belediye personeline y\u00f6nelik \u2018Resmi Yaz\u0131\u015fma Kurallar\u0131 konulu e\u011fitim semineri d\u00fczenlendi.<\/div>\n<div dir=\"auto\">\u201cResmi Yaz\u0131\u015fma Kurallar\u0131\u201d konulu e\u011fitim semineri, T\u00fcrkiye Belediyeler Birli\u011fi (TBB) e\u011fitmeni ve \u00c7ank\u0131r\u0131 Karatekin \u00dcniversitesi \u00d6\u011fretim \u00dcyesi Prof. Dr. Azize Serap Tun\u00e7er taraf\u0131ndan verildi.<\/div>\n<div dir=\"auto\">\n\n\t\t<style type=\"text\/css\">\n\t\t\t#gallery-1 {\n\t\t\t\tmargin: auto;\n\t\t\t}\n\t\t\t#gallery-1 .gallery-item {\n\t\t\t\tfloat: left;\n\t\t\t\tmargin-top: 10px;\n\t\t\t\ttext-align: center;\n\t\t\t\twidth: 33%;\n\t\t\t}\n\t\t\t#gallery-1 img {\n\t\t\t\tborder: 2px solid #cfcfcf;\n\t\t\t}\n\t\t\t#gallery-1 .gallery-caption {\n\t\t\t\tmargin-left: 0;\n\t\t\t}\n\t\t\t\/* see gallery_shortcode() in wp-includes\/media.php *\/\n\t\t<\/style>\n\t\t<div id='gallery-1' class='gallery galleryid-11227 gallery-columns-3 gallery-size-thumbnail'><dl class='gallery-item'>\n\t\t\t<dt class='gallery-icon landscape'>\n\t\t\t\t<a href='http:\/\/site.zile.bel.tr\/wp-content\/uploads\/2025\/10\/558884106_844455484628869_6471937550646721260_n.jpg'><img loading=\"lazy\" decoding=\"async\" width=\"150\" height=\"150\" src=\"http:\/\/site.zile.bel.tr\/wp-content\/uploads\/2025\/10\/558884106_844455484628869_6471937550646721260_n-150x150.jpg\" class=\"attachment-thumbnail size-thumbnail\" alt=\"\" \/><\/a>\n\t\t\t<\/dt><\/dl><dl class='gallery-item'>\n\t\t\t<dt class='gallery-icon landscape'>\n\t\t\t\t<a href='http:\/\/site.zile.bel.tr\/wp-content\/uploads\/2025\/10\/560628048_844455511295533_3195183785323367979_n.jpg'><img loading=\"lazy\" decoding=\"async\" width=\"150\" height=\"150\" src=\"http:\/\/site.zile.bel.tr\/wp-content\/uploads\/2025\/10\/560628048_844455511295533_3195183785323367979_n-150x150.jpg\" class=\"attachment-thumbnail size-thumbnail\" alt=\"\" \/><\/a>\n\t\t\t<\/dt><\/dl>\n\t\t\t<br style='clear: both' \/>\n\t\t<\/div>\n\n<\/div>\n<\/div>\n","protected":false},"excerpt":{"rendered":"<p>Z\u0130LE BELED\u0130YES\u0130 PERSONEL\u0130NE RESM\u0130 YAZI\u015eMA KURALLARI E\u011e\u0130T\u0130M\u0130 VER\u0130LD\u0130 Zile Belediyesi, vatanda\u015flara daha iyi hizmet verebilmek amac\u0131yla kurum i\u00e7i e\u011fitimlerine t\u00fcm h\u0131z\u0131yla devam ediyor. S\u00f6z konusu e\u011fitimler kapsam\u0131nda Zile Belediyesi meclis salonunda, belediye personeline y\u00f6nelik \u2018Resmi Yaz\u0131\u015fma Kurallar\u0131 konulu e\u011fitim semineri d\u00fczenlendi. \u201cResmi Yaz\u0131\u015fma Kurallar\u0131\u201d konulu e\u011fitim semineri, T\u00fcrkiye Belediyeler Birli\u011fi (TBB) e\u011fitmeni ve \u00c7ank\u0131r\u0131 Karatekin [&hellip;]<\/p>\n","protected":false},"author":1,"featured_media":11229,"comment_status":"open","ping_status":"open","sticky":false,"template":"","format":"standard","meta":{"footnotes":""},"categories":[11],"tags":[],"class_list":["post-11227","post","type-post","status-publish","format-standard","has-post-thumbnail","hentry","category-haberler"],"_links":{"self":[{"href":"http:\/\/site.zile.bel.tr\/index.php\/wp-json\/wp\/v2\/posts\/11227","targetHints":{"allow":["GET"]}}],"collection":[{"href":"http:\/\/site.zile.bel.tr\/index.php\/wp-json\/wp\/v2\/posts"}],"about":[{"href":"http:\/\/site.zile.bel.tr\/index.php\/wp-json\/wp\/v2\/types\/post"}],"author":[{"embeddable":true,"href":"http:\/\/site.zile.bel.tr\/index.php\/wp-json\/wp\/v2\/users\/1"}],"replies":[{"embeddable":true,"href":"http:\/\/site.zile.bel.tr\/index.php\/wp-json\/wp\/v2\/comments?post=11227"}],"version-history":[{"count":1,"href":"http:\/\/site.zile.bel.tr\/index.php\/wp-json\/wp\/v2\/posts\/11227\/revisions"}],"predecessor-version":[{"id":11230,"href":"http:\/\/site.zile.bel.tr\/index.php\/wp-json\/wp\/v2\/posts\/11227\/revisions\/11230"}],"wp:featuredmedia":[{"embeddable":true,"href":"http:\/\/site.zile.bel.tr\/index.php\/wp-json\/wp\/v2\/media\/11229"}],"wp:attachment":[{"href":"http:\/\/site.zile.bel.tr\/index.php\/wp-json\/wp\/v2\/media?parent=11227"}],"wp:term":[{"taxonomy":"category","embeddable":true,"href":"http:\/\/site.zile.bel.tr\/index.php\/wp-json\/wp\/v2\/categories?post=11227"},{"taxonomy":"post_tag","embeddable":true,"href":"http:\/\/site.zile.bel.tr\/index.php\/wp-json\/wp\/v2\/tags?post=11227"}],"curies":[{"name":"wp","href":"https:\/\/api.w.org\/{rel}","templated":true}]}}