{"id":11333,"date":"2025-10-27T08:43:54","date_gmt":"2025-10-27T05:43:54","guid":{"rendered":"https:\/\/site.zile.bel.tr\/?p=11333"},"modified":"2025-10-27T08:43:54","modified_gmt":"2025-10-27T05:43:54","slug":"dunya-sampiyonu-nesrin-basi-yurekten-tebrik-ediyorum","status":"publish","type":"post","link":"http:\/\/site.zile.bel.tr\/index.php\/2025\/10\/27\/dunya-sampiyonu-nesrin-basi-yurekten-tebrik-ediyorum\/","title":{"rendered":"D\u00fcnya \u015eampiyonu Nesrin Ba\u015f\u2019\u0131 Y\u00fcrekten Tebrik Ediyorum!"},"content":{"rendered":"<div class=\"xdj266r x14z9mp xat24cr x1lziwak x1vvkbs x126k92a\">\n<div dir=\"auto\" style=\"text-align: center;\">D\u00fcnya \u015fampiyonu Nesrin Ba\u015f\u2019\u0131 y\u00fcrekten tebrik ediyorum!<\/div>\n<div dir=\"auto\" style=\"text-align: center;\"><img loading=\"lazy\" decoding=\"async\" class=\"alignnone wp-image-11334\" src=\"http:\/\/site.zile.bel.tr\/wp-content\/uploads\/2025\/10\/571201797_856370316770719_7279622220713958650_n-1-300x242.jpg\" alt=\"\" width=\"800\" height=\"646\" srcset=\"http:\/\/site.zile.bel.tr\/wp-content\/uploads\/2025\/10\/571201797_856370316770719_7279622220713958650_n-1-300x242.jpg 300w, http:\/\/site.zile.bel.tr\/wp-content\/uploads\/2025\/10\/571201797_856370316770719_7279622220713958650_n-1.jpg 650w\" sizes=\"auto, (max-width: 800px) 100vw, 800px\" \/><\/div>\n<div dir=\"auto\" style=\"text-align: center;\">Azmin, inanc\u0131n ve disiplininle yaln\u0131zca T\u00fcrkiye\u2019yi de\u011fil, memleketin Tokat\u2019\u0131 da gururland\u0131rd\u0131n.<\/div>\n<div dir=\"auto\" style=\"text-align: center;\">Tokat\u2019\u0131n gururu olarak T\u00fcrk bayra\u011f\u0131n\u0131 d\u00fcnyan\u0131n zirvesinde dalgaland\u0131rd\u0131n, hepimize b\u00fcy\u00fck bir onur ya\u015fatt\u0131n.<\/div>\n<div dir=\"auto\" style=\"text-align: center;\">Bu ba\u015far\u0131, emekle yo\u011frulmu\u015f bir azmin ve milli ruhun eseridir.<\/div>\n<div dir=\"auto\" style=\"text-align: center;\"><\/div>\n<\/div>\n<div class=\"x14z9mp xat24cr x1lziwak x1vvkbs xtlvy1s x126k92a\">\n<div dir=\"auto\" style=\"text-align: center;\">Yolun a\u00e7\u0131k, ba\u015far\u0131lar\u0131n daim olsun \u015fampiyon!<\/div>\n<div dir=\"auto\" style=\"text-align: center;\"><\/div>\n<div dir=\"auto\" style=\"text-align: center;\">\u2013 \u015e\u00fckr\u00fc Sarg\u0131n \/ Zile Belediye Ba\u015fkan\u0131<\/div>\n<div dir=\"auto\" style=\"text-align: center;\"><\/div>\n<\/div>\n","protected":false},"excerpt":{"rendered":"<p>D\u00fcnya \u015fampiyonu Nesrin Ba\u015f\u2019\u0131 y\u00fcrekten tebrik ediyorum! Azmin, inanc\u0131n ve disiplininle yaln\u0131zca T\u00fcrkiye\u2019yi de\u011fil, memleketin Tokat\u2019\u0131 da gururland\u0131rd\u0131n. Tokat\u2019\u0131n gururu olarak T\u00fcrk bayra\u011f\u0131n\u0131 d\u00fcnyan\u0131n zirvesinde dalgaland\u0131rd\u0131n, hepimize b\u00fcy\u00fck bir onur ya\u015fatt\u0131n. Bu ba\u015far\u0131, emekle yo\u011frulmu\u015f bir azmin ve milli ruhun eseridir. Yolun a\u00e7\u0131k, ba\u015far\u0131lar\u0131n daim olsun \u015fampiyon! \u2013 \u015e\u00fckr\u00fc Sarg\u0131n \/ Zile Belediye Ba\u015fkan\u0131<\/p>\n","protected":false},"author":1,"featured_media":11334,"comment_status":"open","ping_status":"open","sticky":false,"template":"","format":"standard","meta":{"footnotes":""},"categories":[11],"tags":[],"class_list":["post-11333","post","type-post","status-publish","format-standard","has-post-thumbnail","hentry","category-haberler"],"_links":{"self":[{"href":"http:\/\/site.zile.bel.tr\/index.php\/wp-json\/wp\/v2\/posts\/11333","targetHints":{"allow":["GET"]}}],"collection":[{"href":"http:\/\/site.zile.bel.tr\/index.php\/wp-json\/wp\/v2\/posts"}],"about":[{"href":"http:\/\/site.zile.bel.tr\/index.php\/wp-json\/wp\/v2\/types\/post"}],"author":[{"embeddable":true,"href":"http:\/\/site.zile.bel.tr\/index.php\/wp-json\/wp\/v2\/users\/1"}],"replies":[{"embeddable":true,"href":"http:\/\/site.zile.bel.tr\/index.php\/wp-json\/wp\/v2\/comments?post=11333"}],"version-history":[{"count":1,"href":"http:\/\/site.zile.bel.tr\/index.php\/wp-json\/wp\/v2\/posts\/11333\/revisions"}],"predecessor-version":[{"id":11335,"href":"http:\/\/site.zile.bel.tr\/index.php\/wp-json\/wp\/v2\/posts\/11333\/revisions\/11335"}],"wp:featuredmedia":[{"embeddable":true,"href":"http:\/\/site.zile.bel.tr\/index.php\/wp-json\/wp\/v2\/media\/11334"}],"wp:attachment":[{"href":"http:\/\/site.zile.bel.tr\/index.php\/wp-json\/wp\/v2\/media?parent=11333"}],"wp:term":[{"taxonomy":"category","embeddable":true,"href":"http:\/\/site.zile.bel.tr\/index.php\/wp-json\/wp\/v2\/categories?post=11333"},{"taxonomy":"post_tag","embeddable":true,"href":"http:\/\/site.zile.bel.tr\/index.php\/wp-json\/wp\/v2\/tags?post=11333"}],"curies":[{"name":"wp","href":"https:\/\/api.w.org\/{rel}","templated":true}]}}