{"id":11501,"date":"2025-11-10T08:46:11","date_gmt":"2025-11-10T05:46:11","guid":{"rendered":"https:\/\/site.zile.bel.tr\/?p=11501"},"modified":"2025-11-10T08:47:12","modified_gmt":"2025-11-10T05:47:12","slug":"baskan-sargindan-10-kasim-mesaji-atamizi-saygi-minnet-ve-sukranla-aniyoruz","status":"publish","type":"post","link":"http:\/\/site.zile.bel.tr\/index.php\/2025\/11\/10\/baskan-sargindan-10-kasim-mesaji-atamizi-saygi-minnet-ve-sukranla-aniyoruz\/","title":{"rendered":"Ba\u015fkan Sarg\u0131n\u2019dan 10 Kas\u0131m Mesaj\u0131: \u201cAtam\u0131z\u0131 Sayg\u0131, Minnet ve \u015e\u00fckranla An\u0131yoruz\u201d"},"content":{"rendered":"<p><img loading=\"lazy\" decoding=\"async\" class=\"alignnone wp-image-11502\" src=\"http:\/\/site.zile.bel.tr\/wp-content\/uploads\/2025\/11\/580994831_869263278814756_4605085331675157954_n-300x252.jpg\" alt=\"\" width=\"800\" height=\"671\" srcset=\"http:\/\/site.zile.bel.tr\/wp-content\/uploads\/2025\/11\/580994831_869263278814756_4605085331675157954_n-300x252.jpg 300w, http:\/\/site.zile.bel.tr\/wp-content\/uploads\/2025\/11\/580994831_869263278814756_4605085331675157954_n-1024x859.jpg 1024w, http:\/\/site.zile.bel.tr\/wp-content\/uploads\/2025\/11\/580994831_869263278814756_4605085331675157954_n-768x644.jpg 768w, http:\/\/site.zile.bel.tr\/wp-content\/uploads\/2025\/11\/580994831_869263278814756_4605085331675157954_n-1536x1288.jpg 1536w, http:\/\/site.zile.bel.tr\/wp-content\/uploads\/2025\/11\/580994831_869263278814756_4605085331675157954_n.jpg 2048w\" sizes=\"auto, (max-width: 800px) 100vw, 800px\" \/><\/p>\n<div class=\"x14z9mp xat24cr x1lziwak x1vvkbs xtlvy1s x126k92a\">\n<div dir=\"auto\">Zile Belediye Ba\u015fkan\u0131 \u015e\u00fckr\u00fc Sarg\u0131n, T\u00fcrkiye Cumhuriyeti\u2019nin kurucusu Gazi Mustafa Kemal Atat\u00fcrk\u2019\u00fcn vefat\u0131n\u0131n y\u0131l d\u00f6n\u00fcm\u00fc dolay\u0131s\u0131yla bir anma mesaj\u0131 yay\u0131mlad\u0131.<\/div>\n<\/div>\n<div class=\"x14z9mp xat24cr x1lziwak x1vvkbs xtlvy1s x126k92a\">\n<div dir=\"auto\">Ba\u015fkan Sarg\u0131n mesaj\u0131nda \u015fu ifadelere yer verdi:<\/div>\n<div dir=\"auto\">\u201cCumhuriyetimizin kurucusu, Ulu \u00d6nderimiz Gazi Mustafa Kemal Atat\u00fcrk\u2019\u00fc aram\u0131zdan ayr\u0131l\u0131\u015f\u0131n\u0131n y\u0131l d\u00f6n\u00fcm\u00fcnde sayg\u0131, minnet ve \u015f\u00fckranla an\u0131yorum. Atat\u00fcrk sadece bir lider de\u011fil; milletine inanan, gelece\u011fi ayd\u0131nlatan bir rehberdi. Onun bizlere b\u0131rakt\u0131\u011f\u0131 Cumhuriyet, en b\u00fcy\u00fck miras\u0131m\u0131zd\u0131r.\u201d<\/div>\n<\/div>\n<div class=\"x14z9mp xat24cr x1lziwak x1vvkbs xtlvy1s x126k92a\">\n<div dir=\"auto\">Sarg\u0131n, Atat\u00fcrk\u2019\u00fcn fikirlerinin ve ilkelerinin bug\u00fcn de yol g\u00f6stermeye devam etti\u011fini vurgulayarak,<\/div>\n<div dir=\"auto\">\u201cBizler de onun g\u00f6sterdi\u011fi yolda, Cumhuriyetimizi daha ileriye ta\u015f\u0131mak i\u00e7in \u00e7al\u0131\u015fmaya devam edece\u011fiz. Bu vesileyle ba\u015fta Gazi Mustafa Kemal Atat\u00fcrk olmak \u00fczere, silah arkada\u015flar\u0131n\u0131 ve t\u00fcm kahramanlar\u0131m\u0131z\u0131 rahmet, minnet ve sayg\u0131yla an\u0131yorum.\u201d ifadelerini kulland\u0131.<\/div>\n<\/div>\n","protected":false},"excerpt":{"rendered":"<p>Zile Belediye Ba\u015fkan\u0131 \u015e\u00fckr\u00fc Sarg\u0131n, T\u00fcrkiye Cumhuriyeti\u2019nin kurucusu Gazi Mustafa Kemal Atat\u00fcrk\u2019\u00fcn vefat\u0131n\u0131n y\u0131l d\u00f6n\u00fcm\u00fc dolay\u0131s\u0131yla bir anma mesaj\u0131 yay\u0131mlad\u0131. Ba\u015fkan Sarg\u0131n mesaj\u0131nda \u015fu ifadelere yer verdi: \u201cCumhuriyetimizin kurucusu, Ulu \u00d6nderimiz Gazi Mustafa Kemal Atat\u00fcrk\u2019\u00fc aram\u0131zdan ayr\u0131l\u0131\u015f\u0131n\u0131n y\u0131l d\u00f6n\u00fcm\u00fcnde sayg\u0131, minnet ve \u015f\u00fckranla an\u0131yorum. Atat\u00fcrk sadece bir lider de\u011fil; milletine inanan, gelece\u011fi ayd\u0131nlatan bir rehberdi. [&hellip;]<\/p>\n","protected":false},"author":1,"featured_media":11502,"comment_status":"open","ping_status":"open","sticky":false,"template":"","format":"standard","meta":{"footnotes":""},"categories":[11],"tags":[],"class_list":["post-11501","post","type-post","status-publish","format-standard","has-post-thumbnail","hentry","category-haberler"],"_links":{"self":[{"href":"http:\/\/site.zile.bel.tr\/index.php\/wp-json\/wp\/v2\/posts\/11501","targetHints":{"allow":["GET"]}}],"collection":[{"href":"http:\/\/site.zile.bel.tr\/index.php\/wp-json\/wp\/v2\/posts"}],"about":[{"href":"http:\/\/site.zile.bel.tr\/index.php\/wp-json\/wp\/v2\/types\/post"}],"author":[{"embeddable":true,"href":"http:\/\/site.zile.bel.tr\/index.php\/wp-json\/wp\/v2\/users\/1"}],"replies":[{"embeddable":true,"href":"http:\/\/site.zile.bel.tr\/index.php\/wp-json\/wp\/v2\/comments?post=11501"}],"version-history":[{"count":2,"href":"http:\/\/site.zile.bel.tr\/index.php\/wp-json\/wp\/v2\/posts\/11501\/revisions"}],"predecessor-version":[{"id":11504,"href":"http:\/\/site.zile.bel.tr\/index.php\/wp-json\/wp\/v2\/posts\/11501\/revisions\/11504"}],"wp:featuredmedia":[{"embeddable":true,"href":"http:\/\/site.zile.bel.tr\/index.php\/wp-json\/wp\/v2\/media\/11502"}],"wp:attachment":[{"href":"http:\/\/site.zile.bel.tr\/index.php\/wp-json\/wp\/v2\/media?parent=11501"}],"wp:term":[{"taxonomy":"category","embeddable":true,"href":"http:\/\/site.zile.bel.tr\/index.php\/wp-json\/wp\/v2\/categories?post=11501"},{"taxonomy":"post_tag","embeddable":true,"href":"http:\/\/site.zile.bel.tr\/index.php\/wp-json\/wp\/v2\/tags?post=11501"}],"curies":[{"name":"wp","href":"https:\/\/api.w.org\/{rel}","templated":true}]}}