{"id":11552,"date":"2025-11-12T08:42:25","date_gmt":"2025-11-12T05:42:25","guid":{"rendered":"https:\/\/site.zile.bel.tr\/?p=11552"},"modified":"2025-11-12T08:42:53","modified_gmt":"2025-11-12T05:42:53","slug":"basimiz-sagolsun-sukru-sargin-zile-belediye-baskani","status":"publish","type":"post","link":"http:\/\/site.zile.bel.tr\/index.php\/2025\/11\/12\/basimiz-sagolsun-sukru-sargin-zile-belediye-baskani\/","title":{"rendered":"Ba\u015f\u0131m\u0131z Sa\u011f Olsun &#8211; \u015e\u00fckr\u00fc SARGIN Zile Belediye Ba\u015fkan\u0131"},"content":{"rendered":"<div class=\"xdj266r x14z9mp xat24cr x1lziwak x1vvkbs x126k92a\">\n<div dir=\"auto\" style=\"text-align: center;\">Askeri kargo u\u00e7a\u011f\u0131m\u0131z\u0131n d\u00fc\u015fmesi haberini derin bir \u00fcz\u00fcnt\u00fcyle \u00f6\u011frendik. Hayat\u0131n\u0131 kaybeden \u015fehitlerimize Allah\u2019tan rahmet diliyorum. Milletimizin ba\u015f\u0131 sa\u011f olsun.<\/div>\n<div dir=\"auto\" style=\"text-align: center;\"><\/div>\n<\/div>\n<div class=\"x14z9mp xat24cr x1lziwak x1vvkbs xtlvy1s x126k92a\">\n<div dir=\"auto\" style=\"text-align: center;\">\u015e\u00fckr\u00fc SARGIN<\/div>\n<div dir=\"auto\" style=\"text-align: center;\">Zile Belediye Ba\u015fkan\u0131<\/div>\n<div dir=\"auto\"><img loading=\"lazy\" decoding=\"async\" class=\"alignnone wp-image-11553 aligncenter\" src=\"http:\/\/site.zile.bel.tr\/wp-content\/uploads\/2025\/11\/580962264_871079261966491_8277460781237236514_n-300x300.jpg\" alt=\"\" width=\"800\" height=\"801\" srcset=\"http:\/\/site.zile.bel.tr\/wp-content\/uploads\/2025\/11\/580962264_871079261966491_8277460781237236514_n-300x300.jpg 300w, http:\/\/site.zile.bel.tr\/wp-content\/uploads\/2025\/11\/580962264_871079261966491_8277460781237236514_n-1024x1024.jpg 1024w, http:\/\/site.zile.bel.tr\/wp-content\/uploads\/2025\/11\/580962264_871079261966491_8277460781237236514_n-150x150.jpg 150w, http:\/\/site.zile.bel.tr\/wp-content\/uploads\/2025\/11\/580962264_871079261966491_8277460781237236514_n-768x769.jpg 768w, http:\/\/site.zile.bel.tr\/wp-content\/uploads\/2025\/11\/580962264_871079261966491_8277460781237236514_n-1534x1536.jpg 1534w, http:\/\/site.zile.bel.tr\/wp-content\/uploads\/2025\/11\/580962264_871079261966491_8277460781237236514_n.jpg 1876w\" sizes=\"auto, (max-width: 800px) 100vw, 800px\" \/><\/div>\n<\/div>\n","protected":false},"excerpt":{"rendered":"<p>Askeri kargo u\u00e7a\u011f\u0131m\u0131z\u0131n d\u00fc\u015fmesi haberini derin bir \u00fcz\u00fcnt\u00fcyle \u00f6\u011frendik. Hayat\u0131n\u0131 kaybeden \u015fehitlerimize Allah\u2019tan rahmet diliyorum. Milletimizin ba\u015f\u0131 sa\u011f olsun. \u015e\u00fckr\u00fc SARGIN Zile Belediye Ba\u015fkan\u0131<\/p>\n","protected":false},"author":1,"featured_media":11553,"comment_status":"open","ping_status":"open","sticky":false,"template":"","format":"standard","meta":{"footnotes":""},"categories":[11],"tags":[],"class_list":["post-11552","post","type-post","status-publish","format-standard","has-post-thumbnail","hentry","category-haberler"],"_links":{"self":[{"href":"http:\/\/site.zile.bel.tr\/index.php\/wp-json\/wp\/v2\/posts\/11552","targetHints":{"allow":["GET"]}}],"collection":[{"href":"http:\/\/site.zile.bel.tr\/index.php\/wp-json\/wp\/v2\/posts"}],"about":[{"href":"http:\/\/site.zile.bel.tr\/index.php\/wp-json\/wp\/v2\/types\/post"}],"author":[{"embeddable":true,"href":"http:\/\/site.zile.bel.tr\/index.php\/wp-json\/wp\/v2\/users\/1"}],"replies":[{"embeddable":true,"href":"http:\/\/site.zile.bel.tr\/index.php\/wp-json\/wp\/v2\/comments?post=11552"}],"version-history":[{"count":2,"href":"http:\/\/site.zile.bel.tr\/index.php\/wp-json\/wp\/v2\/posts\/11552\/revisions"}],"predecessor-version":[{"id":11555,"href":"http:\/\/site.zile.bel.tr\/index.php\/wp-json\/wp\/v2\/posts\/11552\/revisions\/11555"}],"wp:featuredmedia":[{"embeddable":true,"href":"http:\/\/site.zile.bel.tr\/index.php\/wp-json\/wp\/v2\/media\/11553"}],"wp:attachment":[{"href":"http:\/\/site.zile.bel.tr\/index.php\/wp-json\/wp\/v2\/media?parent=11552"}],"wp:term":[{"taxonomy":"category","embeddable":true,"href":"http:\/\/site.zile.bel.tr\/index.php\/wp-json\/wp\/v2\/categories?post=11552"},{"taxonomy":"post_tag","embeddable":true,"href":"http:\/\/site.zile.bel.tr\/index.php\/wp-json\/wp\/v2\/tags?post=11552"}],"curies":[{"name":"wp","href":"https:\/\/api.w.org\/{rel}","templated":true}]}}