{"id":11767,"date":"2025-11-24T20:51:51","date_gmt":"2025-11-24T17:51:51","guid":{"rendered":"https:\/\/site.zile.bel.tr\/?p=11767"},"modified":"2025-11-24T21:05:13","modified_gmt":"2025-11-24T18:05:13","slug":"roma-ile-kardes-sehir","status":"publish","type":"post","link":"http:\/\/site.zile.bel.tr\/index.php\/2025\/11\/24\/roma-ile-kardes-sehir\/","title":{"rendered":"ROMA \u0130LE KARDE\u015e \u015eEH\u0130R"},"content":{"rendered":"<p>ROMA \u0130LE KARDE\u015e \u015eEH\u0130R<\/p>\n<p><img loading=\"lazy\" decoding=\"async\" class=\"alignnone wp-image-11770 size-large\" src=\"http:\/\/site.zile.bel.tr\/wp-content\/uploads\/2025\/11\/FB_IMG_1764006222175-1-576x1024.jpg\" alt=\"\" width=\"576\" height=\"1024\" \/><\/p>\n<p>Ankara \u0130talya B\u00fcy\u00fckel\u00e7ili\u011fi&#8217;nde \u00f6nemli bir bulu\u015fma ger\u00e7ekle\u015fti.<\/p>\n<p>Anadolu&#8217;da Roma \u0130mparatorlu\u011funun \u00f6nemli tarihi olaylar\u0131n\u0131n ya\u015fand\u0131\u011f\u0131 Zile ile \u0130talya&#8217;n\u0131n ba\u015fkenti Roma&#8217;n\u0131n karde\u015f \u015fehir olmas\u0131 i\u00e7in g\u00f6r\u00fc\u015fmeler ba\u015flad\u0131.<\/p>\n<p>&nbsp;<\/p>\n<p>Ankara&#8217;da \u0130talya B\u00fcy\u00fckel\u00e7ili\u011fi&#8217;ndeki toplant\u0131ya, Tokat Milletvekili Kadim Durmaz, Zile Belediye Ba\u015fkan\u0131 \u015e\u00fckr\u00fc Sarg\u0131n, Ankara B\u00fcy\u00fck\u015fehir Belediyesi K\u00fclt\u00fcr Varl\u0131klar\u0131 Daire Ba\u015fkan\u0131 Bekir \u00d6demi\u015f \u0130talya K\u00fclt\u00fcr Ate\u015fesi Diego A.Cimino, \u0130talyan B\u00fcy\u00fckel\u00e7lik M\u00fcste\u015far\u0131 Francesco de STEFANI SPADAFORA kat\u0131ld\u0131.<\/p>\n<p><img loading=\"lazy\" decoding=\"async\" class=\"alignnone wp-image-11768 size-large\" src=\"http:\/\/site.zile.bel.tr\/wp-content\/uploads\/2025\/11\/FB_IMG_1764006225440-1024x576.jpg\" alt=\"\" width=\"1024\" height=\"576\" srcset=\"http:\/\/site.zile.bel.tr\/wp-content\/uploads\/2025\/11\/FB_IMG_1764006225440-1024x576.jpg 1024w, http:\/\/site.zile.bel.tr\/wp-content\/uploads\/2025\/11\/FB_IMG_1764006225440-300x169.jpg 300w, http:\/\/site.zile.bel.tr\/wp-content\/uploads\/2025\/11\/FB_IMG_1764006225440-768x432.jpg 768w, http:\/\/site.zile.bel.tr\/wp-content\/uploads\/2025\/11\/FB_IMG_1764006225440-1536x864.jpg 1536w, http:\/\/site.zile.bel.tr\/wp-content\/uploads\/2025\/11\/FB_IMG_1764006225440.jpg 1600w\" sizes=\"auto, (max-width: 1024px) 100vw, 1024px\" \/><\/p>\n<p>Toplant\u0131da ortak k\u00fclt\u00fcrel miras\u0131n korunmas\u0131, Zile&#8217;de yap\u0131lan Amfitiyatro ve Mozaik kaz\u0131lar\u0131nda \u0130talya ile i\u015fbirli\u011fi, Roma ve Zile Belediyelerinin karde\u015flik altyap\u0131lar\u0131n\u0131n olu\u015fturulmas\u0131 konular\u0131 g\u00f6r\u00fc\u015f\u00fcld\u00fc<\/p>\n<p>&nbsp;<\/p>\n<p>\u00c7ok samimi bir ortamda ge\u00e7en g\u00f6r\u00fc\u015fmelerde Zile Belediye Ba\u015fkan\u0131 \u015e\u00fckr\u00fc Sarg\u0131n B\u00fcy\u00fckel\u00e7i Giorgio Marrapodi&#8217;yi Zile&#8217;ye davet etti.<\/p>\n<p>&nbsp;<\/p>\n<p>Tokat Milletvekili Kadim Durmaz da Zile&#8217;deki k\u00fclt\u00fcrel miras\u0131n d\u00fcnyan\u0131n ortak miras\u0131 oldu\u011funu bu de\u011ferlerimizin UNESCO ortak miras kapsam\u0131na al\u0131nmas\u0131 i\u00e7in \u0130talya b\u00fcy\u00fckel\u00e7isinden destek istedi.<\/p>\n<p>&nbsp;<\/p>\n<p>Ankara B\u00fcy\u00fck\u015fehir Belediyesi K\u00fclt\u00fcr Varl\u0131klar\u0131 Daire Ba\u015fkan\u0131 Bekir \u00d6demi\u015f de Zile ile Ankara Belediyelerinin karde\u015f belediye oldu\u011funu bu karde\u015fli\u011fe Roma&#8217;n\u0131n da kat\u0131lmas\u0131n\u0131n \u00fclkeler aras\u0131ndaki i\u015fbirli\u011fini g\u00fc\u00e7lendirece\u011fini s\u00f6yledi.<\/p>\n","protected":false},"excerpt":{"rendered":"<p>ROMA \u0130LE KARDE\u015e \u015eEH\u0130R Ankara \u0130talya B\u00fcy\u00fckel\u00e7ili\u011fi&#8217;nde \u00f6nemli bir bulu\u015fma ger\u00e7ekle\u015fti. Anadolu&#8217;da Roma \u0130mparatorlu\u011funun \u00f6nemli tarihi olaylar\u0131n\u0131n ya\u015fand\u0131\u011f\u0131 Zile ile \u0130talya&#8217;n\u0131n ba\u015fkenti Roma&#8217;n\u0131n karde\u015f \u015fehir olmas\u0131 i\u00e7in g\u00f6r\u00fc\u015fmeler ba\u015flad\u0131. &nbsp; Ankara&#8217;da \u0130talya B\u00fcy\u00fckel\u00e7ili\u011fi&#8217;ndeki toplant\u0131ya, Tokat Milletvekili Kadim Durmaz, Zile Belediye Ba\u015fkan\u0131 \u015e\u00fckr\u00fc Sarg\u0131n, Ankara B\u00fcy\u00fck\u015fehir Belediyesi K\u00fclt\u00fcr Varl\u0131klar\u0131 Daire Ba\u015fkan\u0131 Bekir \u00d6demi\u015f \u0130talya K\u00fclt\u00fcr Ate\u015fesi [&hellip;]<\/p>\n","protected":false},"author":1,"featured_media":11768,"comment_status":"open","ping_status":"open","sticky":false,"template":"","format":"standard","meta":{"footnotes":""},"categories":[11],"tags":[],"class_list":["post-11767","post","type-post","status-publish","format-standard","has-post-thumbnail","hentry","category-haberler"],"_links":{"self":[{"href":"http:\/\/site.zile.bel.tr\/index.php\/wp-json\/wp\/v2\/posts\/11767","targetHints":{"allow":["GET"]}}],"collection":[{"href":"http:\/\/site.zile.bel.tr\/index.php\/wp-json\/wp\/v2\/posts"}],"about":[{"href":"http:\/\/site.zile.bel.tr\/index.php\/wp-json\/wp\/v2\/types\/post"}],"author":[{"embeddable":true,"href":"http:\/\/site.zile.bel.tr\/index.php\/wp-json\/wp\/v2\/users\/1"}],"replies":[{"embeddable":true,"href":"http:\/\/site.zile.bel.tr\/index.php\/wp-json\/wp\/v2\/comments?post=11767"}],"version-history":[{"count":4,"href":"http:\/\/site.zile.bel.tr\/index.php\/wp-json\/wp\/v2\/posts\/11767\/revisions"}],"predecessor-version":[{"id":11772,"href":"http:\/\/site.zile.bel.tr\/index.php\/wp-json\/wp\/v2\/posts\/11767\/revisions\/11772"}],"wp:featuredmedia":[{"embeddable":true,"href":"http:\/\/site.zile.bel.tr\/index.php\/wp-json\/wp\/v2\/media\/11768"}],"wp:attachment":[{"href":"http:\/\/site.zile.bel.tr\/index.php\/wp-json\/wp\/v2\/media?parent=11767"}],"wp:term":[{"taxonomy":"category","embeddable":true,"href":"http:\/\/site.zile.bel.tr\/index.php\/wp-json\/wp\/v2\/categories?post=11767"},{"taxonomy":"post_tag","embeddable":true,"href":"http:\/\/site.zile.bel.tr\/index.php\/wp-json\/wp\/v2\/tags?post=11767"}],"curies":[{"name":"wp","href":"https:\/\/api.w.org\/{rel}","templated":true}]}}