{"id":13074,"date":"2025-12-22T09:01:01","date_gmt":"2025-12-22T06:01:01","guid":{"rendered":"https:\/\/site.zile.bel.tr\/?p=13074"},"modified":"2025-12-22T09:01:49","modified_gmt":"2025-12-22T06:01:49","slug":"rahmet-ve-bereketin-aylari-uc-aylar","status":"publish","type":"post","link":"http:\/\/site.zile.bel.tr\/index.php\/2025\/12\/22\/rahmet-ve-bereketin-aylari-uc-aylar\/","title":{"rendered":"RAHMET VE BEREKET\u0130N AYLARI \u00dc\u00c7 AYLAR"},"content":{"rendered":"<div dir=\"auto\"><img loading=\"lazy\" decoding=\"async\" class=\"alignnone wp-image-13075 aligncenter\" src=\"http:\/\/site.zile.bel.tr\/wp-content\/uploads\/2025\/12\/600891956_900049565736127_5510128395353528843_n-240x300.jpg\" alt=\"\" width=\"800\" height=\"1000\" srcset=\"http:\/\/site.zile.bel.tr\/wp-content\/uploads\/2025\/12\/600891956_900049565736127_5510128395353528843_n-240x300.jpg 240w, http:\/\/site.zile.bel.tr\/wp-content\/uploads\/2025\/12\/600891956_900049565736127_5510128395353528843_n-819x1024.jpg 819w, http:\/\/site.zile.bel.tr\/wp-content\/uploads\/2025\/12\/600891956_900049565736127_5510128395353528843_n-768x960.jpg 768w, http:\/\/site.zile.bel.tr\/wp-content\/uploads\/2025\/12\/600891956_900049565736127_5510128395353528843_n-1229x1536.jpg 1229w, http:\/\/site.zile.bel.tr\/wp-content\/uploads\/2025\/12\/600891956_900049565736127_5510128395353528843_n.jpg 1280w\" sizes=\"auto, (max-width: 800px) 100vw, 800px\" \/><\/div>\n<div dir=\"auto\" style=\"text-align: center;\">Aziz hem\u015fehrilerim,<\/div>\n<div dir=\"auto\" style=\"text-align: center;\">Rahmet, bereket ve ma\u011ffiret iklimine ad\u0131m att\u0131\u011f\u0131m\u0131z m\u00fcbarek \u00dc\u00e7 Aylar\u0131n; g\u00f6n\u00fcllerimize huzur, hanelerimize bereket, \u015fehrimize birlik ve karde\u015flik getirmesini temenni ediyorum. Bu m\u00fcstesna zaman diliminde k\u0131rg\u0131nl\u0131klar\u0131n geride b\u0131rak\u0131ld\u0131\u011f\u0131, payla\u015fman\u0131n ve dayan\u0131\u015fman\u0131n \u00e7o\u011fald\u0131\u011f\u0131, dualar\u0131n kabul buldu\u011fu g\u00fcnlere eri\u015fmeyi diliyorum.<\/div>\n<div dir=\"auto\" style=\"text-align: center;\"><\/div>\n<div dir=\"auto\" style=\"text-align: center;\">\u015e\u00fckr\u00fc SARGIN<\/div>\n<div dir=\"auto\" style=\"text-align: center;\">Zile Belediye Ba\u015fkan\u0131<\/div>\n<div dir=\"auto\" style=\"text-align: center;\"><\/div>\n","protected":false},"excerpt":{"rendered":"<p>Aziz hem\u015fehrilerim, Rahmet, bereket ve ma\u011ffiret iklimine ad\u0131m att\u0131\u011f\u0131m\u0131z m\u00fcbarek \u00dc\u00e7 Aylar\u0131n; g\u00f6n\u00fcllerimize huzur, hanelerimize bereket, \u015fehrimize birlik ve karde\u015flik getirmesini temenni ediyorum. Bu m\u00fcstesna zaman diliminde k\u0131rg\u0131nl\u0131klar\u0131n geride b\u0131rak\u0131ld\u0131\u011f\u0131, payla\u015fman\u0131n ve dayan\u0131\u015fman\u0131n \u00e7o\u011fald\u0131\u011f\u0131, dualar\u0131n kabul buldu\u011fu g\u00fcnlere eri\u015fmeyi diliyorum. \u015e\u00fckr\u00fc SARGIN Zile Belediye Ba\u015fkan\u0131<\/p>\n","protected":false},"author":1,"featured_media":13075,"comment_status":"open","ping_status":"open","sticky":false,"template":"","format":"standard","meta":{"footnotes":""},"categories":[11],"tags":[],"class_list":["post-13074","post","type-post","status-publish","format-standard","has-post-thumbnail","hentry","category-haberler"],"_links":{"self":[{"href":"http:\/\/site.zile.bel.tr\/index.php\/wp-json\/wp\/v2\/posts\/13074","targetHints":{"allow":["GET"]}}],"collection":[{"href":"http:\/\/site.zile.bel.tr\/index.php\/wp-json\/wp\/v2\/posts"}],"about":[{"href":"http:\/\/site.zile.bel.tr\/index.php\/wp-json\/wp\/v2\/types\/post"}],"author":[{"embeddable":true,"href":"http:\/\/site.zile.bel.tr\/index.php\/wp-json\/wp\/v2\/users\/1"}],"replies":[{"embeddable":true,"href":"http:\/\/site.zile.bel.tr\/index.php\/wp-json\/wp\/v2\/comments?post=13074"}],"version-history":[{"count":2,"href":"http:\/\/site.zile.bel.tr\/index.php\/wp-json\/wp\/v2\/posts\/13074\/revisions"}],"predecessor-version":[{"id":13077,"href":"http:\/\/site.zile.bel.tr\/index.php\/wp-json\/wp\/v2\/posts\/13074\/revisions\/13077"}],"wp:featuredmedia":[{"embeddable":true,"href":"http:\/\/site.zile.bel.tr\/index.php\/wp-json\/wp\/v2\/media\/13075"}],"wp:attachment":[{"href":"http:\/\/site.zile.bel.tr\/index.php\/wp-json\/wp\/v2\/media?parent=13074"}],"wp:term":[{"taxonomy":"category","embeddable":true,"href":"http:\/\/site.zile.bel.tr\/index.php\/wp-json\/wp\/v2\/categories?post=13074"},{"taxonomy":"post_tag","embeddable":true,"href":"http:\/\/site.zile.bel.tr\/index.php\/wp-json\/wp\/v2\/tags?post=13074"}],"curies":[{"name":"wp","href":"https:\/\/api.w.org\/{rel}","templated":true}]}}