{"id":13112,"date":"2025-12-25T16:29:00","date_gmt":"2025-12-25T13:29:00","guid":{"rendered":"https:\/\/site.zile.bel.tr\/?p=13112"},"modified":"2025-12-25T16:29:00","modified_gmt":"2025-12-25T13:29:00","slug":"regaip-kandilimiz-mubarek-olsun-3","status":"publish","type":"post","link":"http:\/\/site.zile.bel.tr\/index.php\/2025\/12\/25\/regaip-kandilimiz-mubarek-olsun-3\/","title":{"rendered":"Regaip Kandilimiz M\u00fcbarek Olsun"},"content":{"rendered":"<p><img loading=\"lazy\" decoding=\"async\" class=\"alignnone wp-image-13113 aligncenter\" src=\"http:\/\/site.zile.bel.tr\/wp-content\/uploads\/2025\/12\/604513863_902478685493215_1306968375965357412_n-300x200.jpg\" alt=\"\" width=\"800\" height=\"533\" srcset=\"http:\/\/site.zile.bel.tr\/wp-content\/uploads\/2025\/12\/604513863_902478685493215_1306968375965357412_n-300x200.jpg 300w, http:\/\/site.zile.bel.tr\/wp-content\/uploads\/2025\/12\/604513863_902478685493215_1306968375965357412_n-1024x683.jpg 1024w, http:\/\/site.zile.bel.tr\/wp-content\/uploads\/2025\/12\/604513863_902478685493215_1306968375965357412_n-768x512.jpg 768w, http:\/\/site.zile.bel.tr\/wp-content\/uploads\/2025\/12\/604513863_902478685493215_1306968375965357412_n-1536x1024.jpg 1536w, http:\/\/site.zile.bel.tr\/wp-content\/uploads\/2025\/12\/604513863_902478685493215_1306968375965357412_n.jpg 2048w\" sizes=\"auto, (max-width: 800px) 100vw, 800px\" \/><\/p>\n<p style=\"text-align: center;\">Regaip Kandilimiz M\u00fcbarek Olsun<br class=\"html-br\" \/><br class=\"html-br\" \/>Regaip Kandili\u2019nin; \u015fehrimize, \u00fclkemize ve t\u00fcm \u0130slam \u00e2lemine hay\u0131rlar getirmesini temenni ediyorum. Bu m\u00fcbarek gecenin birlik ve beraberli\u011fimizi g\u00fc\u00e7lendirmesini dilerim.<br class=\"html-br\" \/><br class=\"html-br\" \/>\u015e\u00fckr\u00fc SARGIN<br class=\"html-br\" \/>Zile Belediye Ba\u015fkan\u0131<\/p>\n","protected":false},"excerpt":{"rendered":"<p>Regaip Kandilimiz M\u00fcbarek OlsunRegaip Kandili\u2019nin; \u015fehrimize, \u00fclkemize ve t\u00fcm \u0130slam \u00e2lemine hay\u0131rlar getirmesini temenni ediyorum. Bu m\u00fcbarek gecenin birlik ve beraberli\u011fimizi g\u00fc\u00e7lendirmesini dilerim.\u015e\u00fckr\u00fc SARGINZile Belediye Ba\u015fkan\u0131<\/p>\n","protected":false},"author":1,"featured_media":13113,"comment_status":"open","ping_status":"open","sticky":false,"template":"","format":"standard","meta":{"footnotes":""},"categories":[11],"tags":[],"class_list":["post-13112","post","type-post","status-publish","format-standard","has-post-thumbnail","hentry","category-haberler"],"_links":{"self":[{"href":"http:\/\/site.zile.bel.tr\/index.php\/wp-json\/wp\/v2\/posts\/13112","targetHints":{"allow":["GET"]}}],"collection":[{"href":"http:\/\/site.zile.bel.tr\/index.php\/wp-json\/wp\/v2\/posts"}],"about":[{"href":"http:\/\/site.zile.bel.tr\/index.php\/wp-json\/wp\/v2\/types\/post"}],"author":[{"embeddable":true,"href":"http:\/\/site.zile.bel.tr\/index.php\/wp-json\/wp\/v2\/users\/1"}],"replies":[{"embeddable":true,"href":"http:\/\/site.zile.bel.tr\/index.php\/wp-json\/wp\/v2\/comments?post=13112"}],"version-history":[{"count":1,"href":"http:\/\/site.zile.bel.tr\/index.php\/wp-json\/wp\/v2\/posts\/13112\/revisions"}],"predecessor-version":[{"id":13114,"href":"http:\/\/site.zile.bel.tr\/index.php\/wp-json\/wp\/v2\/posts\/13112\/revisions\/13114"}],"wp:featuredmedia":[{"embeddable":true,"href":"http:\/\/site.zile.bel.tr\/index.php\/wp-json\/wp\/v2\/media\/13113"}],"wp:attachment":[{"href":"http:\/\/site.zile.bel.tr\/index.php\/wp-json\/wp\/v2\/media?parent=13112"}],"wp:term":[{"taxonomy":"category","embeddable":true,"href":"http:\/\/site.zile.bel.tr\/index.php\/wp-json\/wp\/v2\/categories?post=13112"},{"taxonomy":"post_tag","embeddable":true,"href":"http:\/\/site.zile.bel.tr\/index.php\/wp-json\/wp\/v2\/tags?post=13112"}],"curies":[{"name":"wp","href":"https:\/\/api.w.org\/{rel}","templated":true}]}}