{"id":13314,"date":"2026-01-16T11:24:28","date_gmt":"2026-01-16T08:24:28","guid":{"rendered":"https:\/\/site.zile.bel.tr\/?p=13314"},"modified":"2026-04-07T15:25:34","modified_gmt":"2026-04-07T12:25:34","slug":"2026-2027-donemi-kadrolu-iscileri-kapsayan-toplu-is-sozlesmesi-imzalandi","status":"publish","type":"post","link":"http:\/\/site.zile.bel.tr\/index.php\/2026\/01\/16\/2026-2027-donemi-kadrolu-iscileri-kapsayan-toplu-is-sozlesmesi-imzalandi\/","title":{"rendered":"2026\u20132027 D\u00f6nemi Kadrolu \u0130\u015f\u00e7ileri Kapsayan Toplu \u0130\u015f S\u00f6zle\u015fmesi \u0130mzaland\u0131"},"content":{"rendered":"<div class=\"xdj266r x14z9mp xat24cr x1lziwak x1vvkbs x126k92a\">\n<div dir=\"auto\" style=\"text-align: center;\">2026\u20132027 D\u00f6nemi Kadrolu \u0130\u015f\u00e7ileri Kapsayan Toplu \u0130\u015f S\u00f6zle\u015fmesi \u0130mzaland\u0131<\/div>\n<div dir=\"auto\" style=\"text-align: center;\"><img loading=\"lazy\" decoding=\"async\" class=\"alignnone size-large wp-image-14179\" src=\"http:\/\/site.zile.bel.tr\/wp-content\/uploads\/2026\/01\/615416086_917849180622832_803919246258765045_n-1024x768.jpg\" alt=\"\" width=\"1024\" height=\"768\" srcset=\"http:\/\/site.zile.bel.tr\/wp-content\/uploads\/2026\/01\/615416086_917849180622832_803919246258765045_n-1024x768.jpg 1024w, http:\/\/site.zile.bel.tr\/wp-content\/uploads\/2026\/01\/615416086_917849180622832_803919246258765045_n-300x225.jpg 300w, http:\/\/site.zile.bel.tr\/wp-content\/uploads\/2026\/01\/615416086_917849180622832_803919246258765045_n-768x576.jpg 768w, http:\/\/site.zile.bel.tr\/wp-content\/uploads\/2026\/01\/615416086_917849180622832_803919246258765045_n-1536x1152.jpg 1536w, http:\/\/site.zile.bel.tr\/wp-content\/uploads\/2026\/01\/615416086_917849180622832_803919246258765045_n.jpg 2048w\" sizes=\"auto, (max-width: 1024px) 100vw, 1024px\" \/><\/div>\n<\/div>\n<div class=\"x14z9mp xat24cr x1lziwak x1vvkbs xtlvy1s x126k92a\" style=\"text-align: center;\">\n<div dir=\"auto\">Zile Belediyesi b\u00fcnyesinde g\u00f6rev yapan kadrolu i\u015f\u00e7ileri kapsayan 2026\u20132027 y\u0131l\u0131 Toplu \u0130\u015f S\u00f6zle\u015fmesi imzaland\u0131. \u0130mzalanan s\u00f6zle\u015fme ile \u00e7al\u0131\u015fanlar\u0131n sosyal ve ekonomik haklar\u0131nda iyile\u015ftirmeler sa\u011fland\u0131.<\/div>\n<div dir=\"auto\"><img loading=\"lazy\" decoding=\"async\" class=\"alignnone size-large wp-image-14178\" src=\"http:\/\/site.zile.bel.tr\/wp-content\/uploads\/2026\/01\/615708423_917849227289494_3797550457500269212_n-1024x768.jpg\" alt=\"\" width=\"1024\" height=\"768\" srcset=\"http:\/\/site.zile.bel.tr\/wp-content\/uploads\/2026\/01\/615708423_917849227289494_3797550457500269212_n-1024x768.jpg 1024w, http:\/\/site.zile.bel.tr\/wp-content\/uploads\/2026\/01\/615708423_917849227289494_3797550457500269212_n-300x225.jpg 300w, http:\/\/site.zile.bel.tr\/wp-content\/uploads\/2026\/01\/615708423_917849227289494_3797550457500269212_n-768x576.jpg 768w, http:\/\/site.zile.bel.tr\/wp-content\/uploads\/2026\/01\/615708423_917849227289494_3797550457500269212_n-1536x1152.jpg 1536w, http:\/\/site.zile.bel.tr\/wp-content\/uploads\/2026\/01\/615708423_917849227289494_3797550457500269212_n.jpg 2048w\" sizes=\"auto, (max-width: 1024px) 100vw, 1024px\" \/><\/div>\n<\/div>\n<div class=\"x14z9mp xat24cr x1lziwak x1vvkbs xtlvy1s x126k92a\" style=\"text-align: center;\">\n<div dir=\"auto\">Zile Belediye Ba\u015fkan\u0131 \u015e\u00fckr\u00fc Sarg\u0131n, imza s\u00fcrecinin tamamlanmas\u0131n\u0131n ard\u0131ndan yapt\u0131\u011f\u0131 de\u011ferlendirmede, s\u00f6zle\u015fmenin t\u00fcm \u00e7al\u0131\u015fanlara hay\u0131rl\u0131 olmas\u0131n\u0131 dileyerek; eme\u011fin, al\u0131n terinin ve \u00e7al\u0131\u015fan huzurunun her zaman \u00f6ncelikleri oldu\u011funu ifade etti. Ba\u015fkan Sarg\u0131n, belediye hizmetlerinin daha g\u00fc\u00e7l\u00fc ve verimli \u015fekilde s\u00fcrd\u00fcr\u00fclebilmesi i\u00e7in \u00e7al\u0131\u015fan memnuniyetinin b\u00fcy\u00fck \u00f6nem ta\u015f\u0131d\u0131\u011f\u0131n\u0131 vurgulad\u0131.<\/div>\n<div dir=\"auto\">\n\n\t\t<style type=\"text\/css\">\n\t\t\t#gallery-1 {\n\t\t\t\tmargin: auto;\n\t\t\t}\n\t\t\t#gallery-1 .gallery-item {\n\t\t\t\tfloat: left;\n\t\t\t\tmargin-top: 10px;\n\t\t\t\ttext-align: center;\n\t\t\t\twidth: 33%;\n\t\t\t}\n\t\t\t#gallery-1 img {\n\t\t\t\tborder: 2px solid #cfcfcf;\n\t\t\t}\n\t\t\t#gallery-1 .gallery-caption {\n\t\t\t\tmargin-left: 0;\n\t\t\t}\n\t\t\t\/* see gallery_shortcode() in wp-includes\/media.php *\/\n\t\t<\/style>\n\t\t<div id='gallery-1' class='gallery galleryid-13314 gallery-columns-3 gallery-size-thumbnail'><dl class='gallery-item'>\n\t\t\t<dt class='gallery-icon landscape'>\n\t\t\t\t<a href='http:\/\/site.zile.bel.tr\/index.php\/2026\/01\/16\/2026-2027-donemi-kadrolu-iscileri-kapsayan-toplu-is-sozlesmesi-imzalandi\/615416086_917849180622832_803919246258765045_n-2\/'><img loading=\"lazy\" decoding=\"async\" width=\"150\" height=\"150\" src=\"http:\/\/site.zile.bel.tr\/wp-content\/uploads\/2026\/01\/615416086_917849180622832_803919246258765045_n-150x150.jpg\" class=\"attachment-thumbnail size-thumbnail\" alt=\"\" \/><\/a>\n\t\t\t<\/dt><\/dl><dl class='gallery-item'>\n\t\t\t<dt class='gallery-icon landscape'>\n\t\t\t\t<a href='http:\/\/site.zile.bel.tr\/index.php\/2026\/01\/16\/2026-2027-donemi-kadrolu-iscileri-kapsayan-toplu-is-sozlesmesi-imzalandi\/615708423_917849227289494_3797550457500269212_n-2\/'><img loading=\"lazy\" decoding=\"async\" width=\"150\" height=\"150\" src=\"http:\/\/site.zile.bel.tr\/wp-content\/uploads\/2026\/01\/615708423_917849227289494_3797550457500269212_n-150x150.jpg\" class=\"attachment-thumbnail size-thumbnail\" alt=\"\" \/><\/a>\n\t\t\t<\/dt><\/dl>\n\t\t\t<br style='clear: both' \/>\n\t\t<\/div>\n\n<\/div>\n<\/div>\n","protected":false},"excerpt":{"rendered":"<p>2026\u20132027 D\u00f6nemi Kadrolu \u0130\u015f\u00e7ileri Kapsayan Toplu \u0130\u015f S\u00f6zle\u015fmesi \u0130mzaland\u0131 Zile Belediyesi b\u00fcnyesinde g\u00f6rev yapan kadrolu i\u015f\u00e7ileri kapsayan 2026\u20132027 y\u0131l\u0131 Toplu \u0130\u015f S\u00f6zle\u015fmesi imzaland\u0131. \u0130mzalanan s\u00f6zle\u015fme ile \u00e7al\u0131\u015fanlar\u0131n sosyal ve ekonomik haklar\u0131nda iyile\u015ftirmeler sa\u011fland\u0131. Zile Belediye Ba\u015fkan\u0131 \u015e\u00fckr\u00fc Sarg\u0131n, imza s\u00fcrecinin tamamlanmas\u0131n\u0131n ard\u0131ndan yapt\u0131\u011f\u0131 de\u011ferlendirmede, s\u00f6zle\u015fmenin t\u00fcm \u00e7al\u0131\u015fanlara hay\u0131rl\u0131 olmas\u0131n\u0131 dileyerek; eme\u011fin, al\u0131n terinin ve \u00e7al\u0131\u015fan [&hellip;]<\/p>\n","protected":false},"author":1,"featured_media":14179,"comment_status":"open","ping_status":"open","sticky":false,"template":"","format":"standard","meta":{"footnotes":""},"categories":[11],"tags":[],"class_list":["post-13314","post","type-post","status-publish","format-standard","has-post-thumbnail","hentry","category-haberler"],"_links":{"self":[{"href":"http:\/\/site.zile.bel.tr\/index.php\/wp-json\/wp\/v2\/posts\/13314","targetHints":{"allow":["GET"]}}],"collection":[{"href":"http:\/\/site.zile.bel.tr\/index.php\/wp-json\/wp\/v2\/posts"}],"about":[{"href":"http:\/\/site.zile.bel.tr\/index.php\/wp-json\/wp\/v2\/types\/post"}],"author":[{"embeddable":true,"href":"http:\/\/site.zile.bel.tr\/index.php\/wp-json\/wp\/v2\/users\/1"}],"replies":[{"embeddable":true,"href":"http:\/\/site.zile.bel.tr\/index.php\/wp-json\/wp\/v2\/comments?post=13314"}],"version-history":[{"count":3,"href":"http:\/\/site.zile.bel.tr\/index.php\/wp-json\/wp\/v2\/posts\/13314\/revisions"}],"predecessor-version":[{"id":14181,"href":"http:\/\/site.zile.bel.tr\/index.php\/wp-json\/wp\/v2\/posts\/13314\/revisions\/14181"}],"wp:featuredmedia":[{"embeddable":true,"href":"http:\/\/site.zile.bel.tr\/index.php\/wp-json\/wp\/v2\/media\/14179"}],"wp:attachment":[{"href":"http:\/\/site.zile.bel.tr\/index.php\/wp-json\/wp\/v2\/media?parent=13314"}],"wp:term":[{"taxonomy":"category","embeddable":true,"href":"http:\/\/site.zile.bel.tr\/index.php\/wp-json\/wp\/v2\/categories?post=13314"},{"taxonomy":"post_tag","embeddable":true,"href":"http:\/\/site.zile.bel.tr\/index.php\/wp-json\/wp\/v2\/tags?post=13314"}],"curies":[{"name":"wp","href":"https:\/\/api.w.org\/{rel}","templated":true}]}}