{"id":13420,"date":"2026-01-21T16:10:22","date_gmt":"2026-01-21T13:10:22","guid":{"rendered":"https:\/\/site.zile.bel.tr\/?p=13420"},"modified":"2026-01-28T14:57:58","modified_gmt":"2026-01-28T11:57:58","slug":"baskan-sargindan-zile-gibi-tepki","status":"publish","type":"post","link":"http:\/\/site.zile.bel.tr\/index.php\/2026\/01\/21\/baskan-sargindan-zile-gibi-tepki\/","title":{"rendered":"Ba\u015fkan Sarg\u0131n&#8217;dan Z\u0130LE Gibi Tepki"},"content":{"rendered":"<div class=\"xdj266r x14z9mp xat24cr x1lziwak x1vvkbs x126k92a\">\n<div dir=\"auto\" style=\"text-align: center;\">Ba\u015fkan Sarg\u0131n&#8217;dan Z\u0130LE Gibi Tepki<\/div>\n<div dir=\"auto\" style=\"text-align: center;\"><img loading=\"lazy\" decoding=\"async\" class=\"alignnone wp-image-13422\" src=\"http:\/\/site.zile.bel.tr\/wp-content\/uploads\/2026\/01\/IMGL3742-300x200.jpg\" alt=\"\" width=\"800\" height=\"533\" srcset=\"http:\/\/site.zile.bel.tr\/wp-content\/uploads\/2026\/01\/IMGL3742-300x200.jpg 300w, http:\/\/site.zile.bel.tr\/wp-content\/uploads\/2026\/01\/IMGL3742-1024x683.jpg 1024w, http:\/\/site.zile.bel.tr\/wp-content\/uploads\/2026\/01\/IMGL3742-768x512.jpg 768w, http:\/\/site.zile.bel.tr\/wp-content\/uploads\/2026\/01\/IMGL3742.jpg 1200w\" sizes=\"auto, (max-width: 800px) 100vw, 800px\" \/><\/div>\n<div dir=\"auto\" style=\"text-align: center;\"><\/div>\n<p style=\"text-align: center;\"><iframe loading=\"lazy\" title=\"YouTube video player\" src=\"https:\/\/www.youtube.com\/embed\/nwQcyexFxZ8?si=QyVT7xag6_QfyNda\" width=\"800\" height=\"400\" frameborder=\"0\" allowfullscreen=\"allowfullscreen\"><\/iframe><\/p>\n<\/div>\n<div class=\"x14z9mp xat24cr x1lziwak x1vvkbs xtlvy1s x126k92a\" style=\"text-align: center;\">\n<div dir=\"auto\">Nusaybin\u2013Kam\u0131\u015fl\u0131 s\u0131n\u0131r hatt\u0131nda \u015fanl\u0131 T\u00fcrk bayra\u011f\u0131m\u0131za y\u00f6nelik ger\u00e7ekle\u015ftirilen provokatif sald\u0131r\u0131n\u0131n ard\u0131ndan, Zile Belediye Ba\u015fkan\u0131 \u015e\u00fckr\u00fc Sarg\u0131n\u2019dan g\u00fc\u00e7l\u00fc ve anlaml\u0131 bir duru\u015f geldi.<\/div>\n<div dir=\"auto\"><img loading=\"lazy\" decoding=\"async\" class=\"alignnone wp-image-13426\" src=\"http:\/\/site.zile.bel.tr\/wp-content\/uploads\/2026\/01\/IMGL3754-300x200.jpg\" alt=\"\" width=\"800\" height=\"533\" srcset=\"http:\/\/site.zile.bel.tr\/wp-content\/uploads\/2026\/01\/IMGL3754-300x200.jpg 300w, http:\/\/site.zile.bel.tr\/wp-content\/uploads\/2026\/01\/IMGL3754-1024x683.jpg 1024w, http:\/\/site.zile.bel.tr\/wp-content\/uploads\/2026\/01\/IMGL3754-768x512.jpg 768w, http:\/\/site.zile.bel.tr\/wp-content\/uploads\/2026\/01\/IMGL3754.jpg 1200w\" sizes=\"auto, (max-width: 800px) 100vw, 800px\" \/><\/div>\n<\/div>\n<div class=\"x14z9mp xat24cr x1lziwak x1vvkbs xtlvy1s x126k92a\" style=\"text-align: center;\">\n<div dir=\"auto\">Ba\u015fkan Sarg\u0131n\u2019\u0131n talimat\u0131yla Zile Belediyesi hizmet binas\u0131n\u0131n \u00fczerine T\u00fcrk bayra\u011f\u0131 as\u0131ld\u0131. Yap\u0131lan bu uygulama, ay y\u0131ld\u0131zl\u0131 bayra\u011f\u0131m\u0131za uzanan her t\u00fcrl\u00fc sald\u0131r\u0131ya kar\u015f\u0131 Zile\u2019nin kararl\u0131 duru\u015funu ve milletimizin ortak de\u011ferlerine olan ba\u011fl\u0131l\u0131\u011f\u0131n\u0131 bir kez daha ortaya koydu.<\/div>\n<p><iframe loading=\"lazy\" title=\"YouTube video player\" src=\"https:\/\/www.youtube.com\/embed\/nwQcyexFxZ8?si=QyVT7xag6_QfyNda\" width=\"800\" height=\"400\" frameborder=\"0\" allowfullscreen=\"allowfullscreen\"><\/iframe><\/p>\n<div dir=\"auto\"><img loading=\"lazy\" decoding=\"async\" class=\"alignnone wp-image-13425\" src=\"http:\/\/site.zile.bel.tr\/wp-content\/uploads\/2026\/01\/IMGL3752-300x200.jpg\" alt=\"\" width=\"800\" height=\"533\" srcset=\"http:\/\/site.zile.bel.tr\/wp-content\/uploads\/2026\/01\/IMGL3752-300x200.jpg 300w, http:\/\/site.zile.bel.tr\/wp-content\/uploads\/2026\/01\/IMGL3752-1024x683.jpg 1024w, http:\/\/site.zile.bel.tr\/wp-content\/uploads\/2026\/01\/IMGL3752-768x512.jpg 768w, http:\/\/site.zile.bel.tr\/wp-content\/uploads\/2026\/01\/IMGL3752.jpg 1200w\" sizes=\"auto, (max-width: 800px) 100vw, 800px\" \/><\/div>\n<\/div>\n<div class=\"x14z9mp xat24cr x1lziwak x1vvkbs xtlvy1s x126k92a\" style=\"text-align: center;\">\n<div dir=\"auto\">Zile Belediyesi, her ko\u015fulda devletinin ve milletinin yan\u0131nda olmaya, \u015fanl\u0131 bayra\u011f\u0131m\u0131za sahip \u00e7\u0131kmaya devam edecektir.<\/div>\n<div dir=\"auto\">\n\n\t\t<style type=\"text\/css\">\n\t\t\t#gallery-1 {\n\t\t\t\tmargin: auto;\n\t\t\t}\n\t\t\t#gallery-1 .gallery-item {\n\t\t\t\tfloat: left;\n\t\t\t\tmargin-top: 10px;\n\t\t\t\ttext-align: center;\n\t\t\t\twidth: 33%;\n\t\t\t}\n\t\t\t#gallery-1 img {\n\t\t\t\tborder: 2px solid #cfcfcf;\n\t\t\t}\n\t\t\t#gallery-1 .gallery-caption {\n\t\t\t\tmargin-left: 0;\n\t\t\t}\n\t\t\t\/* see gallery_shortcode() in wp-includes\/media.php *\/\n\t\t<\/style>\n\t\t<div id='gallery-1' class='gallery galleryid-13420 gallery-columns-3 gallery-size-thumbnail'><dl class='gallery-item'>\n\t\t\t<dt class='gallery-icon landscape'>\n\t\t\t\t<a href='http:\/\/site.zile.bel.tr\/wp-content\/uploads\/2026\/01\/IMGL3742.jpg'><img loading=\"lazy\" decoding=\"async\" width=\"150\" height=\"150\" src=\"http:\/\/site.zile.bel.tr\/wp-content\/uploads\/2026\/01\/IMGL3742-150x150.jpg\" class=\"attachment-thumbnail size-thumbnail\" alt=\"\" \/><\/a>\n\t\t\t<\/dt><\/dl><dl class='gallery-item'>\n\t\t\t<dt class='gallery-icon landscape'>\n\t\t\t\t<a href='http:\/\/site.zile.bel.tr\/wp-content\/uploads\/2026\/01\/IMGL3744.jpg'><img loading=\"lazy\" decoding=\"async\" width=\"150\" height=\"150\" src=\"http:\/\/site.zile.bel.tr\/wp-content\/uploads\/2026\/01\/IMGL3744-150x150.jpg\" class=\"attachment-thumbnail size-thumbnail\" alt=\"\" \/><\/a>\n\t\t\t<\/dt><\/dl><dl class='gallery-item'>\n\t\t\t<dt class='gallery-icon landscape'>\n\t\t\t\t<a href='http:\/\/site.zile.bel.tr\/wp-content\/uploads\/2026\/01\/IMGL3745.jpg'><img loading=\"lazy\" decoding=\"async\" width=\"150\" height=\"150\" src=\"http:\/\/site.zile.bel.tr\/wp-content\/uploads\/2026\/01\/IMGL3745-150x150.jpg\" class=\"attachment-thumbnail size-thumbnail\" alt=\"\" \/><\/a>\n\t\t\t<\/dt><\/dl><br style=\"clear: both\" \/><dl class='gallery-item'>\n\t\t\t<dt class='gallery-icon landscape'>\n\t\t\t\t<a href='http:\/\/site.zile.bel.tr\/wp-content\/uploads\/2026\/01\/IMGL3752.jpg'><img loading=\"lazy\" decoding=\"async\" width=\"150\" height=\"150\" src=\"http:\/\/site.zile.bel.tr\/wp-content\/uploads\/2026\/01\/IMGL3752-150x150.jpg\" class=\"attachment-thumbnail size-thumbnail\" alt=\"\" \/><\/a>\n\t\t\t<\/dt><\/dl><dl class='gallery-item'>\n\t\t\t<dt class='gallery-icon landscape'>\n\t\t\t\t<a href='http:\/\/site.zile.bel.tr\/wp-content\/uploads\/2026\/01\/IMGL3754.jpg'><img loading=\"lazy\" decoding=\"async\" width=\"150\" height=\"150\" src=\"http:\/\/site.zile.bel.tr\/wp-content\/uploads\/2026\/01\/IMGL3754-150x150.jpg\" class=\"attachment-thumbnail size-thumbnail\" alt=\"\" \/><\/a>\n\t\t\t<\/dt><\/dl>\n\t\t\t<br style='clear: both' \/>\n\t\t<\/div>\n\n<\/div>\n<\/div>\n","protected":false},"excerpt":{"rendered":"<p>Ba\u015fkan Sarg\u0131n&#8217;dan Z\u0130LE Gibi Tepki Nusaybin\u2013Kam\u0131\u015fl\u0131 s\u0131n\u0131r hatt\u0131nda \u015fanl\u0131 T\u00fcrk bayra\u011f\u0131m\u0131za y\u00f6nelik ger\u00e7ekle\u015ftirilen provokatif sald\u0131r\u0131n\u0131n ard\u0131ndan, Zile Belediye Ba\u015fkan\u0131 \u015e\u00fckr\u00fc Sarg\u0131n\u2019dan g\u00fc\u00e7l\u00fc ve anlaml\u0131 bir duru\u015f geldi. Ba\u015fkan Sarg\u0131n\u2019\u0131n talimat\u0131yla Zile Belediyesi hizmet binas\u0131n\u0131n \u00fczerine T\u00fcrk bayra\u011f\u0131 as\u0131ld\u0131. Yap\u0131lan bu uygulama, ay y\u0131ld\u0131zl\u0131 bayra\u011f\u0131m\u0131za uzanan her t\u00fcrl\u00fc sald\u0131r\u0131ya kar\u015f\u0131 Zile\u2019nin kararl\u0131 duru\u015funu ve milletimizin ortak [&hellip;]<\/p>\n","protected":false},"author":1,"featured_media":13422,"comment_status":"open","ping_status":"open","sticky":false,"template":"","format":"standard","meta":{"footnotes":""},"categories":[11],"tags":[],"class_list":["post-13420","post","type-post","status-publish","format-standard","has-post-thumbnail","hentry","category-haberler"],"_links":{"self":[{"href":"http:\/\/site.zile.bel.tr\/index.php\/wp-json\/wp\/v2\/posts\/13420","targetHints":{"allow":["GET"]}}],"collection":[{"href":"http:\/\/site.zile.bel.tr\/index.php\/wp-json\/wp\/v2\/posts"}],"about":[{"href":"http:\/\/site.zile.bel.tr\/index.php\/wp-json\/wp\/v2\/types\/post"}],"author":[{"embeddable":true,"href":"http:\/\/site.zile.bel.tr\/index.php\/wp-json\/wp\/v2\/users\/1"}],"replies":[{"embeddable":true,"href":"http:\/\/site.zile.bel.tr\/index.php\/wp-json\/wp\/v2\/comments?post=13420"}],"version-history":[{"count":4,"href":"http:\/\/site.zile.bel.tr\/index.php\/wp-json\/wp\/v2\/posts\/13420\/revisions"}],"predecessor-version":[{"id":13463,"href":"http:\/\/site.zile.bel.tr\/index.php\/wp-json\/wp\/v2\/posts\/13420\/revisions\/13463"}],"wp:featuredmedia":[{"embeddable":true,"href":"http:\/\/site.zile.bel.tr\/index.php\/wp-json\/wp\/v2\/media\/13422"}],"wp:attachment":[{"href":"http:\/\/site.zile.bel.tr\/index.php\/wp-json\/wp\/v2\/media?parent=13420"}],"wp:term":[{"taxonomy":"category","embeddable":true,"href":"http:\/\/site.zile.bel.tr\/index.php\/wp-json\/wp\/v2\/categories?post=13420"},{"taxonomy":"post_tag","embeddable":true,"href":"http:\/\/site.zile.bel.tr\/index.php\/wp-json\/wp\/v2\/tags?post=13420"}],"curies":[{"name":"wp","href":"https:\/\/api.w.org\/{rel}","templated":true}]}}