{"id":13429,"date":"2026-01-23T09:35:02","date_gmt":"2026-01-23T06:35:02","guid":{"rendered":"https:\/\/site.zile.bel.tr\/?p=13429"},"modified":"2026-01-28T14:55:42","modified_gmt":"2026-01-28T11:55:42","slug":"karla-mucadele-calismalariyla-yollar-acik","status":"publish","type":"post","link":"http:\/\/site.zile.bel.tr\/index.php\/2026\/01\/23\/karla-mucadele-calismalariyla-yollar-acik\/","title":{"rendered":"Karla M\u00fccadele \u00c7al\u0131\u015fmalar\u0131yla Yollar A\u00e7\u0131k"},"content":{"rendered":"<p style=\"text-align: center;\">Zile Belediyesi ekipleri, zorlu k\u0131\u015f \u015fartlar\u0131na ra\u011fmen vatanda\u015flar\u0131m\u0131z\u0131n g\u00fcvenli\u011fi ve ula\u015f\u0131m\u0131n aksamamas\u0131 i\u00e7in sahada, g\u00f6rev ba\u015f\u0131nda.<br \/>\nGece g\u00fcnd\u00fcz demeden s\u00fcrd\u00fcr\u00fclen karla m\u00fccadele \u00e7al\u0131\u015fmalar\u0131yla yollar a\u00e7\u0131k, hayat devam ediyor.<\/p>\n<p style=\"text-align: center;\">Emek veren t\u00fcm ekiplerimize te\u015fekk\u00fcr ediyoruz.<\/p>\n<p style=\"text-align: center;\"><iframe loading=\"lazy\" title=\"KARLA M\u00dcCADELE\" src=\"https:\/\/www.youtube.com\/embed\/XxL1mgXbSZs\" width=\"685\" height=\"1217\" frameborder=\"0\" allowfullscreen=\"allowfullscreen\"><\/iframe><\/p>\n<p><img loading=\"lazy\" decoding=\"async\" class=\"alignnone wp-image-13430 aligncenter\" src=\"http:\/\/site.zile.bel.tr\/wp-content\/uploads\/2026\/01\/WhatsApp-Image-2026-01-22-at-19.45.09-300x300.jpeg\" alt=\"\" width=\"800\" height=\"800\" srcset=\"http:\/\/site.zile.bel.tr\/wp-content\/uploads\/2026\/01\/WhatsApp-Image-2026-01-22-at-19.45.09-300x300.jpeg 300w, http:\/\/site.zile.bel.tr\/wp-content\/uploads\/2026\/01\/WhatsApp-Image-2026-01-22-at-19.45.09-1024x1024.jpeg 1024w, http:\/\/site.zile.bel.tr\/wp-content\/uploads\/2026\/01\/WhatsApp-Image-2026-01-22-at-19.45.09-150x150.jpeg 150w, http:\/\/site.zile.bel.tr\/wp-content\/uploads\/2026\/01\/WhatsApp-Image-2026-01-22-at-19.45.09-768x768.jpeg 768w, http:\/\/site.zile.bel.tr\/wp-content\/uploads\/2026\/01\/WhatsApp-Image-2026-01-22-at-19.45.09.jpeg 1536w\" sizes=\"auto, (max-width: 800px) 100vw, 800px\" \/><\/p>\n","protected":false},"excerpt":{"rendered":"<p>Zile Belediyesi ekipleri, zorlu k\u0131\u015f \u015fartlar\u0131na ra\u011fmen vatanda\u015flar\u0131m\u0131z\u0131n g\u00fcvenli\u011fi ve ula\u015f\u0131m\u0131n aksamamas\u0131 i\u00e7in sahada, g\u00f6rev ba\u015f\u0131nda. Gece g\u00fcnd\u00fcz demeden s\u00fcrd\u00fcr\u00fclen karla m\u00fccadele \u00e7al\u0131\u015fmalar\u0131yla yollar a\u00e7\u0131k, hayat devam ediyor. Emek veren t\u00fcm ekiplerimize te\u015fekk\u00fcr ediyoruz.<\/p>\n","protected":false},"author":1,"featured_media":13430,"comment_status":"open","ping_status":"open","sticky":false,"template":"","format":"standard","meta":{"footnotes":""},"categories":[11],"tags":[],"class_list":["post-13429","post","type-post","status-publish","format-standard","has-post-thumbnail","hentry","category-haberler"],"_links":{"self":[{"href":"http:\/\/site.zile.bel.tr\/index.php\/wp-json\/wp\/v2\/posts\/13429","targetHints":{"allow":["GET"]}}],"collection":[{"href":"http:\/\/site.zile.bel.tr\/index.php\/wp-json\/wp\/v2\/posts"}],"about":[{"href":"http:\/\/site.zile.bel.tr\/index.php\/wp-json\/wp\/v2\/types\/post"}],"author":[{"embeddable":true,"href":"http:\/\/site.zile.bel.tr\/index.php\/wp-json\/wp\/v2\/users\/1"}],"replies":[{"embeddable":true,"href":"http:\/\/site.zile.bel.tr\/index.php\/wp-json\/wp\/v2\/comments?post=13429"}],"version-history":[{"count":2,"href":"http:\/\/site.zile.bel.tr\/index.php\/wp-json\/wp\/v2\/posts\/13429\/revisions"}],"predecessor-version":[{"id":13461,"href":"http:\/\/site.zile.bel.tr\/index.php\/wp-json\/wp\/v2\/posts\/13429\/revisions\/13461"}],"wp:featuredmedia":[{"embeddable":true,"href":"http:\/\/site.zile.bel.tr\/index.php\/wp-json\/wp\/v2\/media\/13430"}],"wp:attachment":[{"href":"http:\/\/site.zile.bel.tr\/index.php\/wp-json\/wp\/v2\/media?parent=13429"}],"wp:term":[{"taxonomy":"category","embeddable":true,"href":"http:\/\/site.zile.bel.tr\/index.php\/wp-json\/wp\/v2\/categories?post=13429"},{"taxonomy":"post_tag","embeddable":true,"href":"http:\/\/site.zile.bel.tr\/index.php\/wp-json\/wp\/v2\/tags?post=13429"}],"curies":[{"name":"wp","href":"https:\/\/api.w.org\/{rel}","templated":true}]}}