{"id":14464,"date":"2026-04-23T13:32:01","date_gmt":"2026-04-23T10:32:01","guid":{"rendered":"https:\/\/site.zile.bel.tr\/?p=14464"},"modified":"2026-04-27T13:36:43","modified_gmt":"2026-04-27T10:36:43","slug":"23-nisanda-cocuklar-makamda-sehir-bayram-coskusunda","status":"publish","type":"post","link":"http:\/\/site.zile.bel.tr\/index.php\/2026\/04\/23\/23-nisanda-cocuklar-makamda-sehir-bayram-coskusunda\/","title":{"rendered":"23 Nisan\u2019da \u00c7ocuklar Makamda, \u015eehir Bayram Co\u015fkusunda"},"content":{"rendered":"<div class=\"xdj266r x14z9mp xat24cr x1lziwak x1vvkbs x126k92a\">\n<div dir=\"auto\" style=\"text-align: center;\">23 Nisan\u2019da \u00c7ocuklar Makamda, \u015eehir Bayram Co\u015fkusunda<br \/>\n<iframe loading=\"lazy\" title=\"YouTube video player\" src=\"https:\/\/www.youtube.com\/embed\/cU8Z53QB4v0\" width=\"315\" height=\"560\" frameborder=\"0\" allowfullscreen=\"allowfullscreen\"><\/iframe><\/div>\n<\/div>\n<div class=\"x14z9mp xat24cr x1lziwak x1vvkbs xtlvy1s x126k92a\" style=\"text-align: center;\">\n<div dir=\"auto\">23 Nisan Ulusal Egemenlik ve \u00c7ocuk Bayram\u0131 kapsam\u0131nda Atat\u00fcrk \u0130lkokulu \u00f6\u011frencisi O\u011fuz Korkmaz, \u00f6\u011fretmeni \u015eennaz Sar\u0131koca, M\u00fcd\u00fcr Yard\u0131mc\u0131s\u0131 Halim A\u011f\u0131rtop\u00e7u ve okul arkada\u015flar\u0131, Zile Belediye Ba\u015fkan\u0131 \u015e\u00fckr\u00fc Sarg\u0131n\u2019\u0131 makam\u0131nda ziyaret etti.<\/div>\n<\/div>\n<div class=\"x14z9mp xat24cr x1lziwak x1vvkbs xtlvy1s x126k92a\" style=\"text-align: center;\">\n<div dir=\"auto\">\n<p>Ba\u015fkan Sarg\u0131n, g\u00fcn\u00fcn anlam ve \u00f6nemine binaen O\u011fuz Korkmaz\u2019\u0131 temsili olarak ba\u015fkanl\u0131k makam\u0131na oturttu.<\/p>\n<\/div>\n<\/div>\n<div class=\"x14z9mp xat24cr x1lziwak x1vvkbs xtlvy1s x126k92a\" style=\"text-align: center;\">\n<div dir=\"auto\">Ayn\u0131 g\u00fcn, Atat\u00fcrk \u0130lkokulu ile \u015eehit \u00dcmit G\u00fcnel \u0130lkokulu ve Ortaokulu \u00f6\u011frencileri i\u00e7in hat\u0131ra foto\u011fraf\u0131 \u00e7ad\u0131r\u0131 kurularak patlam\u0131\u015f m\u0131s\u0131r ve pamuk \u015feker ikram\u0131nda bulunuldu. Ba\u015fkan Sarg\u0131n da \u00f6\u011frencileri ziyaret ederek bayram co\u015fkusuna ortak oldu.<\/div>\n<\/div>\n<div class=\"x14z9mp xat24cr x1lziwak x1vvkbs xtlvy1s x126k92a\" style=\"text-align: center;\">\n<div dir=\"auto\">\n<p>Kutlamalar kapsam\u0131nda sentetik sahada d\u00fczenlenen resmi t\u00f6rende ise Kaymakam, kurum amirleri ve vatanda\u015flarla bir araya gelindi.<\/p>\n<\/div>\n<\/div>\n<div class=\"x14z9mp xat24cr x1lziwak x1vvkbs xtlvy1s x126k92a\" style=\"text-align: center;\">\n<div dir=\"auto\">\n<p>Ba\u015fkan \u015e\u00fckr\u00fc Sarg\u0131n, \u201cUlusun egemenli\u011finin kay\u0131ts\u0131z \u015farts\u0131z millete ait oldu\u011funu simgeleyen bu anlaml\u0131 g\u00fcnde, \u00e7ocuklar\u0131m\u0131z\u0131n y\u00fcz\u00fcndeki mutluluk en b\u00fcy\u00fck g\u00fcc\u00fcm\u00fczd\u00fcr. T\u00fcm \u00e7ocuklar\u0131m\u0131z\u0131n 23 Nisan Ulusal Egemenlik ve \u00c7ocuk Bayram\u0131\u2019n\u0131 kutluyorum.\u201d dedi.<\/p>\n<\/div>\n<\/div>\n<div class=\"x14z9mp xat24cr x1lziwak x1vvkbs xtlvy1s x126k92a\">\n<div dir=\"auto\" style=\"text-align: center;\"><span class=\"html-span xdj266r x14z9mp xat24cr x1lziwak xexx8yu xyri2b x18d9i69 x1c1uobl x1hl2dhg x16tdsg8 x1vvkbs\"><a class=\"x1i10hfl xjbqb8w x1ejq31n x18oe1m7 x1sy0etr xstzfhl x972fbf x10w94by x1qhh985 x14e42zd x9f619 x1ypdohk xt0psk2 x3ct3a4 xdj266r x14z9mp xat24cr x1lziwak xexx8yu xyri2b x18d9i69 x1c1uobl x16tdsg8 x1hl2dhg xggy1nq x1a2a7pz xkrqix3 x1sur9pj x1fey0fg x1s688f\" tabindex=\"0\" role=\"link\" href=\"https:\/\/www.facebook.com\/watch\/hashtag\/23nisan\/?__cft__[0]=AZY_hJvAajmqpJ0QYnTLNxUi08jl5Fq2SjBGYDerDsfWDmQG4oPTBLavJKKK6ZGZdlusUGBSY0tTbJDYNojreHZb_ZgaaYwDpExTSfQauZzS8Yw__1q7KhP5mNiWQ-7SSbyIcXDzFR0B1aLH53ZQkEYyYuCPrDBJNTM6rp1ErC4l2bipe1WgUTIqioOP5Y22rYr14i7xHJr1A0J7e68bRNws&amp;__tn__=*NK-R\">#23Nisan<\/a><\/span> <span class=\"html-span xexx8yu xyri2b x18d9i69 x1c1uobl x1hl2dhg x16tdsg8 x1vvkbs x3nfvp2 x1j61x8r x1fcty0u xdj266r xat24cr xm2jcoa x1mpyi22 xxymvpz xlup9mm x1kky2od\"><img loading=\"lazy\" decoding=\"async\" class=\"xz74otr x15mokao x1ga7v0g x16uus16 xbiv7yw\" src=\"https:\/\/static.xx.fbcdn.net\/images\/emoji.php\/v9\/tea\/1\/16\/1f1f9_1f1f7.png\" alt=\"\ud83c\uddf9\ud83c\uddf7\" width=\"16\" height=\"16\" \/><\/span><\/div>\n<div dir=\"auto\" style=\"text-align: center;\"><span class=\"html-span xdj266r x14z9mp xat24cr x1lziwak xexx8yu xyri2b x18d9i69 x1c1uobl x1hl2dhg x16tdsg8 x1vvkbs\"><a class=\"x1i10hfl xjbqb8w x1ejq31n x18oe1m7 x1sy0etr xstzfhl x972fbf x10w94by x1qhh985 x14e42zd x9f619 x1ypdohk xt0psk2 x3ct3a4 xdj266r x14z9mp xat24cr x1lziwak xexx8yu xyri2b x18d9i69 x1c1uobl x16tdsg8 x1hl2dhg xggy1nq x1a2a7pz xkrqix3 x1sur9pj x1fey0fg x1s688f\" tabindex=\"0\" role=\"link\" href=\"https:\/\/www.facebook.com\/watch\/hashtag\/zile\/?__cft__[0]=AZY_hJvAajmqpJ0QYnTLNxUi08jl5Fq2SjBGYDerDsfWDmQG4oPTBLavJKKK6ZGZdlusUGBSY0tTbJDYNojreHZb_ZgaaYwDpExTSfQauZzS8Yw__1q7KhP5mNiWQ-7SSbyIcXDzFR0B1aLH53ZQkEYyYuCPrDBJNTM6rp1ErC4l2bipe1WgUTIqioOP5Y22rYr14i7xHJr1A0J7e68bRNws&amp;__tn__=*NK-R\">#Zile<\/a><\/span> <span class=\"html-span xexx8yu xyri2b x18d9i69 x1c1uobl x1hl2dhg x16tdsg8 x1vvkbs x3nfvp2 x1j61x8r x1fcty0u xdj266r xat24cr xm2jcoa x1mpyi22 xxymvpz xlup9mm x1kky2od\"><img loading=\"lazy\" decoding=\"async\" class=\"xz74otr x15mokao x1ga7v0g x16uus16 xbiv7yw\" src=\"https:\/\/static.xx.fbcdn.net\/images\/emoji.php\/v9\/t8c\/1\/16\/1f389.png\" alt=\"\ud83c\udf89\" width=\"16\" height=\"16\" \/><\/span><\/div>\n<div dir=\"auto\" style=\"text-align: center;\"><span class=\"html-span xdj266r x14z9mp xat24cr x1lziwak xexx8yu xyri2b x18d9i69 x1c1uobl x1hl2dhg x16tdsg8 x1vvkbs\"><a class=\"x1i10hfl xjbqb8w x1ejq31n x18oe1m7 x1sy0etr xstzfhl x972fbf x10w94by x1qhh985 x14e42zd x9f619 x1ypdohk xt0psk2 x3ct3a4 xdj266r x14z9mp xat24cr x1lziwak xexx8yu xyri2b x18d9i69 x1c1uobl x16tdsg8 x1hl2dhg xggy1nq x1a2a7pz xkrqix3 x1sur9pj x1fey0fg x1s688f\" tabindex=\"0\" role=\"link\" href=\"https:\/\/www.facebook.com\/watch\/hashtag\/%C3%A7ocuklargelece%C4%9Fimiz\/?__cft__[0]=AZY_hJvAajmqpJ0QYnTLNxUi08jl5Fq2SjBGYDerDsfWDmQG4oPTBLavJKKK6ZGZdlusUGBSY0tTbJDYNojreHZb_ZgaaYwDpExTSfQauZzS8Yw__1q7KhP5mNiWQ-7SSbyIcXDzFR0B1aLH53ZQkEYyYuCPrDBJNTM6rp1ErC4l2bipe1WgUTIqioOP5Y22rYr14i7xHJr1A0J7e68bRNws&amp;__tn__=*NK-R\">#\u00c7ocuklarGelece\u011fimiz<\/a><\/span> <span class=\"html-span xexx8yu xyri2b x18d9i69 x1c1uobl x1hl2dhg x16tdsg8 x1vvkbs x3nfvp2 x1j61x8r x1fcty0u xdj266r xat24cr xm2jcoa x1mpyi22 xxymvpz xlup9mm x1kky2od\"><img loading=\"lazy\" decoding=\"async\" class=\"xz74otr x15mokao x1ga7v0g x16uus16 xbiv7yw\" src=\"https:\/\/static.xx.fbcdn.net\/images\/emoji.php\/v9\/t8d\/1\/16\/1f467.png\" alt=\"\ud83d\udc67\" width=\"16\" height=\"16\" \/><\/span><span class=\"html-span xexx8yu xyri2b x18d9i69 x1c1uobl x1hl2dhg x16tdsg8 x1vvkbs x3nfvp2 x1j61x8r x1fcty0u xdj266r xat24cr xm2jcoa x1mpyi22 xxymvpz xlup9mm x1kky2od\"><img loading=\"lazy\" decoding=\"async\" class=\"xz74otr x15mokao x1ga7v0g x16uus16 xbiv7yw\" src=\"https:\/\/static.xx.fbcdn.net\/images\/emoji.php\/v9\/tc\/1\/16\/1f466.png\" alt=\"\ud83d\udc66\" width=\"16\" height=\"16\" \/><\/span><\/div>\n<div dir=\"auto\" style=\"text-align: center;\"><span class=\"html-span xdj266r x14z9mp xat24cr x1lziwak xexx8yu xyri2b x18d9i69 x1c1uobl x1hl2dhg x16tdsg8 x1vvkbs\"><a class=\"x1i10hfl xjbqb8w x1ejq31n x18oe1m7 x1sy0etr xstzfhl x972fbf x10w94by x1qhh985 x14e42zd x9f619 x1ypdohk xt0psk2 x3ct3a4 xdj266r x14z9mp xat24cr x1lziwak xexx8yu xyri2b x18d9i69 x1c1uobl x16tdsg8 x1hl2dhg xggy1nq x1a2a7pz xkrqix3 x1sur9pj x1fey0fg x1s688f\" tabindex=\"0\" role=\"link\" href=\"https:\/\/www.facebook.com\/watch\/hashtag\/zilebelediyesi\/?__cft__[0]=AZY_hJvAajmqpJ0QYnTLNxUi08jl5Fq2SjBGYDerDsfWDmQG4oPTBLavJKKK6ZGZdlusUGBSY0tTbJDYNojreHZb_ZgaaYwDpExTSfQauZzS8Yw__1q7KhP5mNiWQ-7SSbyIcXDzFR0B1aLH53ZQkEYyYuCPrDBJNTM6rp1ErC4l2bipe1WgUTIqioOP5Y22rYr14i7xHJr1A0J7e68bRNws&amp;__tn__=*NK-R\">#ZileBelediyesi<\/a><\/span> <span class=\"html-span xexx8yu xyri2b x18d9i69 x1c1uobl x1hl2dhg x16tdsg8 x1vvkbs x3nfvp2 x1j61x8r x1fcty0u xdj266r xat24cr xm2jcoa x1mpyi22 xxymvpz xlup9mm x1kky2od\"><img loading=\"lazy\" decoding=\"async\" class=\"xz74otr x15mokao x1ga7v0g x16uus16 xbiv7yw\" src=\"https:\/\/static.xx.fbcdn.net\/images\/emoji.php\/v9\/t89\/1\/16\/1f3db.png\" alt=\"\ud83c\udfdb\ufe0f\" width=\"16\" height=\"16\" \/><\/span><\/div>\n<div dir=\"auto\" style=\"text-align: center;\"><span class=\"html-span xdj266r x14z9mp xat24cr x1lziwak xexx8yu xyri2b x18d9i69 x1c1uobl x1hl2dhg x16tdsg8 x1vvkbs\"><a class=\"x1i10hfl xjbqb8w x1ejq31n x18oe1m7 x1sy0etr xstzfhl x972fbf x10w94by x1qhh985 x14e42zd x9f619 x1ypdohk xt0psk2 x3ct3a4 xdj266r x14z9mp xat24cr x1lziwak xexx8yu xyri2b x18d9i69 x1c1uobl x16tdsg8 x1hl2dhg xggy1nq x1a2a7pz xkrqix3 x1sur9pj x1fey0fg x1s688f\" tabindex=\"0\" role=\"link\" href=\"https:\/\/www.facebook.com\/watch\/hashtag\/%C5%9F%C3%BCkr%C3%BCsarg%C4%B1n\/?__cft__[0]=AZY_hJvAajmqpJ0QYnTLNxUi08jl5Fq2SjBGYDerDsfWDmQG4oPTBLavJKKK6ZGZdlusUGBSY0tTbJDYNojreHZb_ZgaaYwDpExTSfQauZzS8Yw__1q7KhP5mNiWQ-7SSbyIcXDzFR0B1aLH53ZQkEYyYuCPrDBJNTM6rp1ErC4l2bipe1WgUTIqioOP5Y22rYr14i7xHJr1A0J7e68bRNws&amp;__tn__=*NK-R\">#\u015e\u00fckr\u00fcSarg\u0131n<\/a><\/span> <span class=\"html-span xexx8yu xyri2b x18d9i69 x1c1uobl x1hl2dhg x16tdsg8 x1vvkbs x3nfvp2 x1j61x8r x1fcty0u xdj266r xat24cr xm2jcoa x1mpyi22 xxymvpz xlup9mm x1kky2od\"><img loading=\"lazy\" decoding=\"async\" class=\"xz74otr x15mokao x1ga7v0g x16uus16 xbiv7yw aligncenter\" src=\"https:\/\/static.xx.fbcdn.net\/images\/emoji.php\/v9\/t64\/1\/16\/1f91d.png\" alt=\"\ud83e\udd1d\" width=\"16\" height=\"16\" \/><\/span><\/div>\n<\/div>\n","protected":false},"excerpt":{"rendered":"<p>23 Nisan\u2019da \u00c7ocuklar Makamda, \u015eehir Bayram Co\u015fkusunda 23 Nisan Ulusal Egemenlik ve \u00c7ocuk Bayram\u0131 kapsam\u0131nda Atat\u00fcrk \u0130lkokulu \u00f6\u011frencisi O\u011fuz Korkmaz, \u00f6\u011fretmeni \u015eennaz Sar\u0131koca, M\u00fcd\u00fcr Yard\u0131mc\u0131s\u0131 Halim A\u011f\u0131rtop\u00e7u ve okul arkada\u015flar\u0131, Zile Belediye Ba\u015fkan\u0131 \u015e\u00fckr\u00fc Sarg\u0131n\u2019\u0131 makam\u0131nda ziyaret etti. Ba\u015fkan Sarg\u0131n, g\u00fcn\u00fcn anlam ve \u00f6nemine binaen O\u011fuz Korkmaz\u2019\u0131 temsili olarak ba\u015fkanl\u0131k makam\u0131na oturttu. Ayn\u0131 g\u00fcn, Atat\u00fcrk [&hellip;]<\/p>\n","protected":false},"author":1,"featured_media":14465,"comment_status":"open","ping_status":"open","sticky":false,"template":"","format":"standard","meta":{"footnotes":""},"categories":[11],"tags":[],"class_list":["post-14464","post","type-post","status-publish","format-standard","has-post-thumbnail","hentry","category-haberler"],"_links":{"self":[{"href":"http:\/\/site.zile.bel.tr\/index.php\/wp-json\/wp\/v2\/posts\/14464","targetHints":{"allow":["GET"]}}],"collection":[{"href":"http:\/\/site.zile.bel.tr\/index.php\/wp-json\/wp\/v2\/posts"}],"about":[{"href":"http:\/\/site.zile.bel.tr\/index.php\/wp-json\/wp\/v2\/types\/post"}],"author":[{"embeddable":true,"href":"http:\/\/site.zile.bel.tr\/index.php\/wp-json\/wp\/v2\/users\/1"}],"replies":[{"embeddable":true,"href":"http:\/\/site.zile.bel.tr\/index.php\/wp-json\/wp\/v2\/comments?post=14464"}],"version-history":[{"count":1,"href":"http:\/\/site.zile.bel.tr\/index.php\/wp-json\/wp\/v2\/posts\/14464\/revisions"}],"predecessor-version":[{"id":14466,"href":"http:\/\/site.zile.bel.tr\/index.php\/wp-json\/wp\/v2\/posts\/14464\/revisions\/14466"}],"wp:featuredmedia":[{"embeddable":true,"href":"http:\/\/site.zile.bel.tr\/index.php\/wp-json\/wp\/v2\/media\/14465"}],"wp:attachment":[{"href":"http:\/\/site.zile.bel.tr\/index.php\/wp-json\/wp\/v2\/media?parent=14464"}],"wp:term":[{"taxonomy":"category","embeddable":true,"href":"http:\/\/site.zile.bel.tr\/index.php\/wp-json\/wp\/v2\/categories?post=14464"},{"taxonomy":"post_tag","embeddable":true,"href":"http:\/\/site.zile.bel.tr\/index.php\/wp-json\/wp\/v2\/tags?post=14464"}],"curies":[{"name":"wp","href":"https:\/\/api.w.org\/{rel}","templated":true}]}}