{"id":1760,"date":"2021-03-07T19:23:11","date_gmt":"2021-03-07T16:23:11","guid":{"rendered":"http:\/\/site.zile.bel.tr\/?p=1760"},"modified":"2021-03-07T19:23:11","modified_gmt":"2021-03-07T16:23:11","slug":"belediye-personeli-mesleki-yeterlilik-belgesi-aliyor","status":"publish","type":"post","link":"http:\/\/site.zile.bel.tr\/index.php\/2021\/03\/07\/belediye-personeli-mesleki-yeterlilik-belgesi-aliyor\/","title":{"rendered":"Belediye personeli mesleki yeterlilik belgesi al\u0131yor"},"content":{"rendered":"<div dir=\"auto\">Zile Belediyesi b\u00fcnyesinde \u00e7al\u0131\u015fan personellerin mesleki tecr\u00fcbelerini belgelendirmek ve e\u011fitimlerine katk\u0131da bulunmak amac\u0131yla Mesleki Yeterlilik E\u011fitim Program\u0131 d\u00fczenlendi.<\/div>\n<div dir=\"auto\">\u00dclke genelinde \u00e7\u0131kar\u0131lan yasayla mecburi hale getirilen mesleki yeterlilik s\u0131nav\u0131 Zile Belediyesi b\u00fcnyesinde ba\u015flad\u0131. Bu kapsamda sahada \u00e7al\u0131\u015fan personeller yeterlilik konusunda m\u00fclakat ve uygulamal\u0131 s\u0131nava al\u0131narak test edildi. Mesleki yeterlilik imtihan\u0131n\u0131 ge\u00e7en belediye personeline uluslararas\u0131 ge\u00e7erlili\u011fi olan mesleki yeterlilik belgesini almaya hak kazanacak. Mesleki yeterlik s\u0131nav\u0131, T\u00fcrkiye Mesleki Yeterlilik Kurumu\u2019nun yetkilendirdi\u011fi belgelendirme kuru\u015flar\u0131 taraf\u0131ndan kamera \u00f6n\u00fcnde yaz\u0131l\u0131 ve uygulamal\u0131 olarak ger\u00e7ekle\u015fiyor.<\/div>\n<div dir=\"auto\">\n\n\t\t<style type=\"text\/css\">\n\t\t\t#gallery-1 {\n\t\t\t\tmargin: auto;\n\t\t\t}\n\t\t\t#gallery-1 .gallery-item {\n\t\t\t\tfloat: left;\n\t\t\t\tmargin-top: 10px;\n\t\t\t\ttext-align: center;\n\t\t\t\twidth: 33%;\n\t\t\t}\n\t\t\t#gallery-1 img {\n\t\t\t\tborder: 2px solid #cfcfcf;\n\t\t\t}\n\t\t\t#gallery-1 .gallery-caption {\n\t\t\t\tmargin-left: 0;\n\t\t\t}\n\t\t\t\/* see gallery_shortcode() in wp-includes\/media.php *\/\n\t\t<\/style>\n\t\t<div id='gallery-1' class='gallery galleryid-1760 gallery-columns-3 gallery-size-thumbnail'><dl class='gallery-item'>\n\t\t\t<dt class='gallery-icon landscape'>\n\t\t\t\t<a href='http:\/\/site.zile.bel.tr\/wp-content\/uploads\/2021\/03\/1_24.jpg'><img loading=\"lazy\" decoding=\"async\" width=\"150\" height=\"150\" src=\"http:\/\/site.zile.bel.tr\/wp-content\/uploads\/2021\/03\/1_24-150x150.jpg\" class=\"attachment-thumbnail size-thumbnail\" alt=\"\" \/><\/a>\n\t\t\t<\/dt><\/dl><dl class='gallery-item'>\n\t\t\t<dt class='gallery-icon landscape'>\n\t\t\t\t<a href='http:\/\/site.zile.bel.tr\/wp-content\/uploads\/2021\/03\/2_33.jpg'><img loading=\"lazy\" decoding=\"async\" width=\"150\" height=\"150\" src=\"http:\/\/site.zile.bel.tr\/wp-content\/uploads\/2021\/03\/2_33-150x150.jpg\" class=\"attachment-thumbnail size-thumbnail\" alt=\"\" \/><\/a>\n\t\t\t<\/dt><\/dl><dl class='gallery-item'>\n\t\t\t<dt class='gallery-icon landscape'>\n\t\t\t\t<a href='http:\/\/site.zile.bel.tr\/wp-content\/uploads\/2021\/03\/3_33.jpg'><img loading=\"lazy\" decoding=\"async\" width=\"150\" height=\"150\" src=\"http:\/\/site.zile.bel.tr\/wp-content\/uploads\/2021\/03\/3_33-150x150.jpg\" class=\"attachment-thumbnail size-thumbnail\" alt=\"\" \/><\/a>\n\t\t\t<\/dt><\/dl><br style=\"clear: both\" \/><dl class='gallery-item'>\n\t\t\t<dt class='gallery-icon landscape'>\n\t\t\t\t<a href='http:\/\/site.zile.bel.tr\/wp-content\/uploads\/2021\/03\/4_28.jpg'><img loading=\"lazy\" decoding=\"async\" width=\"150\" height=\"150\" src=\"http:\/\/site.zile.bel.tr\/wp-content\/uploads\/2021\/03\/4_28-150x150.jpg\" class=\"attachment-thumbnail size-thumbnail\" alt=\"\" \/><\/a>\n\t\t\t<\/dt><\/dl><dl class='gallery-item'>\n\t\t\t<dt class='gallery-icon portrait'>\n\t\t\t\t<a href='http:\/\/site.zile.bel.tr\/wp-content\/uploads\/2021\/03\/5_25.jpg'><img loading=\"lazy\" decoding=\"async\" width=\"150\" height=\"150\" src=\"http:\/\/site.zile.bel.tr\/wp-content\/uploads\/2021\/03\/5_25-150x150.jpg\" class=\"attachment-thumbnail size-thumbnail\" alt=\"\" \/><\/a>\n\t\t\t<\/dt><\/dl><dl class='gallery-item'>\n\t\t\t<dt class='gallery-icon landscape'>\n\t\t\t\t<a href='http:\/\/site.zile.bel.tr\/wp-content\/uploads\/2021\/03\/belediye-personeli-mesleki-yeterlilik-belgesi-aliyor.jpg'><img loading=\"lazy\" decoding=\"async\" width=\"150\" height=\"150\" src=\"http:\/\/site.zile.bel.tr\/wp-content\/uploads\/2021\/03\/belediye-personeli-mesleki-yeterlilik-belgesi-aliyor-150x150.jpg\" class=\"attachment-thumbnail size-thumbnail\" alt=\"\" \/><\/a>\n\t\t\t<\/dt><\/dl><br style=\"clear: both\" \/>\n\t\t<\/div>\n\n<\/div>\n","protected":false},"excerpt":{"rendered":"<p>Zile Belediyesi b\u00fcnyesinde \u00e7al\u0131\u015fan personellerin mesleki tecr\u00fcbelerini belgelendirmek ve e\u011fitimlerine katk\u0131da bulunmak amac\u0131yla Mesleki Yeterlilik E\u011fitim Program\u0131 d\u00fczenlendi. \u00dclke genelinde \u00e7\u0131kar\u0131lan yasayla mecburi hale getirilen mesleki yeterlilik s\u0131nav\u0131 Zile Belediyesi b\u00fcnyesinde ba\u015flad\u0131. Bu kapsamda sahada \u00e7al\u0131\u015fan personeller yeterlilik konusunda m\u00fclakat ve uygulamal\u0131 s\u0131nava al\u0131narak test edildi. Mesleki yeterlilik imtihan\u0131n\u0131 ge\u00e7en belediye personeline uluslararas\u0131 ge\u00e7erlili\u011fi olan [&hellip;]<\/p>\n","protected":false},"author":1,"featured_media":1766,"comment_status":"open","ping_status":"open","sticky":false,"template":"","format":"standard","meta":{"footnotes":""},"categories":[11],"tags":[82,81,83,80,27],"class_list":["post-1760","post","type-post","status-publish","format-standard","has-post-thumbnail","hentry","category-haberler","tag-belediye","tag-belgesi","tag-personel","tag-yeterlilik","tag-zile"],"_links":{"self":[{"href":"http:\/\/site.zile.bel.tr\/index.php\/wp-json\/wp\/v2\/posts\/1760","targetHints":{"allow":["GET"]}}],"collection":[{"href":"http:\/\/site.zile.bel.tr\/index.php\/wp-json\/wp\/v2\/posts"}],"about":[{"href":"http:\/\/site.zile.bel.tr\/index.php\/wp-json\/wp\/v2\/types\/post"}],"author":[{"embeddable":true,"href":"http:\/\/site.zile.bel.tr\/index.php\/wp-json\/wp\/v2\/users\/1"}],"replies":[{"embeddable":true,"href":"http:\/\/site.zile.bel.tr\/index.php\/wp-json\/wp\/v2\/comments?post=1760"}],"version-history":[{"count":1,"href":"http:\/\/site.zile.bel.tr\/index.php\/wp-json\/wp\/v2\/posts\/1760\/revisions"}],"predecessor-version":[{"id":1767,"href":"http:\/\/site.zile.bel.tr\/index.php\/wp-json\/wp\/v2\/posts\/1760\/revisions\/1767"}],"wp:featuredmedia":[{"embeddable":true,"href":"http:\/\/site.zile.bel.tr\/index.php\/wp-json\/wp\/v2\/media\/1766"}],"wp:attachment":[{"href":"http:\/\/site.zile.bel.tr\/index.php\/wp-json\/wp\/v2\/media?parent=1760"}],"wp:term":[{"taxonomy":"category","embeddable":true,"href":"http:\/\/site.zile.bel.tr\/index.php\/wp-json\/wp\/v2\/categories?post=1760"},{"taxonomy":"post_tag","embeddable":true,"href":"http:\/\/site.zile.bel.tr\/index.php\/wp-json\/wp\/v2\/tags?post=1760"}],"curies":[{"name":"wp","href":"https:\/\/api.w.org\/{rel}","templated":true}]}}