{"id":1768,"date":"2021-03-07T19:26:00","date_gmt":"2021-03-07T16:26:00","guid":{"rendered":"http:\/\/site.zile.bel.tr\/?p=1768"},"modified":"2021-03-07T19:26:00","modified_gmt":"2021-03-07T16:26:00","slug":"baskan-sargin-ogrencilerin-eba-egitimi-icin-3-koye-uydu-internet-kurdu","status":"publish","type":"post","link":"http:\/\/site.zile.bel.tr\/index.php\/2021\/03\/07\/baskan-sargin-ogrencilerin-eba-egitimi-icin-3-koye-uydu-internet-kurdu\/","title":{"rendered":"Ba\u015fkan Sarg\u0131n, \u00d6\u011frencilerin EBA e\u011fitimi i\u00e7in 3 k\u00f6ye uydu internet kurdu"},"content":{"rendered":"<p><a href=\"http:\/\/site.zile.bel.tr\/index.php\/2021\/03\/07\/baskan-sargin-ogrencilerin-eba-egitimi-icin-3-koye-uydu-internet-kurdu\/1-19\/\" rel=\"attachment wp-att-1769\"><img loading=\"lazy\" decoding=\"async\" class=\"alignnone wp-image-1769\" src=\"http:\/\/site.zile.bel.tr\/wp-content\/uploads\/2021\/03\/1-1024x497.jpg\" alt=\"\" width=\"800\" height=\"389\" srcset=\"http:\/\/site.zile.bel.tr\/wp-content\/uploads\/2021\/03\/1-1024x497.jpg 1024w, http:\/\/site.zile.bel.tr\/wp-content\/uploads\/2021\/03\/1-300x146.jpg 300w, http:\/\/site.zile.bel.tr\/wp-content\/uploads\/2021\/03\/1-768x373.jpg 768w, http:\/\/site.zile.bel.tr\/wp-content\/uploads\/2021\/03\/1-1536x746.jpg 1536w, http:\/\/site.zile.bel.tr\/wp-content\/uploads\/2021\/03\/1.jpg 1600w\" sizes=\"auto, (max-width: 800px) 100vw, 800px\" \/><\/a><\/p>\n<p>Zile Belediye Ba\u015fkan\u0131 \u015e\u00fckr\u00fc Sarg\u0131n, Zile \u0130l\u00e7esine ba\u011fl\u0131 Ali Hoca, Kar\u015f\u0131p\u0131nar ve Yaylakent \u00a0k\u00f6ylerinde bulunan \u00f6\u011frencilerin EBA e\u011fitimi alabilmesi i\u00e7in uydu internet kurulumu yapt\u0131rd\u0131. K\u00f6yde bulunan \u00f6\u011frencileri ziyaret eden Ba\u015fkan Sarg\u0131n, \u00f6\u011frencilere tablet da\u011f\u0131t\u0131m\u0131 da yapt\u0131.<\/p>\n<p>K\u00f6yde internet sorunu \u00f6\u011frendi\u011finde uydu internet kurulmas\u0131 i\u00e7in talimat veren Ba\u015fkan Sarg\u0131n, \u201c\u00d6\u011frencilerimizin durumunu \u00f6\u011frenince duyars\u0131z kalamazd\u0131k. Hemen uydu internet kurulmas\u0131 talimat\u0131n\u0131 verdim. Pandemi d\u00f6neminde zor bir s\u00fcre\u00e7ten ge\u00e7iyoruz. \u00c7ocuklar\u0131m\u0131z\u0131n e\u011fitimi kesinlikle aksamamal\u0131, \u00e7\u00fcnk\u00fc her biri bizim gelece\u011fimiz.\u201d \u015feklinde konu\u015ftu.<\/p>\n<p>\u00d6\u011frenciler ve k\u00f6y halk\u0131 \u00e7ok mutlu olduklar\u0131n\u0131 belirtirken k\u00f6ylerde ya\u015fanan internet sorunu \u00e7\u00f6z\u00fclm\u00fc\u015f oldu.<\/p>\n\n\t\t<style type=\"text\/css\">\n\t\t\t#gallery-1 {\n\t\t\t\tmargin: auto;\n\t\t\t}\n\t\t\t#gallery-1 .gallery-item {\n\t\t\t\tfloat: left;\n\t\t\t\tmargin-top: 10px;\n\t\t\t\ttext-align: center;\n\t\t\t\twidth: 33%;\n\t\t\t}\n\t\t\t#gallery-1 img {\n\t\t\t\tborder: 2px solid #cfcfcf;\n\t\t\t}\n\t\t\t#gallery-1 .gallery-caption {\n\t\t\t\tmargin-left: 0;\n\t\t\t}\n\t\t\t\/* see gallery_shortcode() in wp-includes\/media.php *\/\n\t\t<\/style>\n\t\t<div id='gallery-1' class='gallery galleryid-1768 gallery-columns-3 gallery-size-thumbnail'><dl class='gallery-item'>\n\t\t\t<dt class='gallery-icon landscape'>\n\t\t\t\t<a href='http:\/\/site.zile.bel.tr\/wp-content\/uploads\/2021\/03\/1-1.jpg'><img loading=\"lazy\" decoding=\"async\" width=\"150\" height=\"150\" src=\"http:\/\/site.zile.bel.tr\/wp-content\/uploads\/2021\/03\/1-1-150x150.jpg\" class=\"attachment-thumbnail size-thumbnail\" alt=\"\" \/><\/a>\n\t\t\t<\/dt><\/dl><dl class='gallery-item'>\n\t\t\t<dt class='gallery-icon landscape'>\n\t\t\t\t<a href='http:\/\/site.zile.bel.tr\/wp-content\/uploads\/2021\/03\/2.jpg'><img loading=\"lazy\" decoding=\"async\" width=\"150\" height=\"150\" src=\"http:\/\/site.zile.bel.tr\/wp-content\/uploads\/2021\/03\/2-150x150.jpg\" class=\"attachment-thumbnail size-thumbnail\" alt=\"\" \/><\/a>\n\t\t\t<\/dt><\/dl><dl class='gallery-item'>\n\t\t\t<dt class='gallery-icon portrait'>\n\t\t\t\t<a href='http:\/\/site.zile.bel.tr\/wp-content\/uploads\/2021\/03\/3.jpg'><img loading=\"lazy\" decoding=\"async\" width=\"150\" height=\"150\" src=\"http:\/\/site.zile.bel.tr\/wp-content\/uploads\/2021\/03\/3-150x150.jpg\" class=\"attachment-thumbnail size-thumbnail\" alt=\"\" \/><\/a>\n\t\t\t<\/dt><\/dl><br style=\"clear: both\" \/><dl class='gallery-item'>\n\t\t\t<dt class='gallery-icon landscape'>\n\t\t\t\t<a href='http:\/\/site.zile.bel.tr\/wp-content\/uploads\/2021\/03\/4.jpg'><img loading=\"lazy\" decoding=\"async\" width=\"150\" height=\"150\" src=\"http:\/\/site.zile.bel.tr\/wp-content\/uploads\/2021\/03\/4-150x150.jpg\" class=\"attachment-thumbnail size-thumbnail\" alt=\"\" \/><\/a>\n\t\t\t<\/dt><\/dl><dl class='gallery-item'>\n\t\t\t<dt class='gallery-icon portrait'>\n\t\t\t\t<a href='http:\/\/site.zile.bel.tr\/wp-content\/uploads\/2021\/03\/5.jpg'><img loading=\"lazy\" decoding=\"async\" width=\"150\" height=\"150\" src=\"http:\/\/site.zile.bel.tr\/wp-content\/uploads\/2021\/03\/5-150x150.jpg\" class=\"attachment-thumbnail size-thumbnail\" alt=\"\" \/><\/a>\n\t\t\t<\/dt><\/dl><dl class='gallery-item'>\n\t\t\t<dt class='gallery-icon landscape'>\n\t\t\t\t<a href='http:\/\/site.zile.bel.tr\/wp-content\/uploads\/2021\/03\/6.jpg'><img loading=\"lazy\" decoding=\"async\" width=\"150\" height=\"150\" src=\"http:\/\/site.zile.bel.tr\/wp-content\/uploads\/2021\/03\/6-150x150.jpg\" class=\"attachment-thumbnail size-thumbnail\" alt=\"\" \/><\/a>\n\t\t\t<\/dt><\/dl><br style=\"clear: both\" \/>\n\t\t<\/div>\n\n","protected":false},"excerpt":{"rendered":"<p>Zile Belediye Ba\u015fkan\u0131 \u015e\u00fckr\u00fc Sarg\u0131n, Zile \u0130l\u00e7esine ba\u011fl\u0131 Ali Hoca, Kar\u015f\u0131p\u0131nar ve Yaylakent \u00a0k\u00f6ylerinde bulunan \u00f6\u011frencilerin EBA e\u011fitimi alabilmesi i\u00e7in uydu internet kurulumu yapt\u0131rd\u0131. K\u00f6yde bulunan \u00f6\u011frencileri ziyaret eden Ba\u015fkan Sarg\u0131n, \u00f6\u011frencilere tablet da\u011f\u0131t\u0131m\u0131 da yapt\u0131. K\u00f6yde internet sorunu \u00f6\u011frendi\u011finde uydu internet kurulmas\u0131 i\u00e7in talimat veren Ba\u015fkan Sarg\u0131n, \u201c\u00d6\u011frencilerimizin durumunu \u00f6\u011frenince duyars\u0131z kalamazd\u0131k. Hemen uydu [&hellip;]<\/p>\n","protected":false},"author":1,"featured_media":1770,"comment_status":"open","ping_status":"open","sticky":false,"template":"","format":"standard","meta":{"footnotes":""},"categories":[11],"tags":[82,87,88,86,84,90,89,85,27],"class_list":["post-1768","post","type-post","status-publish","format-standard","has-post-thumbnail","hentry","category-haberler","tag-belediye","tag-eba","tag-egitim","tag-internet","tag-koy","tag-sargin","tag-sukru","tag-uydu","tag-zile"],"_links":{"self":[{"href":"http:\/\/site.zile.bel.tr\/index.php\/wp-json\/wp\/v2\/posts\/1768","targetHints":{"allow":["GET"]}}],"collection":[{"href":"http:\/\/site.zile.bel.tr\/index.php\/wp-json\/wp\/v2\/posts"}],"about":[{"href":"http:\/\/site.zile.bel.tr\/index.php\/wp-json\/wp\/v2\/types\/post"}],"author":[{"embeddable":true,"href":"http:\/\/site.zile.bel.tr\/index.php\/wp-json\/wp\/v2\/users\/1"}],"replies":[{"embeddable":true,"href":"http:\/\/site.zile.bel.tr\/index.php\/wp-json\/wp\/v2\/comments?post=1768"}],"version-history":[{"count":2,"href":"http:\/\/site.zile.bel.tr\/index.php\/wp-json\/wp\/v2\/posts\/1768\/revisions"}],"predecessor-version":[{"id":1777,"href":"http:\/\/site.zile.bel.tr\/index.php\/wp-json\/wp\/v2\/posts\/1768\/revisions\/1777"}],"wp:featuredmedia":[{"embeddable":true,"href":"http:\/\/site.zile.bel.tr\/index.php\/wp-json\/wp\/v2\/media\/1770"}],"wp:attachment":[{"href":"http:\/\/site.zile.bel.tr\/index.php\/wp-json\/wp\/v2\/media?parent=1768"}],"wp:term":[{"taxonomy":"category","embeddable":true,"href":"http:\/\/site.zile.bel.tr\/index.php\/wp-json\/wp\/v2\/categories?post=1768"},{"taxonomy":"post_tag","embeddable":true,"href":"http:\/\/site.zile.bel.tr\/index.php\/wp-json\/wp\/v2\/tags?post=1768"}],"curies":[{"name":"wp","href":"https:\/\/api.w.org\/{rel}","templated":true}]}}