{"id":1778,"date":"2021-03-07T22:01:18","date_gmt":"2021-03-07T19:01:18","guid":{"rendered":"http:\/\/site.zile.bel.tr\/?p=1778"},"modified":"2021-03-07T22:01:18","modified_gmt":"2021-03-07T19:01:18","slug":"baskan-sarginin-8-mart-dunya-kadinlar-gunu-kutlama-mesaji","status":"publish","type":"post","link":"http:\/\/site.zile.bel.tr\/index.php\/2021\/03\/07\/baskan-sarginin-8-mart-dunya-kadinlar-gunu-kutlama-mesaji\/","title":{"rendered":"Ba\u015fkan Sarg\u0131n\u2019\u0131n 8 Mart D\u00fcnya Kad\u0131nlar G\u00fcn\u00fc Kutlama Mesaj\u0131"},"content":{"rendered":"<p><a href=\"http:\/\/site.zile.bel.tr\/index.php\/2021\/03\/07\/baskan-sarginin-8-mart-dunya-kadinlar-gunu-kutlama-mesaji\/003-8-mart-tasarim-1500-x-985\/\" rel=\"attachment wp-att-1779\"><img loading=\"lazy\" decoding=\"async\" class=\"alignnone wp-image-1779\" src=\"http:\/\/site.zile.bel.tr\/wp-content\/uploads\/2021\/03\/003-8-mart-tasarim-1500-x-985-1024x672.jpg\" alt=\"\" width=\"800\" height=\"525\" srcset=\"http:\/\/site.zile.bel.tr\/wp-content\/uploads\/2021\/03\/003-8-mart-tasarim-1500-x-985-1024x672.jpg 1024w, http:\/\/site.zile.bel.tr\/wp-content\/uploads\/2021\/03\/003-8-mart-tasarim-1500-x-985-300x197.jpg 300w, http:\/\/site.zile.bel.tr\/wp-content\/uploads\/2021\/03\/003-8-mart-tasarim-1500-x-985-768x504.jpg 768w, http:\/\/site.zile.bel.tr\/wp-content\/uploads\/2021\/03\/003-8-mart-tasarim-1500-x-985.jpg 1500w\" sizes=\"auto, (max-width: 800px) 100vw, 800px\" \/><\/a><\/p>\n<p>Ba\u015fkan Sarg\u0131n\u2019\u0131n 8 Mart D\u00fcnya Kad\u0131nlar G\u00fcn\u00fc Kutlama Mesaj\u0131<\/p>\n<p>Zile Belediye Ba\u015fkan\u0131 \u015e\u00fckr\u00fc Sarg\u0131n, \u20188 Mart D\u00fcnya Kad\u0131nlar G\u00fcn\u00fc\u2019 dolay\u0131s\u0131yla bir mesaj yay\u0131nlad\u0131.<\/p>\n<p>Ba\u015fkan Sarg\u0131n mesaj\u0131nda, kad\u0131nlar\u0131n ailenin, toplumun mimar\u0131 oldu\u011funa vurgu yaparken, son zamanlarda kad\u0131na y\u00f6nelik artan \u015fiddeti de k\u0131nad\u0131.<\/p>\n<p>\u201cKad\u0131n olman\u0131n mana ve \u00f6nemi \u00fczerine bir kez daha d\u00fc\u015f\u00fcnmek i\u00e7in e\u015fsiz bir f\u0131rsat sunan anlam y\u00fckl\u00fc bir g\u00fcn\u00fcn i\u00e7erisindeyiz\u201d diyen Ba\u015fkan Sarg\u0131n, \u201cToplumun her kesiminde yer alan sanattan spora, \u00e7al\u0131\u015fma hayat\u0131ndan siyasete, bilimden edebiyata, her sahada ba\u015far\u0131 g\u00f6steren kad\u0131nlar\u0131m\u0131z takdire \u015fayand\u0131r. Kad\u0131nlar\u0131m\u0131z; bizlerin en iyi \u015fekilde yeti\u015fmesini sa\u011flayan, gelecek nesillerin mimarlar\u0131d\u0131rlar. Kad\u0131nlar\u0131m\u0131z; s\u0131cac\u0131k yuvalar\u0131m\u0131z\u0131n birle\u015ftiricileri, evlatlar\u0131m\u0131z\u0131n analar\u0131d\u0131rlar.<\/p>\n<p>Yeri geldi\u011finde ya\u015fam\u0131n her alan\u0131na ko\u015fturan, evlerde yuvas\u0131n\u0131 \u00e7ekip \u00e7eviren anneler, hayat\u0131n bir par\u00e7as\u0131 olarak \u00e7al\u0131\u015fanlar, yeri geldi\u011finde de en az\u0131l\u0131 d\u00fc\u015fmanlar\u0131n i\u015fgaline kar\u015f\u0131 duran kahraman \u015eerife Bac\u0131lar\u0131m\u0131z olmu\u015flard\u0131r.<\/p>\n<p>Gelecek nesillerin yeti\u015fmesi \u015f\u00fcphesiz onlar\u0131n omuzlar\u0131ndad\u0131r. T\u00fcm insanl\u0131\u011f\u0131n bu bilince sahip olmas\u0131 gerekmektedir. Kad\u0131nlar\u0131m\u0131z\u0131n fedak\u00e2rl\u0131klar\u0131 g\u00f6z ard\u0131 edilemez, ehemmiyete sahiptir.<\/p>\n<p>\u015eunu hi\u00e7bir zaman unutmamal\u0131y\u0131z ki; kad\u0131nlar\u0131 ihmal eden toplumlara asla insanl\u0131k bahar\u0131 gelmeyecektir. Kad\u0131nlar\u0131n toplum i\u00e7erisinde g\u00fc\u00e7lerini ortaya koymalar\u0131 sadece kendine de\u011fil, hem ailesine hem de ya\u015fad\u0131\u011f\u0131 topluma de\u011fer sa\u011flayacak ve o milleti daha iyi bir ya\u015fam d\u00fczeyine ula\u015ft\u0131racakt\u0131r. Biz bu d\u00fcnyay\u0131 kad\u0131nlar\u0131n daha g\u00fczel yapaca\u011f\u0131na inan\u0131yoruz. Kad\u0131na yap\u0131lan yat\u0131r\u0131m\u0131n, gelece\u011fe yap\u0131lan yat\u0131r\u0131m oldu\u011funu d\u00fc\u015f\u00fcn\u00fcyoruz.<\/p>\n<p>Bu d\u00fc\u015f\u00fcnceler ile t\u00fcm kad\u0131nlar\u0131m\u0131z\u0131n 8 Mart D\u00fcnya Kad\u0131nlar G\u00fcn\u00fcn\u00fc kutluyor. D\u00fcnyada ve \u00fclkemizde kad\u0131n erkek t\u00fcm insanlar i\u00e7in bar\u0131\u015f, e\u015fitlik, adalet ve \u00f6zg\u00fcrl\u00fcklerin geli\u015fmesine katk\u0131 sa\u011flamas\u0131n\u0131 diliyorum.\u201d dedi.<\/p>\n","protected":false},"excerpt":{"rendered":"<p>Ba\u015fkan Sarg\u0131n\u2019\u0131n 8 Mart D\u00fcnya Kad\u0131nlar G\u00fcn\u00fc Kutlama Mesaj\u0131 Zile Belediye Ba\u015fkan\u0131 \u015e\u00fckr\u00fc Sarg\u0131n, \u20188 Mart D\u00fcnya Kad\u0131nlar G\u00fcn\u00fc\u2019 dolay\u0131s\u0131yla bir mesaj yay\u0131nlad\u0131. Ba\u015fkan Sarg\u0131n mesaj\u0131nda, kad\u0131nlar\u0131n ailenin, toplumun mimar\u0131 oldu\u011funa vurgu yaparken, son zamanlarda kad\u0131na y\u00f6nelik artan \u015fiddeti de k\u0131nad\u0131. \u201cKad\u0131n olman\u0131n mana ve \u00f6nemi \u00fczerine bir kez daha d\u00fc\u015f\u00fcnmek i\u00e7in e\u015fsiz bir f\u0131rsat [&hellip;]<\/p>\n","protected":false},"author":1,"featured_media":1779,"comment_status":"open","ping_status":"open","sticky":false,"template":"","format":"standard","meta":{"footnotes":""},"categories":[11],"tags":[91,95,93,92,94,90,89],"class_list":["post-1778","post","type-post","status-publish","format-standard","has-post-thumbnail","hentry","category-haberler","tag-8mart","tag-baskan","tag-gunu","tag-kadinlar","tag-mesaj","tag-sargin","tag-sukru"],"_links":{"self":[{"href":"http:\/\/site.zile.bel.tr\/index.php\/wp-json\/wp\/v2\/posts\/1778","targetHints":{"allow":["GET"]}}],"collection":[{"href":"http:\/\/site.zile.bel.tr\/index.php\/wp-json\/wp\/v2\/posts"}],"about":[{"href":"http:\/\/site.zile.bel.tr\/index.php\/wp-json\/wp\/v2\/types\/post"}],"author":[{"embeddable":true,"href":"http:\/\/site.zile.bel.tr\/index.php\/wp-json\/wp\/v2\/users\/1"}],"replies":[{"embeddable":true,"href":"http:\/\/site.zile.bel.tr\/index.php\/wp-json\/wp\/v2\/comments?post=1778"}],"version-history":[{"count":2,"href":"http:\/\/site.zile.bel.tr\/index.php\/wp-json\/wp\/v2\/posts\/1778\/revisions"}],"predecessor-version":[{"id":1781,"href":"http:\/\/site.zile.bel.tr\/index.php\/wp-json\/wp\/v2\/posts\/1778\/revisions\/1781"}],"wp:featuredmedia":[{"embeddable":true,"href":"http:\/\/site.zile.bel.tr\/index.php\/wp-json\/wp\/v2\/media\/1779"}],"wp:attachment":[{"href":"http:\/\/site.zile.bel.tr\/index.php\/wp-json\/wp\/v2\/media?parent=1778"}],"wp:term":[{"taxonomy":"category","embeddable":true,"href":"http:\/\/site.zile.bel.tr\/index.php\/wp-json\/wp\/v2\/categories?post=1778"},{"taxonomy":"post_tag","embeddable":true,"href":"http:\/\/site.zile.bel.tr\/index.php\/wp-json\/wp\/v2\/tags?post=1778"}],"curies":[{"name":"wp","href":"https:\/\/api.w.org\/{rel}","templated":true}]}}