{"id":1782,"date":"2021-03-11T15:40:50","date_gmt":"2021-03-11T12:40:50","guid":{"rendered":"https:\/\/site.zile.bel.tr\/?p=1782"},"modified":"2021-03-11T15:40:51","modified_gmt":"2021-03-11T12:40:51","slug":"baskan-sargin-gecmisini-bilmeyen-bir-nesil-milletinin-geleceginde-var-olamaz","status":"publish","type":"post","link":"http:\/\/site.zile.bel.tr\/index.php\/2021\/03\/11\/baskan-sargin-gecmisini-bilmeyen-bir-nesil-milletinin-geleceginde-var-olamaz\/","title":{"rendered":"Ba\u015fkan Sarg\u0131n, \u201cGe\u00e7mi\u015fini bilmeyen bir nesil, milletinin gelece\u011finde var olamaz\u201d"},"content":{"rendered":"<p><a href=\"https:\/\/site.zile.bel.tr\/index.php\/2021\/03\/11\/baskan-sargin-gecmisini-bilmeyen-bir-nesil-milletinin-geleceginde-var-olamaz\/istiklal-marsi-2021-2\/\" rel=\"attachment wp-att-1784\"><img loading=\"lazy\" decoding=\"async\" class=\"alignnone wp-image-1784\" src=\"http:\/\/site.zile.bel.tr\/wp-content\/uploads\/2021\/03\/istiklal-marsi-2021-2-1024x576.jpg\" alt=\"\" width=\"800\" height=\"450\" srcset=\"http:\/\/site.zile.bel.tr\/wp-content\/uploads\/2021\/03\/istiklal-marsi-2021-2-1024x576.jpg 1024w, http:\/\/site.zile.bel.tr\/wp-content\/uploads\/2021\/03\/istiklal-marsi-2021-2-300x169.jpg 300w, http:\/\/site.zile.bel.tr\/wp-content\/uploads\/2021\/03\/istiklal-marsi-2021-2-768x432.jpg 768w, http:\/\/site.zile.bel.tr\/wp-content\/uploads\/2021\/03\/istiklal-marsi-2021-2-1536x864.jpg 1536w, http:\/\/site.zile.bel.tr\/wp-content\/uploads\/2021\/03\/istiklal-marsi-2021-2.jpg 1920w\" sizes=\"auto, (max-width: 800px) 100vw, 800px\" \/><\/a><br \/>\nBa\u015fkan Sarg\u0131n, \u201cGe\u00e7mi\u015fini bilmeyen bir nesil, milletinin gelece\u011finde var olamaz\u201d<\/p>\n<p>Zile Belediye Ba\u015fkan\u0131 \u015e\u00fckr\u00fc Sarg\u0131n, 12 Mart \u0130stiklal Mar\u015f\u0131n\u0131n kabul\u00fc g\u00fcn\u00fc dolay\u0131s\u0131yla bir mesaj yay\u0131mlad\u0131.<\/p>\n<p>12 Mart 1921 tarihinde T\u00fcrkiye B\u00fcy\u00fck Millet Meclisi taraf\u0131ndan kabul edilen \u0130stiklal Mar\u015f\u0131&#8217;n\u0131n kabul\u00fcn\u00fcn 100. y\u0131ld\u00f6n\u00fcm\u00fcn\u00fc kutlayan ve Milli \u015eairimiz Mehmet Akif Ersoy&#8217;u anan Zile Belediye Ba\u015fkan\u0131 \u015e\u00fckr\u00fc Sarg\u0131n, Milletimizin Kahramanl\u0131k destan\u0131 olan, \u0130stiklal Mar\u015f\u0131m\u0131z\u0131n milletimizin Kurtulu\u015f Sava\u015f\u0131nda tarihe alt\u0131n harflerle yazd\u0131\u011f\u0131 sat\u0131rlara d\u00f6k\u00fclm\u00fc\u015f halini yans\u0131tt\u0131\u011f\u0131n\u0131 dile getirdi.<\/p>\n<p>Ge\u00e7mi\u015fini bilmeyen bir neslin, milletinin gelece\u011finde var olamayaca\u011f\u0131na dikkati \u00e7eken Zile Belediye Ba\u015fkan\u0131 \u015e\u00fckr\u00fc Sarg\u0131n, &#8220;Bu nedenle gelecek nesillerimize \u0130stiklal Mar\u015f\u0131\u2019n\u0131n her c\u00fcmlesinin anlam\u0131n\u0131 idrak etmesi \u00e7ok \u00f6nemlidir&#8221; dedi. Gen\u00e7lerimizin milli \u015fairimiz Mehmet Akif Ersoy&#8217;un eserlerini okumas\u0131 ve onun fikirlerini takip etmelerini kalplerine zihinlerine yazmalar\u0131n\u0131n \u00e7ok \u00f6nemli oldu\u011funu ifade eden Ba\u015fkan Sarg\u0131n, bu \u015fekilde Milli \u015eairimizin \u00f6zlemini duydu\u011fu &#8220;As\u0131m\u2019\u0131n nesli&#8221;\u00a0 h\u0131zl\u0131 bir \u015fekilde hayat bulacakt\u0131r.<\/p>\n<p>Ba\u015fkan Sarg\u0131n, \u201c Vatan topraklar\u0131 i\u015fgal alt\u0131ndayken milli \u015fairimiz Mehmet Akif Ersoy&#8217;un kaleme ald\u0131\u011f\u0131 \u0130stiklal Mar\u015f\u0131m\u0131z, milli m\u00fccadele ruhunu ve T\u00fcrk Milleti&#8217;nin vatan sevgisini en g\u00fczel bi\u00e7imde yans\u0131tmaktad\u0131r. Bundan 100 y\u0131l \u00f6nce Mehmet Akif Ersoy taraf\u0131ndan kaleme al\u0131nan milli mar\u015f\u0131m\u0131z,\u00a0 en zor ve \u00e7etin d\u00f6nemlerde bile milletimize ilham kayna\u011f\u0131 olmu\u015ftur. Bu duygularla \u0130stiklal Mar\u015f\u0131m\u0131z\u0131n kabul\u00fcn\u00fcn 100. y\u0131ld\u00f6n\u00fcm\u00fcn\u00fc ve yaz\u0131lmas\u0131na vesile olan Cumhuriyet\u2019imizin kurucusu b\u00fcy\u00fck komutan ve devlet adam\u0131 Gazi Mustafa Kemal Atat\u00fcrk\u2019\u00fc, milli mar\u015f\u0131m\u0131z\u0131n yazar\u0131 milli \u015fairimiz Mehmet Akif Ersoy&#8217;u, kahraman \u015fehitlerimiz ve gazilerimizi, rahmet ve minnetle an\u0131yorum&#8221; ifadelerini kulland\u0131.<\/p>\n","protected":false},"excerpt":{"rendered":"<p>Ba\u015fkan Sarg\u0131n, \u201cGe\u00e7mi\u015fini bilmeyen bir nesil, milletinin gelece\u011finde var olamaz\u201d Zile Belediye Ba\u015fkan\u0131 \u015e\u00fckr\u00fc Sarg\u0131n, 12 Mart \u0130stiklal Mar\u015f\u0131n\u0131n kabul\u00fc g\u00fcn\u00fc dolay\u0131s\u0131yla bir mesaj yay\u0131mlad\u0131. 12 Mart 1921 tarihinde T\u00fcrkiye B\u00fcy\u00fck Millet Meclisi taraf\u0131ndan kabul edilen \u0130stiklal Mar\u015f\u0131&#8217;n\u0131n kabul\u00fcn\u00fcn 100. y\u0131ld\u00f6n\u00fcm\u00fcn\u00fc kutlayan ve Milli \u015eairimiz Mehmet Akif Ersoy&#8217;u anan Zile Belediye Ba\u015fkan\u0131 \u015e\u00fckr\u00fc Sarg\u0131n, Milletimizin [&hellip;]<\/p>\n","protected":false},"author":1,"featured_media":1783,"comment_status":"open","ping_status":"open","sticky":false,"template":"","format":"standard","meta":{"footnotes":""},"categories":[11],"tags":[],"class_list":["post-1782","post","type-post","status-publish","format-standard","has-post-thumbnail","hentry","category-haberler"],"_links":{"self":[{"href":"http:\/\/site.zile.bel.tr\/index.php\/wp-json\/wp\/v2\/posts\/1782","targetHints":{"allow":["GET"]}}],"collection":[{"href":"http:\/\/site.zile.bel.tr\/index.php\/wp-json\/wp\/v2\/posts"}],"about":[{"href":"http:\/\/site.zile.bel.tr\/index.php\/wp-json\/wp\/v2\/types\/post"}],"author":[{"embeddable":true,"href":"http:\/\/site.zile.bel.tr\/index.php\/wp-json\/wp\/v2\/users\/1"}],"replies":[{"embeddable":true,"href":"http:\/\/site.zile.bel.tr\/index.php\/wp-json\/wp\/v2\/comments?post=1782"}],"version-history":[{"count":2,"href":"http:\/\/site.zile.bel.tr\/index.php\/wp-json\/wp\/v2\/posts\/1782\/revisions"}],"predecessor-version":[{"id":1786,"href":"http:\/\/site.zile.bel.tr\/index.php\/wp-json\/wp\/v2\/posts\/1782\/revisions\/1786"}],"wp:featuredmedia":[{"embeddable":true,"href":"http:\/\/site.zile.bel.tr\/index.php\/wp-json\/wp\/v2\/media\/1783"}],"wp:attachment":[{"href":"http:\/\/site.zile.bel.tr\/index.php\/wp-json\/wp\/v2\/media?parent=1782"}],"wp:term":[{"taxonomy":"category","embeddable":true,"href":"http:\/\/site.zile.bel.tr\/index.php\/wp-json\/wp\/v2\/categories?post=1782"},{"taxonomy":"post_tag","embeddable":true,"href":"http:\/\/site.zile.bel.tr\/index.php\/wp-json\/wp\/v2\/tags?post=1782"}],"curies":[{"name":"wp","href":"https:\/\/api.w.org\/{rel}","templated":true}]}}