{"id":1830,"date":"2021-03-24T14:01:09","date_gmt":"2021-03-24T11:01:09","guid":{"rendered":"https:\/\/site.zile.bel.tr\/?p=1830"},"modified":"2021-03-24T14:01:09","modified_gmt":"2021-03-24T11:01:09","slug":"giyim-market-bagislarinizi-bekliyor","status":"publish","type":"post","link":"http:\/\/site.zile.bel.tr\/index.php\/2021\/03\/24\/giyim-market-bagislarinizi-bekliyor\/","title":{"rendered":"Giyim Market Ba\u011f\u0131\u015flar\u0131n\u0131z\u0131 Bekliyor"},"content":{"rendered":"<p>&nbsp;<\/p>\n<p><a href=\"https:\/\/site.zile.bel.tr\/index.php\/2021\/03\/24\/giyim-market-bagislarinizi-bekliyor\/rent-car-social-media-banner-template-premium-psd\/\" rel=\"attachment wp-att-1831\"><img loading=\"lazy\" decoding=\"async\" class=\"wp-image-1831\" src=\"http:\/\/site.zile.bel.tr\/wp-content\/uploads\/2021\/03\/yardim-magaza-1024x1024.jpg\" alt=\"\" width=\"800\" height=\"800\" srcset=\"http:\/\/site.zile.bel.tr\/wp-content\/uploads\/2021\/03\/yardim-magaza-1024x1024.jpg 1024w, http:\/\/site.zile.bel.tr\/wp-content\/uploads\/2021\/03\/yardim-magaza-300x300.jpg 300w, http:\/\/site.zile.bel.tr\/wp-content\/uploads\/2021\/03\/yardim-magaza-150x150.jpg 150w, http:\/\/site.zile.bel.tr\/wp-content\/uploads\/2021\/03\/yardim-magaza-768x768.jpg 768w, http:\/\/site.zile.bel.tr\/wp-content\/uploads\/2021\/03\/yardim-magaza.jpg 1080w\" sizes=\"auto, (max-width: 800px) 100vw, 800px\" \/><\/a><\/p>\n<p>G\u0130Y\u0130M MARKET BA\u011eI\u015eLARINIZI BEKL\u0130YOR<\/p>\n<p>\u0130htiya\u00e7 sahibi vatanda\u015flar\u0131n hi\u00e7bir \u00fccret \u00f6demeden al\u0131\u015fveri\u015f yapabildi\u011fi Sosyal Yard\u0131m Ma\u011fazas\u0131, daha \u00e7ok ki\u015fiye ula\u015fmak i\u00e7in yard\u0131mseverlerden gelecek ba\u011f\u0131\u015flar\u0131 bekliyor. Zile Belediyesi K\u00fclt\u00fcr ve Sosyal \u0130\u015fler M\u00fcd\u00fcrl\u00fc\u011f\u00fc b\u00fcnyesinde Emlak ve \u0130stimlak binas\u0131n\u0131n 2. Kat\u0131 i\u00e7erisine kurulan Sosyal Yard\u0131m Ma\u011fazas\u0131, maddi durumu yetersiz olan vatanda\u015flar\u0131n giysiden, ayakkab\u0131ya kadar tepeden t\u0131rna\u011fa t\u00fcm eksiklerini kar\u015f\u0131layacak.<\/p>\n<p>BA\u011eI\u015eLAYACA\u011eINIZ KIYAFETLER \u0130Y\u0130 VE G\u0130Y\u0130LEB\u0130L\u0130R DURUMDA OLMALI<\/p>\n<p>Sosyal Yard\u0131m Ma\u011fazas\u0131 hi\u00e7 kullan\u0131lmam\u0131\u015f, yepyeni \u00fcr\u00fcnleri kabul etti\u011fi gibi ikinci el ba\u011f\u0131\u015flara da a\u00e7\u0131k. Kullan\u0131lmayan e\u015fyalar ve dolap bekleyen giysileriniz i\u015fe yaras\u0131n ihtiya\u00e7 sahibi ki\u015filerin y\u00fcz\u00fcn\u00fc g\u00fcld\u00fcrs\u00fcn istemez misiniz? \u00d6yleyse kendinizin de g\u00f6n\u00fcl rahatl\u0131\u011f\u0131yla giyebilece\u011finiz kalitede ve temiz giysiler olmas\u0131na dikkat ettiniz e\u015fyalar\u0131n\u0131z\u0131 ba\u011f\u0131\u015flayabilirsiniz. Sosyal Yard\u0131m Ma\u011fazas\u0131, titizlikle eleme yapt\u0131\u011f\u0131 k\u0131yafetleri raf ve ask\u0131lara yerle\u015ftiriyor.<\/p>\n<p>DESTEKLER\u0130N\u0130ZLE G\u00dc\u00c7LENECEK<\/p>\n<p>Sosyal Yard\u0131m Ma\u011fazas\u0131, gelen talepleri kar\u015f\u0131lamak i\u00e7in duyarl\u0131 vatanda\u015flardan destek bekliyor. Sosyal Yard\u0131m Ma\u011fazas\u0131n\u0131n destekleriniz ile g\u00fc\u00e7lendi\u011fini unutmay\u0131n. Ba\u011f\u0131\u015fta bulunmak isteyenlerin 0356 317 50 80 (dahili:157)\u00a0 numaral\u0131 telefonu tu\u015flayarak detayl\u0131 bilgi alabilirler.<\/p>\n","protected":false},"excerpt":{"rendered":"<p>&nbsp; G\u0130Y\u0130M MARKET BA\u011eI\u015eLARINIZI BEKL\u0130YOR \u0130htiya\u00e7 sahibi vatanda\u015flar\u0131n hi\u00e7bir \u00fccret \u00f6demeden al\u0131\u015fveri\u015f yapabildi\u011fi Sosyal Yard\u0131m Ma\u011fazas\u0131, daha \u00e7ok ki\u015fiye ula\u015fmak i\u00e7in yard\u0131mseverlerden gelecek ba\u011f\u0131\u015flar\u0131 bekliyor. Zile Belediyesi K\u00fclt\u00fcr ve Sosyal \u0130\u015fler M\u00fcd\u00fcrl\u00fc\u011f\u00fc b\u00fcnyesinde Emlak ve \u0130stimlak binas\u0131n\u0131n 2. Kat\u0131 i\u00e7erisine kurulan Sosyal Yard\u0131m Ma\u011fazas\u0131, maddi durumu yetersiz olan vatanda\u015flar\u0131n giysiden, ayakkab\u0131ya kadar tepeden t\u0131rna\u011fa t\u00fcm [&hellip;]<\/p>\n","protected":false},"author":1,"featured_media":1831,"comment_status":"open","ping_status":"open","sticky":false,"template":"","format":"standard","meta":{"footnotes":""},"categories":[11],"tags":[],"class_list":["post-1830","post","type-post","status-publish","format-standard","has-post-thumbnail","hentry","category-haberler"],"_links":{"self":[{"href":"http:\/\/site.zile.bel.tr\/index.php\/wp-json\/wp\/v2\/posts\/1830","targetHints":{"allow":["GET"]}}],"collection":[{"href":"http:\/\/site.zile.bel.tr\/index.php\/wp-json\/wp\/v2\/posts"}],"about":[{"href":"http:\/\/site.zile.bel.tr\/index.php\/wp-json\/wp\/v2\/types\/post"}],"author":[{"embeddable":true,"href":"http:\/\/site.zile.bel.tr\/index.php\/wp-json\/wp\/v2\/users\/1"}],"replies":[{"embeddable":true,"href":"http:\/\/site.zile.bel.tr\/index.php\/wp-json\/wp\/v2\/comments?post=1830"}],"version-history":[{"count":2,"href":"http:\/\/site.zile.bel.tr\/index.php\/wp-json\/wp\/v2\/posts\/1830\/revisions"}],"predecessor-version":[{"id":1833,"href":"http:\/\/site.zile.bel.tr\/index.php\/wp-json\/wp\/v2\/posts\/1830\/revisions\/1833"}],"wp:featuredmedia":[{"embeddable":true,"href":"http:\/\/site.zile.bel.tr\/index.php\/wp-json\/wp\/v2\/media\/1831"}],"wp:attachment":[{"href":"http:\/\/site.zile.bel.tr\/index.php\/wp-json\/wp\/v2\/media?parent=1830"}],"wp:term":[{"taxonomy":"category","embeddable":true,"href":"http:\/\/site.zile.bel.tr\/index.php\/wp-json\/wp\/v2\/categories?post=1830"},{"taxonomy":"post_tag","embeddable":true,"href":"http:\/\/site.zile.bel.tr\/index.php\/wp-json\/wp\/v2\/tags?post=1830"}],"curies":[{"name":"wp","href":"https:\/\/api.w.org\/{rel}","templated":true}]}}