{"id":1844,"date":"2021-04-13T16:52:21","date_gmt":"2021-04-13T13:52:21","guid":{"rendered":"https:\/\/site.zile.bel.tr\/?p=1844"},"modified":"2021-04-13T16:52:21","modified_gmt":"2021-04-13T13:52:21","slug":"ozlenen-iftar-cadiri-evlere-tasiniyor","status":"publish","type":"post","link":"http:\/\/site.zile.bel.tr\/index.php\/2021\/04\/13\/ozlenen-iftar-cadiri-evlere-tasiniyor\/","title":{"rendered":"\u00d6zlenen iftar \u00e7ad\u0131r\u0131 evlere ta\u015f\u0131n\u0131yor"},"content":{"rendered":"<p>T\u00fcm d\u00fcnyada ve \u00fclkemizde devam eden pandemi s\u00fcreci nedeniyle bu y\u0131l da Zile\u2019de kurulmayan iftar \u00e7ad\u0131r\u0131n\u0131n yerini a\u015fevi ald\u0131.<\/p>\n<p>Ramazan ay\u0131n\u0131n gelmesiyle birlikte Zile\u2019de ihtiya\u00e7 sahipleri, kimsesi olmayan, koronavir\u00fcse yakalanm\u0131\u015f ya da bak\u0131ma muhta\u00e7 vatanda\u015flar i\u00e7in dev kazanlar kaynamaya, g\u00f6n\u00fcl sofralar\u0131 kurulmaya ba\u015flad\u0131.<\/p>\n<p>T\u00fcm d\u00fcnyada ve \u00fclkemizde devam eden pandemi s\u00fcreci nedeniyle bu y\u0131l da Zile\u2019de kurulmayan iftar \u00e7ad\u0131r\u0131n\u0131n yerini a\u015fevi ald\u0131. \u0130htiya\u00e7 sahipleri i\u00e7in dev kazanlar kaynamaya g\u00f6n\u00fcl sofralar\u0131n\u0131n haz\u0131rl\u0131klar\u0131 yap\u0131lmaya ba\u015fland\u0131.<\/p>\n<p>Ramazan ay\u0131n\u0131n birlik beraberlik ve dayan\u0131\u015fma ay\u0131 oldu\u011funa dikkat \u00e7eken Zile Belediye Ba\u015fkan\u0131 \u015e\u00fckr\u00fc Sarg\u0131n, bundan \u00f6nce oldu\u011fu gibi Ramazan ay\u0131nda da her zaman vatanda\u015flar\u0131n\u0131n yan\u0131nda olmaya devam edeceklerini ve \u2018Kom\u015fusu a\u00e7ken kendisi tok yatan bizden de\u011fildir\u2019 anlay\u0131\u015f\u0131n\u0131 Millet olarak her zaman ta\u015f\u0131d\u0131klar\u0131n\u0131 kaydetti.<\/p>\n","protected":false},"excerpt":{"rendered":"<p>T\u00fcm d\u00fcnyada ve \u00fclkemizde devam eden pandemi s\u00fcreci nedeniyle bu y\u0131l da Zile\u2019de kurulmayan iftar \u00e7ad\u0131r\u0131n\u0131n yerini a\u015fevi ald\u0131. Ramazan ay\u0131n\u0131n gelmesiyle birlikte Zile\u2019de ihtiya\u00e7 sahipleri, kimsesi olmayan, koronavir\u00fcse yakalanm\u0131\u015f ya da bak\u0131ma muhta\u00e7 vatanda\u015flar i\u00e7in dev kazanlar kaynamaya, g\u00f6n\u00fcl sofralar\u0131 kurulmaya ba\u015flad\u0131. T\u00fcm d\u00fcnyada ve \u00fclkemizde devam eden pandemi s\u00fcreci nedeniyle bu y\u0131l da [&hellip;]<\/p>\n","protected":false},"author":1,"featured_media":1845,"comment_status":"open","ping_status":"open","sticky":false,"template":"","format":"standard","meta":{"footnotes":""},"categories":[11],"tags":[],"class_list":["post-1844","post","type-post","status-publish","format-standard","has-post-thumbnail","hentry","category-haberler"],"_links":{"self":[{"href":"http:\/\/site.zile.bel.tr\/index.php\/wp-json\/wp\/v2\/posts\/1844","targetHints":{"allow":["GET"]}}],"collection":[{"href":"http:\/\/site.zile.bel.tr\/index.php\/wp-json\/wp\/v2\/posts"}],"about":[{"href":"http:\/\/site.zile.bel.tr\/index.php\/wp-json\/wp\/v2\/types\/post"}],"author":[{"embeddable":true,"href":"http:\/\/site.zile.bel.tr\/index.php\/wp-json\/wp\/v2\/users\/1"}],"replies":[{"embeddable":true,"href":"http:\/\/site.zile.bel.tr\/index.php\/wp-json\/wp\/v2\/comments?post=1844"}],"version-history":[{"count":1,"href":"http:\/\/site.zile.bel.tr\/index.php\/wp-json\/wp\/v2\/posts\/1844\/revisions"}],"predecessor-version":[{"id":1846,"href":"http:\/\/site.zile.bel.tr\/index.php\/wp-json\/wp\/v2\/posts\/1844\/revisions\/1846"}],"wp:featuredmedia":[{"embeddable":true,"href":"http:\/\/site.zile.bel.tr\/index.php\/wp-json\/wp\/v2\/media\/1845"}],"wp:attachment":[{"href":"http:\/\/site.zile.bel.tr\/index.php\/wp-json\/wp\/v2\/media?parent=1844"}],"wp:term":[{"taxonomy":"category","embeddable":true,"href":"http:\/\/site.zile.bel.tr\/index.php\/wp-json\/wp\/v2\/categories?post=1844"},{"taxonomy":"post_tag","embeddable":true,"href":"http:\/\/site.zile.bel.tr\/index.php\/wp-json\/wp\/v2\/tags?post=1844"}],"curies":[{"name":"wp","href":"https:\/\/api.w.org\/{rel}","templated":true}]}}