{"id":1850,"date":"2021-05-02T15:47:55","date_gmt":"2021-05-02T12:47:55","guid":{"rendered":"https:\/\/site.zile.bel.tr\/?p=1850"},"modified":"2021-05-17T00:34:27","modified_gmt":"2021-05-16T21:34:27","slug":"belediye-baskani-orkestra-sefidir","status":"publish","type":"post","link":"http:\/\/site.zile.bel.tr\/index.php\/2021\/05\/02\/belediye-baskani-orkestra-sefidir\/","title":{"rendered":"Belediye Ba\u015fkan\u0131 orkestra \u015fefidir"},"content":{"rendered":"<p><a href=\"https:\/\/site.zile.bel.tr\/baskandan-4\/\"><img loading=\"lazy\" decoding=\"async\" class=\"alignnone wp-image-846\" src=\"http:\/\/site.zile.bel.tr\/wp-content\/uploads\/2021\/02\/baskandan-1.png\" alt=\"\" width=\"409\" height=\"275\" srcset=\"http:\/\/site.zile.bel.tr\/wp-content\/uploads\/2021\/02\/baskandan-1.png 1000w, http:\/\/site.zile.bel.tr\/wp-content\/uploads\/2021\/02\/baskandan-1-300x202.png 300w, http:\/\/site.zile.bel.tr\/wp-content\/uploads\/2021\/02\/baskandan-1-768x518.png 768w\" sizes=\"auto, (max-width: 409px) 100vw, 409px\" \/><\/a><\/p>\n<p><strong>Belediye Ba\u015fkan\u0131 orkestra \u015fefidir<\/strong><\/p>\n<p>De\u011ferli \u00e7al\u0131\u015fanlar,<\/p>\n<p>Zile Belediyesi\u2019nin t\u00fcm \u00e7al\u0131\u015fanlar\u0131, Zile\u2019deki kentsel geli\u015fmi\u015fli\u011fe, kentsel ya\u015fam kalitesinin art\u0131r\u0131lmas\u0131na katk\u0131 sunan \u00e7ok k\u0131ymetli bir orkestran\u0131n \u00fcyeleridir.<\/p>\n<p>Zile Belediye Ba\u015fkan\u0131 ise bu orkestran\u0131n <strong>\u201c\u015fefi<\/strong>\u201d dir.<\/p>\n<p>\u015eef, hi\u00e7bir enstr\u00fcman \u00e7almaz, par\u00e7a yorumlamaz.<\/p>\n<p>Her bir orkestra eleman\u0131 sadece kendi g\u00f6revi kadar katk\u0131 sa\u011flarken, orkestra \u015fefi, orkestra elemanlar\u0131n\u0131 y\u00f6nlendirmekle sorumludur.<\/p>\n<p>Belediye Ba\u015fkan\u0131 hi\u00e7bir zaman, belediyedeki \u00e7al\u0131\u015fanlar\u0131n yapt\u0131\u011f\u0131n\u0131 yapmaz, yaparsa zaten belediye ba\u015fkan\u0131 olmaz.<\/p>\n<p>E\u011fer \u00e7al\u0131\u015fanlar\u0131m\u0131z kendilerini yeniliklere g\u00f6re e\u011fitir ve geli\u015ftirirlerse, her bir belediye \u00e7al\u0131\u015fan\u0131 belediyenin ve Zile\u2019nin sorunlar\u0131n\u0131n \u00e7\u00f6z\u00fcm\u00fcnde duyarl\u0131 olursa, inisiyatif al\u0131rsa, \u201cbana ne\u201d demeden kendi alan\u0131nda k\u00fc\u00e7\u00fck bir sorunu \u00e7\u00f6zerse, bir proje fikri \u00fcretirse, kurumsalla\u015fma ve markala\u015fma \u00e7al\u0131\u015fmalar\u0131na \u00f6nem verirse, belediyenin paras\u0131n\u0131n kendi paras\u0131 oldu\u011funu d\u00fc\u015f\u00fcn\u00fcrse ve b\u00fct\u00fcn bunlar\u0131 yaparken bizden yard\u0131m talep ederse, Zile Belediyesi i\u015fte o zaman tepeden de\u011fil, tabandan gelen ger\u00e7ek g\u00fc\u00e7le geli\u015fir<\/p>\n<p>\u015e\u00fckr\u00fc SARGIN<\/p>\n","protected":false},"excerpt":{"rendered":"<p>Belediye Ba\u015fkan\u0131 orkestra \u015fefidir De\u011ferli \u00e7al\u0131\u015fanlar, Zile Belediyesi\u2019nin t\u00fcm \u00e7al\u0131\u015fanlar\u0131, Zile\u2019deki kentsel geli\u015fmi\u015fli\u011fe, kentsel ya\u015fam kalitesinin art\u0131r\u0131lmas\u0131na katk\u0131 sunan \u00e7ok k\u0131ymetli bir orkestran\u0131n \u00fcyeleridir. Zile Belediye Ba\u015fkan\u0131 ise bu orkestran\u0131n \u201c\u015fefi\u201d dir. \u015eef, hi\u00e7bir enstr\u00fcman \u00e7almaz, par\u00e7a yorumlamaz. Her bir orkestra eleman\u0131 sadece kendi g\u00f6revi kadar katk\u0131 sa\u011flarken, orkestra \u015fefi, orkestra elemanlar\u0131n\u0131 y\u00f6nlendirmekle sorumludur. Belediye [&hellip;]<\/p>\n","protected":false},"author":1,"featured_media":2016,"comment_status":"open","ping_status":"open","sticky":false,"template":"","format":"standard","meta":{"footnotes":""},"categories":[56,23],"tags":[95,82,90,89,27],"class_list":["post-1850","post","type-post","status-publish","format-standard","has-post-thumbnail","hentry","category-baskandan","category-blog","tag-baskan","tag-belediye","tag-sargin","tag-sukru","tag-zile"],"_links":{"self":[{"href":"http:\/\/site.zile.bel.tr\/index.php\/wp-json\/wp\/v2\/posts\/1850","targetHints":{"allow":["GET"]}}],"collection":[{"href":"http:\/\/site.zile.bel.tr\/index.php\/wp-json\/wp\/v2\/posts"}],"about":[{"href":"http:\/\/site.zile.bel.tr\/index.php\/wp-json\/wp\/v2\/types\/post"}],"author":[{"embeddable":true,"href":"http:\/\/site.zile.bel.tr\/index.php\/wp-json\/wp\/v2\/users\/1"}],"replies":[{"embeddable":true,"href":"http:\/\/site.zile.bel.tr\/index.php\/wp-json\/wp\/v2\/comments?post=1850"}],"version-history":[{"count":1,"href":"http:\/\/site.zile.bel.tr\/index.php\/wp-json\/wp\/v2\/posts\/1850\/revisions"}],"predecessor-version":[{"id":1851,"href":"http:\/\/site.zile.bel.tr\/index.php\/wp-json\/wp\/v2\/posts\/1850\/revisions\/1851"}],"wp:featuredmedia":[{"embeddable":true,"href":"http:\/\/site.zile.bel.tr\/index.php\/wp-json\/wp\/v2\/media\/2016"}],"wp:attachment":[{"href":"http:\/\/site.zile.bel.tr\/index.php\/wp-json\/wp\/v2\/media?parent=1850"}],"wp:term":[{"taxonomy":"category","embeddable":true,"href":"http:\/\/site.zile.bel.tr\/index.php\/wp-json\/wp\/v2\/categories?post=1850"},{"taxonomy":"post_tag","embeddable":true,"href":"http:\/\/site.zile.bel.tr\/index.php\/wp-json\/wp\/v2\/tags?post=1850"}],"curies":[{"name":"wp","href":"https:\/\/api.w.org\/{rel}","templated":true}]}}