{"id":1852,"date":"2021-05-02T15:49:18","date_gmt":"2021-05-02T12:49:18","guid":{"rendered":"https:\/\/site.zile.bel.tr\/?p=1852"},"modified":"2021-05-17T00:35:31","modified_gmt":"2021-05-16T21:35:31","slug":"isimiz-siyaset-degil","status":"publish","type":"post","link":"http:\/\/site.zile.bel.tr\/index.php\/2021\/05\/02\/isimiz-siyaset-degil\/","title":{"rendered":"\u0130\u015fimiz siyaset de\u011fil"},"content":{"rendered":"<p><a href=\"https:\/\/site.zile.bel.tr\/index.php\/2021\/05\/02\/belediye-baskani-orkestra-sefidir\/baskandan-4\/\" rel=\"attachment wp-att-846\"><img loading=\"lazy\" decoding=\"async\" class=\"alignnone wp-image-846\" src=\"http:\/\/site.zile.bel.tr\/wp-content\/uploads\/2021\/02\/baskandan-1.png\" alt=\"\" width=\"434\" height=\"292\" srcset=\"http:\/\/site.zile.bel.tr\/wp-content\/uploads\/2021\/02\/baskandan-1.png 1000w, http:\/\/site.zile.bel.tr\/wp-content\/uploads\/2021\/02\/baskandan-1-300x202.png 300w, http:\/\/site.zile.bel.tr\/wp-content\/uploads\/2021\/02\/baskandan-1-768x518.png 768w\" sizes=\"auto, (max-width: 434px) 100vw, 434px\" \/><\/a><\/p>\n<p><strong>\u0130\u015fimiz siyaset de\u011fil<\/strong><\/p>\n<p>\u0130\u015fimiz siyaset de\u011fil, gelece\u011fin Zile\u2019sini kurmakt\u0131r<\/p>\n<p>Ba\u015fl\u0131ktaki felsefe ile Zile\u2019deki t\u00fcm vatanda\u015flar\u0131 kucaklayarak, kendi \u00f6z i\u015fimize odaklanmaya \u00e7al\u0131\u015f\u0131yoruz.<\/p>\n<p>Evet, bir siyasi partiden geliyoruz ama siyaset \u00fcst\u00fc duru\u015fumuzla, t\u00fcm enerjimizi ve zaman\u0131m\u0131z\u0131 \u00f6nce belediyemizin, sonra da Zile\u2019nin ger\u00e7ek sorunlar\u0131na ve bizi gelece\u011fe ta\u015f\u0131yacak olan konulara harc\u0131yoruz.<\/p>\n<p>Bizler elbette siyasete kay\u0131ts\u0131z de\u011filiz. Ancak siyasetin makam\u0131 bellidir.<\/p>\n<p>Zile Belediye Ba\u015fkan\u0131 olarak, sadece siyaseti \u00e7al\u0131\u015fmalar\u0131m\u0131z\u0131n merkezine alarak ger\u00e7ek hedeflerimizi ve i\u015flerimizi unutmamam\u0131z gerekti\u011fine dair bir inanc\u0131 ta\u015f\u0131yoruz.<\/p>\n<p>Biz siyasete dalmak yerine, gelece\u011fin Zile\u2019sini kurmaya \u00e7al\u0131\u015f\u0131yoruz.<\/p>\n","protected":false},"excerpt":{"rendered":"<p>\u0130\u015fimiz siyaset de\u011fil \u0130\u015fimiz siyaset de\u011fil, gelece\u011fin Zile\u2019sini kurmakt\u0131r Ba\u015fl\u0131ktaki felsefe ile Zile\u2019deki t\u00fcm vatanda\u015flar\u0131 kucaklayarak, kendi \u00f6z i\u015fimize odaklanmaya \u00e7al\u0131\u015f\u0131yoruz. Evet, bir siyasi partiden geliyoruz ama siyaset \u00fcst\u00fc duru\u015fumuzla, t\u00fcm enerjimizi ve zaman\u0131m\u0131z\u0131 \u00f6nce belediyemizin, sonra da Zile\u2019nin ger\u00e7ek sorunlar\u0131na ve bizi gelece\u011fe ta\u015f\u0131yacak olan konulara harc\u0131yoruz. Bizler elbette siyasete kay\u0131ts\u0131z de\u011filiz. Ancak siyasetin [&hellip;]<\/p>\n","protected":false},"author":1,"featured_media":2017,"comment_status":"open","ping_status":"open","sticky":false,"template":"","format":"standard","meta":{"footnotes":""},"categories":[56,23],"tags":[90,89],"class_list":["post-1852","post","type-post","status-publish","format-standard","has-post-thumbnail","hentry","category-baskandan","category-blog","tag-sargin","tag-sukru"],"_links":{"self":[{"href":"http:\/\/site.zile.bel.tr\/index.php\/wp-json\/wp\/v2\/posts\/1852","targetHints":{"allow":["GET"]}}],"collection":[{"href":"http:\/\/site.zile.bel.tr\/index.php\/wp-json\/wp\/v2\/posts"}],"about":[{"href":"http:\/\/site.zile.bel.tr\/index.php\/wp-json\/wp\/v2\/types\/post"}],"author":[{"embeddable":true,"href":"http:\/\/site.zile.bel.tr\/index.php\/wp-json\/wp\/v2\/users\/1"}],"replies":[{"embeddable":true,"href":"http:\/\/site.zile.bel.tr\/index.php\/wp-json\/wp\/v2\/comments?post=1852"}],"version-history":[{"count":1,"href":"http:\/\/site.zile.bel.tr\/index.php\/wp-json\/wp\/v2\/posts\/1852\/revisions"}],"predecessor-version":[{"id":1853,"href":"http:\/\/site.zile.bel.tr\/index.php\/wp-json\/wp\/v2\/posts\/1852\/revisions\/1853"}],"wp:featuredmedia":[{"embeddable":true,"href":"http:\/\/site.zile.bel.tr\/index.php\/wp-json\/wp\/v2\/media\/2017"}],"wp:attachment":[{"href":"http:\/\/site.zile.bel.tr\/index.php\/wp-json\/wp\/v2\/media?parent=1852"}],"wp:term":[{"taxonomy":"category","embeddable":true,"href":"http:\/\/site.zile.bel.tr\/index.php\/wp-json\/wp\/v2\/categories?post=1852"},{"taxonomy":"post_tag","embeddable":true,"href":"http:\/\/site.zile.bel.tr\/index.php\/wp-json\/wp\/v2\/tags?post=1852"}],"curies":[{"name":"wp","href":"https:\/\/api.w.org\/{rel}","templated":true}]}}