{"id":1854,"date":"2021-05-02T15:50:29","date_gmt":"2021-05-02T12:50:29","guid":{"rendered":"https:\/\/site.zile.bel.tr\/?p=1854"},"modified":"2021-05-17T00:37:16","modified_gmt":"2021-05-16T21:37:16","slug":"mukemmel-bir-butun-mukemmel-parcalardan-olusur","status":"publish","type":"post","link":"http:\/\/site.zile.bel.tr\/index.php\/2021\/05\/02\/mukemmel-bir-butun-mukemmel-parcalardan-olusur\/","title":{"rendered":"M\u00fckemmel bir b\u00fct\u00fcn m\u00fckemmel par\u00e7alardan olu\u015fur."},"content":{"rendered":"<p><a href=\"https:\/\/site.zile.bel.tr\/index.php\/2021\/05\/02\/belediye-baskani-orkestra-sefidir\/baskandan-4\/\" rel=\"attachment wp-att-846\"><img loading=\"lazy\" decoding=\"async\" class=\"alignnone wp-image-846\" src=\"http:\/\/site.zile.bel.tr\/wp-content\/uploads\/2021\/02\/baskandan-1.png\" alt=\"\" width=\"372\" height=\"250\" srcset=\"http:\/\/site.zile.bel.tr\/wp-content\/uploads\/2021\/02\/baskandan-1.png 1000w, http:\/\/site.zile.bel.tr\/wp-content\/uploads\/2021\/02\/baskandan-1-300x202.png 300w, http:\/\/site.zile.bel.tr\/wp-content\/uploads\/2021\/02\/baskandan-1-768x518.png 768w\" sizes=\"auto, (max-width: 372px) 100vw, 372px\" \/><\/a><\/p>\n<p><strong>M\u00fckemmel bir b\u00fct\u00fcn m\u00fckemmel par\u00e7alardan olu\u015fur.<\/strong><\/p>\n<p>Zile\u2019mizin geli\u015febilmesi, Zile Belediyesi\u2019nde \u00e7al\u0131\u015fanlar\u0131n kendi alanlar\u0131ndaki kendi eksikliklerine ve geli\u015fmelere odaklanmas\u0131, sorunun de\u011fil, \u00e7\u00f6z\u00fcm\u00fcn bir par\u00e7as\u0131 olmas\u0131 ile m\u00fcmk\u00fcnd\u00fcr.<\/p>\n<p>Zile Belediyesi \u00e7al\u0131\u015fanlar\u0131 olumsuz ve ayr\u0131\u015ft\u0131r\u0131c\u0131, zaman ve enerji t\u00fcketen polemik tuza\u011f\u0131ndan s\u0131yr\u0131l\u0131p, kendi alanlar\u0131nda m\u00fckemmel olmaya \u00e7al\u0131\u015fmas\u0131 gerekmektedir.<\/p>\n<p>Belediye Ba\u015fkan\u0131 bu yolculukta sadece \u00e7al\u0131\u015fanlar\u0131na rehberlik eder.<\/p>\n<p>Her \u00e7al\u0131\u015fan belediyemizin ve Zile\u2019mizin eksikliklerine odaklan\u0131r buna g\u00f6re projelere y\u00f6nelirse m\u00fckemmel bir par\u00e7a olu\u015ftururuz.<\/p>\n<p>T\u00fcm belediye \u00e7al\u0131\u015fanlar\u0131m\u0131z, belediyemizin var olan s\u0131k\u0131nt\u0131lar\u0131 aras\u0131nda, belediyemizi ve \u015fehrimizi gelece\u011fe ta\u015f\u0131yacak olan kurumsalla\u015fma, markala\u015fma, yenilik\u00e7ilik gibi konulara odaklanmas\u0131 gerekmektedir.<\/p>\n<p>Ba\u015fkanl\u0131k makam\u0131 olarak bu konulara odaklanan ya da odaklanmak isteyen t\u00fcm \u00e7al\u0131\u015fanlar\u0131m\u0131za ihtiyac\u0131 olan deste\u011fi olanaklar\u0131m\u0131z \u00f6l\u00e7\u00fcs\u00fcnde vermeye haz\u0131rd\u0131r.<\/p>\n<p>Her m\u00fcd\u00fcrl\u00fc\u011f\u00fcn, birimin, herkesin ve her kesimin olu\u015fturdu\u011fu m\u00fckemmel par\u00e7alar, m\u00fckemmel bir b\u00fct\u00fcn olu\u015fturacakt\u0131r.<\/p>\n","protected":false},"excerpt":{"rendered":"<p>M\u00fckemmel bir b\u00fct\u00fcn m\u00fckemmel par\u00e7alardan olu\u015fur. Zile\u2019mizin geli\u015febilmesi, Zile Belediyesi\u2019nde \u00e7al\u0131\u015fanlar\u0131n kendi alanlar\u0131ndaki kendi eksikliklerine ve geli\u015fmelere odaklanmas\u0131, sorunun de\u011fil, \u00e7\u00f6z\u00fcm\u00fcn bir par\u00e7as\u0131 olmas\u0131 ile m\u00fcmk\u00fcnd\u00fcr. Zile Belediyesi \u00e7al\u0131\u015fanlar\u0131 olumsuz ve ayr\u0131\u015ft\u0131r\u0131c\u0131, zaman ve enerji t\u00fcketen polemik tuza\u011f\u0131ndan s\u0131yr\u0131l\u0131p, kendi alanlar\u0131nda m\u00fckemmel olmaya \u00e7al\u0131\u015fmas\u0131 gerekmektedir. Belediye Ba\u015fkan\u0131 bu yolculukta sadece \u00e7al\u0131\u015fanlar\u0131na rehberlik eder. Her \u00e7al\u0131\u015fan [&hellip;]<\/p>\n","protected":false},"author":1,"featured_media":2018,"comment_status":"open","ping_status":"open","sticky":false,"template":"","format":"standard","meta":{"footnotes":""},"categories":[56,23],"tags":[90,89],"class_list":["post-1854","post","type-post","status-publish","format-standard","has-post-thumbnail","hentry","category-baskandan","category-blog","tag-sargin","tag-sukru"],"_links":{"self":[{"href":"http:\/\/site.zile.bel.tr\/index.php\/wp-json\/wp\/v2\/posts\/1854","targetHints":{"allow":["GET"]}}],"collection":[{"href":"http:\/\/site.zile.bel.tr\/index.php\/wp-json\/wp\/v2\/posts"}],"about":[{"href":"http:\/\/site.zile.bel.tr\/index.php\/wp-json\/wp\/v2\/types\/post"}],"author":[{"embeddable":true,"href":"http:\/\/site.zile.bel.tr\/index.php\/wp-json\/wp\/v2\/users\/1"}],"replies":[{"embeddable":true,"href":"http:\/\/site.zile.bel.tr\/index.php\/wp-json\/wp\/v2\/comments?post=1854"}],"version-history":[{"count":1,"href":"http:\/\/site.zile.bel.tr\/index.php\/wp-json\/wp\/v2\/posts\/1854\/revisions"}],"predecessor-version":[{"id":1855,"href":"http:\/\/site.zile.bel.tr\/index.php\/wp-json\/wp\/v2\/posts\/1854\/revisions\/1855"}],"wp:featuredmedia":[{"embeddable":true,"href":"http:\/\/site.zile.bel.tr\/index.php\/wp-json\/wp\/v2\/media\/2018"}],"wp:attachment":[{"href":"http:\/\/site.zile.bel.tr\/index.php\/wp-json\/wp\/v2\/media?parent=1854"}],"wp:term":[{"taxonomy":"category","embeddable":true,"href":"http:\/\/site.zile.bel.tr\/index.php\/wp-json\/wp\/v2\/categories?post=1854"},{"taxonomy":"post_tag","embeddable":true,"href":"http:\/\/site.zile.bel.tr\/index.php\/wp-json\/wp\/v2\/tags?post=1854"}],"curies":[{"name":"wp","href":"https:\/\/api.w.org\/{rel}","templated":true}]}}