{"id":1859,"date":"2021-05-12T12:20:04","date_gmt":"2021-05-12T09:20:04","guid":{"rendered":"http:\/\/site.zile.bel.tr\/?p=1859"},"modified":"2021-05-16T23:13:51","modified_gmt":"2021-05-16T20:13:51","slug":"her-kultur-evi-bir-tarihtir","status":"publish","type":"post","link":"http:\/\/site.zile.bel.tr\/index.php\/2021\/05\/12\/her-kultur-evi-bir-tarihtir\/","title":{"rendered":"Her K\u00fclt\u00fcr Evi Bir Tarihtir"},"content":{"rendered":"<p><a href=\"http:\/\/site.zile.bel.tr\/index.php\/2021\/05\/12\/her-kultur-evi-bir-tarihtir\/kultur-975-x-2082\/\" rel=\"attachment wp-att-2005\"><img loading=\"lazy\" decoding=\"async\" class=\"alignnone wp-image-2005\" src=\"http:\/\/site.zile.bel.tr\/wp-content\/uploads\/2021\/05\/kultur-975-x-2082-480x1024.jpg\" alt=\"\" width=\"800\" height=\"1708\" srcset=\"http:\/\/site.zile.bel.tr\/wp-content\/uploads\/2021\/05\/kultur-975-x-2082-480x1024.jpg 480w, http:\/\/site.zile.bel.tr\/wp-content\/uploads\/2021\/05\/kultur-975-x-2082-140x300.jpg 140w, http:\/\/site.zile.bel.tr\/wp-content\/uploads\/2021\/05\/kultur-975-x-2082-768x1640.jpg 768w, http:\/\/site.zile.bel.tr\/wp-content\/uploads\/2021\/05\/kultur-975-x-2082-719x1536.jpg 719w, http:\/\/site.zile.bel.tr\/wp-content\/uploads\/2021\/05\/kultur-975-x-2082-959x2048.jpg 959w, http:\/\/site.zile.bel.tr\/wp-content\/uploads\/2021\/05\/kultur-975-x-2082.jpg 975w\" sizes=\"auto, (max-width: 800px) 100vw, 800px\" \/><\/a><br \/>\nAs\u0131rl\u0131k konak Zile Belediyesi k\u00fclt\u00fcr ve sanat evi olarak hizmete a\u00e7\u0131ld\u0131.<\/p>\n<p>Geleneksel Zile evi ve ya\u015fam\u0131n\u0131 ziyaret\u00e7ilerle bulu\u015fturan K\u00fclt\u00fcr ve Sanat Evi, Zileli han\u0131mlar\u0131n ve sanat\u00e7\u0131lar\u0131n d\u00fczenleyecekleri etkinliklere ev sahipli\u011fi yapacak, Zilelilerin ve ziyaret\u00e7ilerin d\u00fc\u015f\u00fcnce d\u00fcnyalar\u0131na, ge\u00e7mi\u015fe d\u00f6n\u00fck duygularla kap\u0131y\u0131 a\u00e7\u0131k tutacakt\u0131r.<\/p>\n<p>&nbsp;<\/p>\n<p><strong>\u201cZile T\u00fcrkiye\u2019dir\u201d<\/strong><\/p>\n","protected":false},"excerpt":{"rendered":"<p>As\u0131rl\u0131k konak Zile Belediyesi k\u00fclt\u00fcr ve sanat evi olarak hizmete a\u00e7\u0131ld\u0131. Geleneksel Zile evi ve ya\u015fam\u0131n\u0131 ziyaret\u00e7ilerle bulu\u015fturan K\u00fclt\u00fcr ve Sanat Evi, Zileli han\u0131mlar\u0131n ve sanat\u00e7\u0131lar\u0131n d\u00fczenleyecekleri etkinliklere ev sahipli\u011fi yapacak, Zilelilerin ve ziyaret\u00e7ilerin d\u00fc\u015f\u00fcnce d\u00fcnyalar\u0131na, ge\u00e7mi\u015fe d\u00f6n\u00fck duygularla kap\u0131y\u0131 a\u00e7\u0131k tutacakt\u0131r. &nbsp; \u201cZile T\u00fcrkiye\u2019dir\u201d<\/p>\n","protected":false},"author":1,"featured_media":2007,"comment_status":"open","ping_status":"open","sticky":false,"template":"","format":"standard","meta":{"footnotes":""},"categories":[8],"tags":[82,153,137,27],"class_list":["post-1859","post","type-post","status-publish","format-standard","has-post-thumbnail","hentry","category-tamamlanan-projeler","tag-belediye","tag-evi","tag-kultur","tag-zile"],"_links":{"self":[{"href":"http:\/\/site.zile.bel.tr\/index.php\/wp-json\/wp\/v2\/posts\/1859","targetHints":{"allow":["GET"]}}],"collection":[{"href":"http:\/\/site.zile.bel.tr\/index.php\/wp-json\/wp\/v2\/posts"}],"about":[{"href":"http:\/\/site.zile.bel.tr\/index.php\/wp-json\/wp\/v2\/types\/post"}],"author":[{"embeddable":true,"href":"http:\/\/site.zile.bel.tr\/index.php\/wp-json\/wp\/v2\/users\/1"}],"replies":[{"embeddable":true,"href":"http:\/\/site.zile.bel.tr\/index.php\/wp-json\/wp\/v2\/comments?post=1859"}],"version-history":[{"count":3,"href":"http:\/\/site.zile.bel.tr\/index.php\/wp-json\/wp\/v2\/posts\/1859\/revisions"}],"predecessor-version":[{"id":2008,"href":"http:\/\/site.zile.bel.tr\/index.php\/wp-json\/wp\/v2\/posts\/1859\/revisions\/2008"}],"wp:featuredmedia":[{"embeddable":true,"href":"http:\/\/site.zile.bel.tr\/index.php\/wp-json\/wp\/v2\/media\/2007"}],"wp:attachment":[{"href":"http:\/\/site.zile.bel.tr\/index.php\/wp-json\/wp\/v2\/media?parent=1859"}],"wp:term":[{"taxonomy":"category","embeddable":true,"href":"http:\/\/site.zile.bel.tr\/index.php\/wp-json\/wp\/v2\/categories?post=1859"},{"taxonomy":"post_tag","embeddable":true,"href":"http:\/\/site.zile.bel.tr\/index.php\/wp-json\/wp\/v2\/tags?post=1859"}],"curies":[{"name":"wp","href":"https:\/\/api.w.org\/{rel}","templated":true}]}}