{"id":1861,"date":"2021-05-12T12:20:42","date_gmt":"2021-05-12T09:20:42","guid":{"rendered":"http:\/\/site.zile.bel.tr\/?p=1861"},"modified":"2021-05-16T23:09:09","modified_gmt":"2021-05-16T20:09:09","slug":"halk-masasi-iletisim-koridoru-kuruyoruz","status":"publish","type":"post","link":"http:\/\/site.zile.bel.tr\/index.php\/2021\/05\/12\/halk-masasi-iletisim-koridoru-kuruyoruz\/","title":{"rendered":"Halk Masas\u0131 &#8211; \u0130leti\u015fim koridoru kuruyoruz"},"content":{"rendered":"<p><strong><a href=\"http:\/\/site.zile.bel.tr\/index.php\/2021\/05\/12\/halk-masasi-iletisim-koridoru-kuruyoruz\/halk-masasi-975-x-1224\/\" rel=\"attachment wp-att-2002\"><img loading=\"lazy\" decoding=\"async\" class=\"alignnone wp-image-2002\" src=\"http:\/\/site.zile.bel.tr\/wp-content\/uploads\/2021\/05\/halk-masasi-975-x-1224-816x1024.jpg\" alt=\"\" width=\"800\" height=\"1004\" srcset=\"http:\/\/site.zile.bel.tr\/wp-content\/uploads\/2021\/05\/halk-masasi-975-x-1224-816x1024.jpg 816w, http:\/\/site.zile.bel.tr\/wp-content\/uploads\/2021\/05\/halk-masasi-975-x-1224-239x300.jpg 239w, http:\/\/site.zile.bel.tr\/wp-content\/uploads\/2021\/05\/halk-masasi-975-x-1224-768x964.jpg 768w, http:\/\/site.zile.bel.tr\/wp-content\/uploads\/2021\/05\/halk-masasi-975-x-1224.jpg 975w\" sizes=\"auto, (max-width: 800px) 100vw, 800px\" \/><\/a><br \/>\n\u0130leti\u015fim koridoru kuruyoruz<\/strong><\/p>\n<p>Y\u00f6netim halka hizmet i\u00e7in bir ara\u00e7t\u0131r. Bu anlay\u0131\u015f do\u011frultusunda belediyemiz b\u00fcnyesinde, s\u00fcrd\u00fcrd\u00fc\u011f\u00fcm\u00fcz faaliyetlerle ilgili hem\u015ferilerimize bilgi ve hesap vermek, halk\u0131m\u0131z\u0131n dilek, \u015fik\u00e2yet ve d\u00fc\u015f\u00fcncelerini \u00f6\u011frenmek, \u00e7al\u0131\u015fmalar\u0131m\u0131zda bunlardan yararlanmak, hem\u015ferilerimizin sorunlar\u0131 konusunda onlara olanaklar\u0131m\u0131z elverdi\u011fi \u00f6l\u00e7\u00fcde yard\u0131mc\u0131 olmak anlay\u0131\u015f\u0131yla Halk Masas\u0131 kurduk.<\/p>\n","protected":false},"excerpt":{"rendered":"<p>\u0130leti\u015fim koridoru kuruyoruz Y\u00f6netim halka hizmet i\u00e7in bir ara\u00e7t\u0131r. Bu anlay\u0131\u015f do\u011frultusunda belediyemiz b\u00fcnyesinde, s\u00fcrd\u00fcrd\u00fc\u011f\u00fcm\u00fcz faaliyetlerle ilgili hem\u015ferilerimize bilgi ve hesap vermek, halk\u0131m\u0131z\u0131n dilek, \u015fik\u00e2yet ve d\u00fc\u015f\u00fcncelerini \u00f6\u011frenmek, \u00e7al\u0131\u015fmalar\u0131m\u0131zda bunlardan yararlanmak, hem\u015ferilerimizin sorunlar\u0131 konusunda onlara olanaklar\u0131m\u0131z elverdi\u011fi \u00f6l\u00e7\u00fcde yard\u0131mc\u0131 olmak anlay\u0131\u015f\u0131yla Halk Masas\u0131 kurduk.<\/p>\n","protected":false},"author":1,"featured_media":2003,"comment_status":"open","ping_status":"open","sticky":false,"template":"","format":"standard","meta":{"footnotes":""},"categories":[8],"tags":[40,126,152,151,27],"class_list":["post-1861","post","type-post","status-publish","format-standard","has-post-thumbnail","hentry","category-tamamlanan-projeler","tag-belediyesi","tag-halk","tag-iletisim","tag-masasi","tag-zile"],"_links":{"self":[{"href":"http:\/\/site.zile.bel.tr\/index.php\/wp-json\/wp\/v2\/posts\/1861","targetHints":{"allow":["GET"]}}],"collection":[{"href":"http:\/\/site.zile.bel.tr\/index.php\/wp-json\/wp\/v2\/posts"}],"about":[{"href":"http:\/\/site.zile.bel.tr\/index.php\/wp-json\/wp\/v2\/types\/post"}],"author":[{"embeddable":true,"href":"http:\/\/site.zile.bel.tr\/index.php\/wp-json\/wp\/v2\/users\/1"}],"replies":[{"embeddable":true,"href":"http:\/\/site.zile.bel.tr\/index.php\/wp-json\/wp\/v2\/comments?post=1861"}],"version-history":[{"count":3,"href":"http:\/\/site.zile.bel.tr\/index.php\/wp-json\/wp\/v2\/posts\/1861\/revisions"}],"predecessor-version":[{"id":2004,"href":"http:\/\/site.zile.bel.tr\/index.php\/wp-json\/wp\/v2\/posts\/1861\/revisions\/2004"}],"wp:featuredmedia":[{"embeddable":true,"href":"http:\/\/site.zile.bel.tr\/index.php\/wp-json\/wp\/v2\/media\/2003"}],"wp:attachment":[{"href":"http:\/\/site.zile.bel.tr\/index.php\/wp-json\/wp\/v2\/media?parent=1861"}],"wp:term":[{"taxonomy":"category","embeddable":true,"href":"http:\/\/site.zile.bel.tr\/index.php\/wp-json\/wp\/v2\/categories?post=1861"},{"taxonomy":"post_tag","embeddable":true,"href":"http:\/\/site.zile.bel.tr\/index.php\/wp-json\/wp\/v2\/tags?post=1861"}],"curies":[{"name":"wp","href":"https:\/\/api.w.org\/{rel}","templated":true}]}}