{"id":1871,"date":"2021-05-12T12:23:38","date_gmt":"2021-05-12T09:23:38","guid":{"rendered":"http:\/\/site.zile.bel.tr\/?p=1871"},"modified":"2021-05-16T22:47:37","modified_gmt":"2021-05-16T19:47:37","slug":"yonetsel-etkinligi-ve-orgutsel-verimliligi-artirdik","status":"publish","type":"post","link":"http:\/\/site.zile.bel.tr\/index.php\/2021\/05\/12\/yonetsel-etkinligi-ve-orgutsel-verimliligi-artirdik\/","title":{"rendered":"Y\u00f6netsel Etkinli\u011fi Ve \u00d6rg\u00fctsel Verimlili\u011fi art\u0131rd\u0131k"},"content":{"rendered":"<p><strong><a href=\"http:\/\/site.zile.bel.tr\/index.php\/2021\/05\/12\/yonetsel-etkinligi-ve-orgutsel-verimliligi-artirdik\/kurum-975-x-2082\/\" rel=\"attachment wp-att-1981\"><img loading=\"lazy\" decoding=\"async\" class=\"alignnone wp-image-1981\" src=\"http:\/\/site.zile.bel.tr\/wp-content\/uploads\/2021\/05\/kurum-975-x-2082-480x1024.jpg\" alt=\"\" width=\"800\" height=\"1708\" srcset=\"http:\/\/site.zile.bel.tr\/wp-content\/uploads\/2021\/05\/kurum-975-x-2082-480x1024.jpg 480w, http:\/\/site.zile.bel.tr\/wp-content\/uploads\/2021\/05\/kurum-975-x-2082-140x300.jpg 140w, http:\/\/site.zile.bel.tr\/wp-content\/uploads\/2021\/05\/kurum-975-x-2082-768x1640.jpg 768w, http:\/\/site.zile.bel.tr\/wp-content\/uploads\/2021\/05\/kurum-975-x-2082-719x1536.jpg 719w, http:\/\/site.zile.bel.tr\/wp-content\/uploads\/2021\/05\/kurum-975-x-2082-959x2048.jpg 959w, http:\/\/site.zile.bel.tr\/wp-content\/uploads\/2021\/05\/kurum-975-x-2082.jpg 975w\" sizes=\"auto, (max-width: 800px) 100vw, 800px\" \/><\/a><br \/>\nKurumsalla\u015fma<\/strong><\/p>\n<p><strong>Kurum k\u00fclt\u00fcr\u00fcn\u00fcn olu\u015fturulmas\u0131<\/strong><\/p>\n<p>Belediyemiz kurumsal aidiyeti y\u00fcksek, vatanda\u015fa hizmet davas\u0131na son derece b\u00fcy\u00fck bir azim ve kararl\u0131l\u0131kla ba\u011fl\u0131, kurumsal ba\u015far\u0131 ve devaml\u0131l\u0131\u011f\u0131 nefsinden \u00f6nde tutan kaliteli \u00e7al\u0131\u015fanlara sahip olmas\u0131 gerekmektedir. Her eserin arkas\u0131nda bir sistem ve sistemin \u00f6z\u00fcnde onu y\u00fcr\u00fcten insan ger\u00e7e\u011fi vard\u0131r.<\/p>\n<p>Belediyemiz bu anlay\u0131\u015fla hareket ederek, daima insan odakl\u0131, farkl\u0131 ve yetenekli bireylere de\u011fer verip, onlarda kurum aidiyeti olu\u015fturarak, y\u00f6netsel ba\u015far\u0131y\u0131 yakalamak i\u00e7in \u201cKurumsal D\u00fczeyde Etkin ve Stratejik Y\u00f6netimin Geli\u015ftirilmesi Projesi\u201d ni hayata ge\u00e7irmi\u015ftir.<\/p>\n<p><strong>Hayatlar\u0131na kataca\u011f\u0131m\u0131z her de\u011fer \u00e7al\u0131\u015fana de\u011fer<\/strong><\/p>\n<p>Zil Belediye tarihinde ilk kez yap\u0131lan 6 ay s\u00fcren bu \u00e7al\u0131\u015fma sonucu ortaya \u00e7\u0131kan veriler do\u011frultusunda bir dizi iyile\u015ftirme \u00e7al\u0131\u015fmalar\u0131 ise s\u00fcrekli olarak yap\u0131lmaktad\u0131r. \u00c7\u00fcnk\u00fc \u00e7al\u0131\u015fanlar\u0131m\u0131z bizim ailemiz. Onlar\u0131n hayatlar\u0131na kataca\u011f\u0131m\u0131z de\u011fer, vatanda\u015f\u0131m\u0131z\u0131n memnuniyeti olarak bize d\u00f6necektir.<\/p>\n","protected":false},"excerpt":{"rendered":"<p>Kurumsalla\u015fma Kurum k\u00fclt\u00fcr\u00fcn\u00fcn olu\u015fturulmas\u0131 Belediyemiz kurumsal aidiyeti y\u00fcksek, vatanda\u015fa hizmet davas\u0131na son derece b\u00fcy\u00fck bir azim ve kararl\u0131l\u0131kla ba\u011fl\u0131, kurumsal ba\u015far\u0131 ve devaml\u0131l\u0131\u011f\u0131 nefsinden \u00f6nde tutan kaliteli \u00e7al\u0131\u015fanlara sahip olmas\u0131 gerekmektedir. Her eserin arkas\u0131nda bir sistem ve sistemin \u00f6z\u00fcnde onu y\u00fcr\u00fcten insan ger\u00e7e\u011fi vard\u0131r. Belediyemiz bu anlay\u0131\u015fla hareket ederek, daima insan odakl\u0131, farkl\u0131 ve yetenekli [&hellip;]<\/p>\n","protected":false},"author":1,"featured_media":1982,"comment_status":"open","ping_status":"open","sticky":false,"template":"","format":"standard","meta":{"footnotes":""},"categories":[8],"tags":[82,137,136,138,27],"class_list":["post-1871","post","type-post","status-publish","format-standard","has-post-thumbnail","hentry","category-tamamlanan-projeler","tag-belediye","tag-kultur","tag-kurum","tag-kurumsallasma","tag-zile"],"_links":{"self":[{"href":"http:\/\/site.zile.bel.tr\/index.php\/wp-json\/wp\/v2\/posts\/1871","targetHints":{"allow":["GET"]}}],"collection":[{"href":"http:\/\/site.zile.bel.tr\/index.php\/wp-json\/wp\/v2\/posts"}],"about":[{"href":"http:\/\/site.zile.bel.tr\/index.php\/wp-json\/wp\/v2\/types\/post"}],"author":[{"embeddable":true,"href":"http:\/\/site.zile.bel.tr\/index.php\/wp-json\/wp\/v2\/users\/1"}],"replies":[{"embeddable":true,"href":"http:\/\/site.zile.bel.tr\/index.php\/wp-json\/wp\/v2\/comments?post=1871"}],"version-history":[{"count":3,"href":"http:\/\/site.zile.bel.tr\/index.php\/wp-json\/wp\/v2\/posts\/1871\/revisions"}],"predecessor-version":[{"id":1983,"href":"http:\/\/site.zile.bel.tr\/index.php\/wp-json\/wp\/v2\/posts\/1871\/revisions\/1983"}],"wp:featuredmedia":[{"embeddable":true,"href":"http:\/\/site.zile.bel.tr\/index.php\/wp-json\/wp\/v2\/media\/1982"}],"wp:attachment":[{"href":"http:\/\/site.zile.bel.tr\/index.php\/wp-json\/wp\/v2\/media?parent=1871"}],"wp:term":[{"taxonomy":"category","embeddable":true,"href":"http:\/\/site.zile.bel.tr\/index.php\/wp-json\/wp\/v2\/categories?post=1871"},{"taxonomy":"post_tag","embeddable":true,"href":"http:\/\/site.zile.bel.tr\/index.php\/wp-json\/wp\/v2\/tags?post=1871"}],"curies":[{"name":"wp","href":"https:\/\/api.w.org\/{rel}","templated":true}]}}