{"id":1881,"date":"2021-05-12T12:27:33","date_gmt":"2021-05-12T09:27:33","guid":{"rendered":"http:\/\/site.zile.bel.tr\/?p=1881"},"modified":"2021-05-16T21:25:49","modified_gmt":"2021-05-16T18:25:49","slug":"bolgede-sifir-atik-belgesi-alan-ilk-belediyeyiz","status":"publish","type":"post","link":"http:\/\/site.zile.bel.tr\/index.php\/2021\/05\/12\/bolgede-sifir-atik-belgesi-alan-ilk-belediyeyiz\/","title":{"rendered":"B\u00f6lgede \u201cS\u0131f\u0131r At\u0131k Belgesi\u201d alan ilk belediyeyiz"},"content":{"rendered":"<p><a href=\"http:\/\/site.zile.bel.tr\/index.php\/2021\/05\/12\/bolgede-sifir-atik-belgesi-alan-ilk-belediyeyiz\/sifir-atik-975-x-1276\/\" rel=\"attachment wp-att-1960\"><img loading=\"lazy\" decoding=\"async\" class=\"alignnone wp-image-1960\" src=\"http:\/\/site.zile.bel.tr\/wp-content\/uploads\/2021\/05\/sifir-atik-975-x-1276-782x1024.jpg\" alt=\"\" width=\"800\" height=\"1047\" srcset=\"http:\/\/site.zile.bel.tr\/wp-content\/uploads\/2021\/05\/sifir-atik-975-x-1276-782x1024.jpg 782w, http:\/\/site.zile.bel.tr\/wp-content\/uploads\/2021\/05\/sifir-atik-975-x-1276-229x300.jpg 229w, http:\/\/site.zile.bel.tr\/wp-content\/uploads\/2021\/05\/sifir-atik-975-x-1276-768x1005.jpg 768w, http:\/\/site.zile.bel.tr\/wp-content\/uploads\/2021\/05\/sifir-atik-975-x-1276.jpg 975w\" sizes=\"auto, (max-width: 800px) 100vw, 800px\" \/><\/a><br \/>\nOkullar\u0131m\u0131zda \u00f6\u011frencilerimize ve \u00f6\u011fretmenlerimize \u00e7evre ile ilgili e\u011fitimler d\u00fczenledik, kampanyalar yapt\u0131k, yar\u0131\u015fmalar d\u00fczenledik, \u00e7evre dostu \u00fcr\u00fcnler hediye ettik. \u00c7evre ve \u015fehircilik Bakanl\u0131\u011f\u0131ndan personeller e\u015fli\u011finde t\u00fcm b\u00f6lge protokol\u00fcm\u00fcz ve il\u00e7emiz ev sahipli\u011finde seminerler d\u00fczenledik. Geri d\u00f6n\u00fc\u015f\u00fcm defileleri yapt\u0131k, resim sergileri a\u00e7t\u0131k, mahalle toplant\u0131lar\u0131 yapt\u0131k. Muhtarlar\u0131m\u0131z ve halk\u0131m\u0131zla \u00e7evre e\u011fitimleri d\u00fczenledik. Her hafta mahalle temizlikleri yapt\u0131k.<\/p>\n","protected":false},"excerpt":{"rendered":"<p>Okullar\u0131m\u0131zda \u00f6\u011frencilerimize ve \u00f6\u011fretmenlerimize \u00e7evre ile ilgili e\u011fitimler d\u00fczenledik, kampanyalar yapt\u0131k, yar\u0131\u015fmalar d\u00fczenledik, \u00e7evre dostu \u00fcr\u00fcnler hediye ettik. \u00c7evre ve \u015fehircilik Bakanl\u0131\u011f\u0131ndan personeller e\u015fli\u011finde t\u00fcm b\u00f6lge protokol\u00fcm\u00fcz ve il\u00e7emiz ev sahipli\u011finde seminerler d\u00fczenledik. Geri d\u00f6n\u00fc\u015f\u00fcm defileleri yapt\u0131k, resim sergileri a\u00e7t\u0131k, mahalle toplant\u0131lar\u0131 yapt\u0131k. Muhtarlar\u0131m\u0131z ve halk\u0131m\u0131zla \u00e7evre e\u011fitimleri d\u00fczenledik. Her hafta mahalle temizlikleri yapt\u0131k.<\/p>\n","protected":false},"author":1,"featured_media":1962,"comment_status":"open","ping_status":"open","sticky":false,"template":"","format":"standard","meta":{"footnotes":""},"categories":[8],"tags":[37,82,131,132,36,27],"class_list":["post-1881","post","type-post","status-publish","format-standard","has-post-thumbnail","hentry","category-tamamlanan-projeler","tag-atik","tag-belediye","tag-belge","tag-ilk","tag-sifir","tag-zile"],"_links":{"self":[{"href":"http:\/\/site.zile.bel.tr\/index.php\/wp-json\/wp\/v2\/posts\/1881","targetHints":{"allow":["GET"]}}],"collection":[{"href":"http:\/\/site.zile.bel.tr\/index.php\/wp-json\/wp\/v2\/posts"}],"about":[{"href":"http:\/\/site.zile.bel.tr\/index.php\/wp-json\/wp\/v2\/types\/post"}],"author":[{"embeddable":true,"href":"http:\/\/site.zile.bel.tr\/index.php\/wp-json\/wp\/v2\/users\/1"}],"replies":[{"embeddable":true,"href":"http:\/\/site.zile.bel.tr\/index.php\/wp-json\/wp\/v2\/comments?post=1881"}],"version-history":[{"count":3,"href":"http:\/\/site.zile.bel.tr\/index.php\/wp-json\/wp\/v2\/posts\/1881\/revisions"}],"predecessor-version":[{"id":1963,"href":"http:\/\/site.zile.bel.tr\/index.php\/wp-json\/wp\/v2\/posts\/1881\/revisions\/1963"}],"wp:featuredmedia":[{"embeddable":true,"href":"http:\/\/site.zile.bel.tr\/index.php\/wp-json\/wp\/v2\/media\/1962"}],"wp:attachment":[{"href":"http:\/\/site.zile.bel.tr\/index.php\/wp-json\/wp\/v2\/media?parent=1881"}],"wp:term":[{"taxonomy":"category","embeddable":true,"href":"http:\/\/site.zile.bel.tr\/index.php\/wp-json\/wp\/v2\/categories?post=1881"},{"taxonomy":"post_tag","embeddable":true,"href":"http:\/\/site.zile.bel.tr\/index.php\/wp-json\/wp\/v2\/tags?post=1881"}],"curies":[{"name":"wp","href":"https:\/\/api.w.org\/{rel}","templated":true}]}}