{"id":1885,"date":"2021-05-12T12:28:26","date_gmt":"2021-05-12T09:28:26","guid":{"rendered":"http:\/\/site.zile.bel.tr\/?p=1885"},"modified":"2021-05-16T21:18:08","modified_gmt":"2021-05-16T18:18:08","slug":"genc-yasli-demeden-halkimizin-yanindayiz","status":"publish","type":"post","link":"http:\/\/site.zile.bel.tr\/index.php\/2021\/05\/12\/genc-yasli-demeden-halkimizin-yanindayiz\/","title":{"rendered":"Gen\u00e7 ya\u015fl\u0131 demeden halk\u0131m\u0131z\u0131n yan\u0131nday\u0131z"},"content":{"rendered":"<p><a href=\"http:\/\/site.zile.bel.tr\/index.php\/2021\/05\/12\/genc-yasli-demeden-halkimizin-yanindayiz\/halk-975-x-1124\/\" rel=\"attachment wp-att-1952\"><img loading=\"lazy\" decoding=\"async\" class=\"alignnone wp-image-1952\" src=\"http:\/\/site.zile.bel.tr\/wp-content\/uploads\/2021\/05\/halk-975-x-1124-888x1024.jpg\" alt=\"\" width=\"800\" height=\"922\" srcset=\"http:\/\/site.zile.bel.tr\/wp-content\/uploads\/2021\/05\/halk-975-x-1124-888x1024.jpg 888w, http:\/\/site.zile.bel.tr\/wp-content\/uploads\/2021\/05\/halk-975-x-1124-260x300.jpg 260w, http:\/\/site.zile.bel.tr\/wp-content\/uploads\/2021\/05\/halk-975-x-1124-768x885.jpg 768w, http:\/\/site.zile.bel.tr\/wp-content\/uploads\/2021\/05\/halk-975-x-1124.jpg 975w\" sizes=\"auto, (max-width: 800px) 100vw, 800px\" \/><\/a><\/p>\n<p>Sosyal sorumluluk projesi kapsam\u0131nda ya\u015fl\u0131 ve evden \u00e7\u0131kamayan yatalak hastalar i\u00e7in evde t\u0131ra\u015f hizmetini ba\u015flatt\u0131k. G\u0131da yard\u0131m\u0131 yapmaya devam ettik. Sa\u011fl\u0131k i\u00e7in pedal \u00e7evirdik, y\u00fcr\u00fcy\u00fc\u015f yapt\u0131k. Zile\u2019nin tan\u0131t\u0131m\u0131 i\u00e7in birlikte \u00e7al\u0131\u015ft\u0131k. Covid k\u00fcresel salg\u0131n\u0131n\u0131n izin verdi\u011fi \u00f6l\u00e7\u00fcde sosyal ve k\u00fclt\u00fcrel etkinliklerimizi s\u00fcrd\u00fcrece\u011fiz.<\/p>\n","protected":false},"excerpt":{"rendered":"<p>Sosyal sorumluluk projesi kapsam\u0131nda ya\u015fl\u0131 ve evden \u00e7\u0131kamayan yatalak hastalar i\u00e7in evde t\u0131ra\u015f hizmetini ba\u015flatt\u0131k. G\u0131da yard\u0131m\u0131 yapmaya devam ettik. Sa\u011fl\u0131k i\u00e7in pedal \u00e7evirdik, y\u00fcr\u00fcy\u00fc\u015f yapt\u0131k. Zile\u2019nin tan\u0131t\u0131m\u0131 i\u00e7in birlikte \u00e7al\u0131\u015ft\u0131k. Covid k\u00fcresel salg\u0131n\u0131n\u0131n izin verdi\u011fi \u00f6l\u00e7\u00fcde sosyal ve k\u00fclt\u00fcrel etkinliklerimizi s\u00fcrd\u00fcrece\u011fiz.<\/p>\n","protected":false},"author":1,"featured_media":1954,"comment_status":"open","ping_status":"open","sticky":false,"template":"","format":"standard","meta":{"footnotes":""},"categories":[8],"tags":[82,124,126,127,125,27],"class_list":["post-1885","post","type-post","status-publish","format-standard","has-post-thumbnail","hentry","category-tamamlanan-projeler","tag-belediye","tag-genc","tag-halk","tag-yanindayiz","tag-yasli","tag-zile"],"_links":{"self":[{"href":"http:\/\/site.zile.bel.tr\/index.php\/wp-json\/wp\/v2\/posts\/1885","targetHints":{"allow":["GET"]}}],"collection":[{"href":"http:\/\/site.zile.bel.tr\/index.php\/wp-json\/wp\/v2\/posts"}],"about":[{"href":"http:\/\/site.zile.bel.tr\/index.php\/wp-json\/wp\/v2\/types\/post"}],"author":[{"embeddable":true,"href":"http:\/\/site.zile.bel.tr\/index.php\/wp-json\/wp\/v2\/users\/1"}],"replies":[{"embeddable":true,"href":"http:\/\/site.zile.bel.tr\/index.php\/wp-json\/wp\/v2\/comments?post=1885"}],"version-history":[{"count":3,"href":"http:\/\/site.zile.bel.tr\/index.php\/wp-json\/wp\/v2\/posts\/1885\/revisions"}],"predecessor-version":[{"id":1955,"href":"http:\/\/site.zile.bel.tr\/index.php\/wp-json\/wp\/v2\/posts\/1885\/revisions\/1955"}],"wp:featuredmedia":[{"embeddable":true,"href":"http:\/\/site.zile.bel.tr\/index.php\/wp-json\/wp\/v2\/media\/1954"}],"wp:attachment":[{"href":"http:\/\/site.zile.bel.tr\/index.php\/wp-json\/wp\/v2\/media?parent=1885"}],"wp:term":[{"taxonomy":"category","embeddable":true,"href":"http:\/\/site.zile.bel.tr\/index.php\/wp-json\/wp\/v2\/categories?post=1885"},{"taxonomy":"post_tag","embeddable":true,"href":"http:\/\/site.zile.bel.tr\/index.php\/wp-json\/wp\/v2\/tags?post=1885"}],"curies":[{"name":"wp","href":"https:\/\/api.w.org\/{rel}","templated":true}]}}