{"id":1889,"date":"2021-05-12T12:29:13","date_gmt":"2021-05-12T09:29:13","guid":{"rendered":"http:\/\/site.zile.bel.tr\/?p=1889"},"modified":"2021-05-16T21:09:22","modified_gmt":"2021-05-16T18:09:22","slug":"stratejik-planlamaya-dayali-performans-sergiledik","status":"publish","type":"post","link":"http:\/\/site.zile.bel.tr\/index.php\/2021\/05\/12\/stratejik-planlamaya-dayali-performans-sergiledik\/","title":{"rendered":"Stratejik planlamaya dayal\u0131 performans sergiledik"},"content":{"rendered":"<p><a href=\"http:\/\/site.zile.bel.tr\/index.php\/2021\/05\/12\/stratejik-planlamaya-dayali-performans-sergiledik\/planlama-975-x-940\/\" rel=\"attachment wp-att-1944\"><img loading=\"lazy\" decoding=\"async\" class=\"alignnone wp-image-1944\" src=\"http:\/\/site.zile.bel.tr\/wp-content\/uploads\/2021\/05\/planlama-975-x-940.jpg\" alt=\"\" width=\"800\" height=\"771\" srcset=\"http:\/\/site.zile.bel.tr\/wp-content\/uploads\/2021\/05\/planlama-975-x-940.jpg 975w, http:\/\/site.zile.bel.tr\/wp-content\/uploads\/2021\/05\/planlama-975-x-940-300x289.jpg 300w, http:\/\/site.zile.bel.tr\/wp-content\/uploads\/2021\/05\/planlama-975-x-940-768x740.jpg 768w\" sizes=\"auto, (max-width: 800px) 100vw, 800px\" \/><\/a><br \/>\n\u0130yi \u015feyler iyi planlamayla olur.<\/p>\n<p>Belediyemizin stratejik plan haz\u0131rlama zorunlulu\u011fu olmamas\u0131na ra\u011fmen, \u201c\u0130yi \u015feyler iyi planlamayla olur\u201d anlay\u0131\u015f\u0131ndan hareket ederek planlamaya \u00f6nem verdik. Belediyemizdeki y\u00f6netsel kararlar\u0131n planlamaya dayanan orta ve uzun vadeli bak\u0131\u015f a\u00e7\u0131s\u0131yla \u015fekillendirilmesi i\u00e7in, belediyemizdeki mevcut idari ve be\u015feri kapasitenin stratejik planlama anlay\u0131\u015f\u0131 do\u011frultusunda geli\u015ftirilerek, yeni bir y\u00f6netim k\u00fclt\u00fcr\u00fcn\u00fcn mevcut yap\u0131ya uyarlanmas\u0131 sa\u011flanm\u0131\u015ft\u0131r.<\/p>\n","protected":false},"excerpt":{"rendered":"<p>\u0130yi \u015feyler iyi planlamayla olur. Belediyemizin stratejik plan haz\u0131rlama zorunlulu\u011fu olmamas\u0131na ra\u011fmen, \u201c\u0130yi \u015feyler iyi planlamayla olur\u201d anlay\u0131\u015f\u0131ndan hareket ederek planlamaya \u00f6nem verdik. Belediyemizdeki y\u00f6netsel kararlar\u0131n planlamaya dayanan orta ve uzun vadeli bak\u0131\u015f a\u00e7\u0131s\u0131yla \u015fekillendirilmesi i\u00e7in, belediyemizdeki mevcut idari ve be\u015feri kapasitenin stratejik planlama anlay\u0131\u015f\u0131 do\u011frultusunda geli\u015ftirilerek, yeni bir y\u00f6netim k\u00fclt\u00fcr\u00fcn\u00fcn mevcut yap\u0131ya uyarlanmas\u0131 sa\u011flanm\u0131\u015ft\u0131r.<\/p>\n","protected":false},"author":1,"featured_media":1943,"comment_status":"open","ping_status":"open","sticky":false,"template":"","format":"standard","meta":{"footnotes":""},"categories":[8],"tags":[],"class_list":["post-1889","post","type-post","status-publish","format-standard","has-post-thumbnail","hentry","category-tamamlanan-projeler"],"_links":{"self":[{"href":"http:\/\/site.zile.bel.tr\/index.php\/wp-json\/wp\/v2\/posts\/1889","targetHints":{"allow":["GET"]}}],"collection":[{"href":"http:\/\/site.zile.bel.tr\/index.php\/wp-json\/wp\/v2\/posts"}],"about":[{"href":"http:\/\/site.zile.bel.tr\/index.php\/wp-json\/wp\/v2\/types\/post"}],"author":[{"embeddable":true,"href":"http:\/\/site.zile.bel.tr\/index.php\/wp-json\/wp\/v2\/users\/1"}],"replies":[{"embeddable":true,"href":"http:\/\/site.zile.bel.tr\/index.php\/wp-json\/wp\/v2\/comments?post=1889"}],"version-history":[{"count":2,"href":"http:\/\/site.zile.bel.tr\/index.php\/wp-json\/wp\/v2\/posts\/1889\/revisions"}],"predecessor-version":[{"id":1945,"href":"http:\/\/site.zile.bel.tr\/index.php\/wp-json\/wp\/v2\/posts\/1889\/revisions\/1945"}],"wp:featuredmedia":[{"embeddable":true,"href":"http:\/\/site.zile.bel.tr\/index.php\/wp-json\/wp\/v2\/media\/1943"}],"wp:attachment":[{"href":"http:\/\/site.zile.bel.tr\/index.php\/wp-json\/wp\/v2\/media?parent=1889"}],"wp:term":[{"taxonomy":"category","embeddable":true,"href":"http:\/\/site.zile.bel.tr\/index.php\/wp-json\/wp\/v2\/categories?post=1889"},{"taxonomy":"post_tag","embeddable":true,"href":"http:\/\/site.zile.bel.tr\/index.php\/wp-json\/wp\/v2\/tags?post=1889"}],"curies":[{"name":"wp","href":"https:\/\/api.w.org\/{rel}","templated":true}]}}