{"id":1891,"date":"2021-05-12T12:29:38","date_gmt":"2021-05-12T09:29:38","guid":{"rendered":"http:\/\/site.zile.bel.tr\/?p=1891"},"modified":"2021-05-16T20:57:32","modified_gmt":"2021-05-16T17:57:32","slug":"uretimin-gelistirilmesi-icin-yerel-atak","status":"publish","type":"post","link":"http:\/\/site.zile.bel.tr\/index.php\/2021\/05\/12\/uretimin-gelistirilmesi-icin-yerel-atak\/","title":{"rendered":"\u00dcretimin geli\u015ftirilmesi i\u00e7in yerel Atak"},"content":{"rendered":"<p><a href=\"http:\/\/site.zile.bel.tr\/index.php\/2021\/05\/12\/uretimin-gelistirilmesi-icin-yerel-atak\/yerel-atak-975-x-2082\/\" rel=\"attachment wp-att-1939\"><img loading=\"lazy\" decoding=\"async\" class=\"alignnone wp-image-1939\" src=\"http:\/\/site.zile.bel.tr\/wp-content\/uploads\/2021\/05\/yerel-atak-975-x-2082-480x1024.jpg\" alt=\"\" width=\"800\" height=\"1708\" srcset=\"http:\/\/site.zile.bel.tr\/wp-content\/uploads\/2021\/05\/yerel-atak-975-x-2082-480x1024.jpg 480w, http:\/\/site.zile.bel.tr\/wp-content\/uploads\/2021\/05\/yerel-atak-975-x-2082-140x300.jpg 140w, http:\/\/site.zile.bel.tr\/wp-content\/uploads\/2021\/05\/yerel-atak-975-x-2082-768x1640.jpg 768w, http:\/\/site.zile.bel.tr\/wp-content\/uploads\/2021\/05\/yerel-atak-975-x-2082-719x1536.jpg 719w, http:\/\/site.zile.bel.tr\/wp-content\/uploads\/2021\/05\/yerel-atak-975-x-2082-959x2048.jpg 959w, http:\/\/site.zile.bel.tr\/wp-content\/uploads\/2021\/05\/yerel-atak-975-x-2082.jpg 975w\" sizes=\"auto, (max-width: 800px) 100vw, 800px\" \/><\/a><\/p>\n<p>Zile Belediyesi, ata tohumu Karak\u0131l\u00e7\u0131k Bu\u011fday\u0131n\u0131n \u00fcretimini yayg\u0131nla\u015ft\u0131rma projesini hayata ge\u00e7irdi.<\/p>\n<p>Zile Belediyesi Park ve Bah\u00e7eler M\u00fcd\u00fcrl\u00fc\u011f\u00fc, \u0130stasyon mahallesinde bulunan belediye arazisinde Karak\u0131l\u00e7\u0131k Bu\u011fday\u0131n\u0131 toprakla bulu\u015fturdu.<\/p>\n<p><strong>1000 y\u0131ll\u0131k ata tohumu Karak\u0131l\u00e7\u0131k bu\u011fday\u0131<\/strong><\/p>\n<p>1000 y\u0131ll\u0131k ata tohumunun il\u00e7emizde yeti\u015ftirilmesi i\u00e7in \u00e7al\u0131\u015fmalara ba\u015flad\u0131klar\u0131n\u0131 belirten Zile Belediye Ba\u015fkan\u0131 \u015e\u00fckr\u00fc Sarg\u0131n, \u201cPandemi s\u00fcreci ya\u015f\u0131yoruz. Bu pandemi s\u00fcrecinde \u00f6zellikle \u00fclkelerin bu d\u00f6nemde \u00fczerinde durduklar\u0131 en \u00f6nemli konulardan bir tanesi de g\u0131da arz g\u00fcvenli\u011fidir. Bu vesileyle Zile gibi geni\u015f tar\u0131m arazilerine sahip, iklim bak\u0131m\u0131ndan elveri\u015fli bu b\u00f6lgelerde \u00e7ok \u00f6nemli bir misyonumuz var. Zile olarak \u00fclkemizin sa\u011fl\u0131kl\u0131 g\u0131daya eri\u015fimi noktas\u0131nda bir misyona sahip olabiliriz. Bunu s\u00fcrd\u00fcrebilmemiz a\u00e7\u0131s\u0131ndan kendimize \u00f6zg\u00fc bu t\u00fcr tohumlarla elde etti\u011fimiz \u00fcr\u00fcnleri ihtiya\u00e7 duyan insanlara sunmam\u0131z gerekiyor. Bu a\u00e7\u0131dan bu \u00e7al\u0131\u015fmay\u0131 \u00f6nemsiyoruz. \u0130l\u00e7emizin geli\u015fmesi\u00a0 a\u00e7\u0131s\u0131ndan turizm ve tar\u0131m odakl\u0131 \u00e7al\u0131\u015fmalar\u0131m\u0131z devam edecektir\u201d dedi.<\/p>\n","protected":false},"excerpt":{"rendered":"<p>Zile Belediyesi, ata tohumu Karak\u0131l\u00e7\u0131k Bu\u011fday\u0131n\u0131n \u00fcretimini yayg\u0131nla\u015ft\u0131rma projesini hayata ge\u00e7irdi. Zile Belediyesi Park ve Bah\u00e7eler M\u00fcd\u00fcrl\u00fc\u011f\u00fc, \u0130stasyon mahallesinde bulunan belediye arazisinde Karak\u0131l\u00e7\u0131k Bu\u011fday\u0131n\u0131 toprakla bulu\u015fturdu. 1000 y\u0131ll\u0131k ata tohumu Karak\u0131l\u00e7\u0131k bu\u011fday\u0131 1000 y\u0131ll\u0131k ata tohumunun il\u00e7emizde yeti\u015ftirilmesi i\u00e7in \u00e7al\u0131\u015fmalara ba\u015flad\u0131klar\u0131n\u0131 belirten Zile Belediye Ba\u015fkan\u0131 \u015e\u00fckr\u00fc Sarg\u0131n, \u201cPandemi s\u00fcreci ya\u015f\u0131yoruz. Bu pandemi s\u00fcrecinde \u00f6zellikle \u00fclkelerin [&hellip;]<\/p>\n","protected":false},"author":1,"featured_media":1941,"comment_status":"open","ping_status":"open","sticky":false,"template":"","format":"standard","meta":{"footnotes":""},"categories":[8],"tags":[119,82,120,32,30,118,27],"class_list":["post-1891","post","type-post","status-publish","format-standard","has-post-thumbnail","hentry","category-tamamlanan-projeler","tag-atak","tag-belediye","tag-bugday","tag-karakilcik","tag-tokat","tag-yerel","tag-zile"],"_links":{"self":[{"href":"http:\/\/site.zile.bel.tr\/index.php\/wp-json\/wp\/v2\/posts\/1891","targetHints":{"allow":["GET"]}}],"collection":[{"href":"http:\/\/site.zile.bel.tr\/index.php\/wp-json\/wp\/v2\/posts"}],"about":[{"href":"http:\/\/site.zile.bel.tr\/index.php\/wp-json\/wp\/v2\/types\/post"}],"author":[{"embeddable":true,"href":"http:\/\/site.zile.bel.tr\/index.php\/wp-json\/wp\/v2\/users\/1"}],"replies":[{"embeddable":true,"href":"http:\/\/site.zile.bel.tr\/index.php\/wp-json\/wp\/v2\/comments?post=1891"}],"version-history":[{"count":3,"href":"http:\/\/site.zile.bel.tr\/index.php\/wp-json\/wp\/v2\/posts\/1891\/revisions"}],"predecessor-version":[{"id":1942,"href":"http:\/\/site.zile.bel.tr\/index.php\/wp-json\/wp\/v2\/posts\/1891\/revisions\/1942"}],"wp:featuredmedia":[{"embeddable":true,"href":"http:\/\/site.zile.bel.tr\/index.php\/wp-json\/wp\/v2\/media\/1941"}],"wp:attachment":[{"href":"http:\/\/site.zile.bel.tr\/index.php\/wp-json\/wp\/v2\/media?parent=1891"}],"wp:term":[{"taxonomy":"category","embeddable":true,"href":"http:\/\/site.zile.bel.tr\/index.php\/wp-json\/wp\/v2\/categories?post=1891"},{"taxonomy":"post_tag","embeddable":true,"href":"http:\/\/site.zile.bel.tr\/index.php\/wp-json\/wp\/v2\/tags?post=1891"}],"curies":[{"name":"wp","href":"https:\/\/api.w.org\/{rel}","templated":true}]}}