{"id":1895,"date":"2021-05-12T12:30:46","date_gmt":"2021-05-12T09:30:46","guid":{"rendered":"http:\/\/site.zile.bel.tr\/?p=1895"},"modified":"2021-05-16T20:49:13","modified_gmt":"2021-05-16T17:49:13","slug":"calisanlarimizin-ucretlerinde-20-artis-sagladik","status":"publish","type":"post","link":"http:\/\/site.zile.bel.tr\/index.php\/2021\/05\/12\/calisanlarimizin-ucretlerinde-20-artis-sagladik\/","title":{"rendered":"\u00c7al\u0131\u015fanlar\u0131m\u0131z\u0131n \u00fccretlerinde % 20 art\u0131\u015f sa\u011flad\u0131k"},"content":{"rendered":"<p><a href=\"http:\/\/site.zile.bel.tr\/index.php\/2021\/05\/12\/calisanlarimizin-ucretlerinde-20-artis-sagladik\/personel-975-x-2082\/\" rel=\"attachment wp-att-1931\"><img loading=\"lazy\" decoding=\"async\" class=\"alignnone wp-image-1931\" src=\"http:\/\/site.zile.bel.tr\/wp-content\/uploads\/2021\/05\/personel-975-x-2082-480x1024.jpg\" alt=\"\" width=\"800\" height=\"1708\" srcset=\"http:\/\/site.zile.bel.tr\/wp-content\/uploads\/2021\/05\/personel-975-x-2082-480x1024.jpg 480w, http:\/\/site.zile.bel.tr\/wp-content\/uploads\/2021\/05\/personel-975-x-2082-140x300.jpg 140w, http:\/\/site.zile.bel.tr\/wp-content\/uploads\/2021\/05\/personel-975-x-2082-768x1640.jpg 768w, http:\/\/site.zile.bel.tr\/wp-content\/uploads\/2021\/05\/personel-975-x-2082-719x1536.jpg 719w, http:\/\/site.zile.bel.tr\/wp-content\/uploads\/2021\/05\/personel-975-x-2082-959x2048.jpg 959w, http:\/\/site.zile.bel.tr\/wp-content\/uploads\/2021\/05\/personel-975-x-2082.jpg 975w\" sizes=\"auto, (max-width: 800px) 100vw, 800px\" \/><\/a><br \/>\nBelediye olarak bir taraftan eski y\u00f6netim taraf\u0131ndan yap\u0131land\u0131r\u0131lan bor\u00e7lar\u0131 \u00f6derken, bir taraftan da \u00e7al\u0131\u015fanlar\u0131m\u0131z\u0131n \u00fccretlerinde iyile\u015ftirmeler yap\u0131yoruz. Yap\u0131lan Toplu S\u00f6zle\u015fme ile \u00e7al\u0131\u015fanlar\u0131m\u0131z\u0131n \u00fccretlerinde % 20 art\u0131\u015f sa\u011fland\u0131. 3 bin 100 liran\u0131n alt\u0131nda \u00fccret alan \u00e7al\u0131\u015fan kalmad\u0131. 2005 y\u0131l\u0131ndan kalan i\u015f\u00e7i ikramiyeleri \u00f6dendi.<\/p>\n<p>-B\u00f6lgede bir ilk<\/p>\n<p>1 milyon 500 lira tasarruf sa\u011fland\u0131<\/p>\n<p>Zile Belediyesi\u2019nde, b\u00f6lgede Bakanl\u0131k Onayl\u0131 Tek \u2018Su Saya\u00e7lar\u0131 \u00d6l\u00e7\u00fcm ve Ayar Kalibrasyon \u0130stasyonu\u2019 kurduk.<\/p>\n<p>Zile Belediyesi taraf\u0131ndan kurulan Su Saya\u00e7lar\u0131 \u00d6l\u00e7\u00fcm ve Ayar Kalibrasyon \u0130stasyonu sayesinde Zile\u2019de bulunan su saya\u00e7lar\u0131n\u0131n test, bak\u0131m ve onar\u0131m i\u015flemlerini burada yap\u0131ld\u0131. Yeni a\u00e7\u0131lan istasyonda abonelerin y\u00fcksek t\u00fcketim itirazlar\u0131, saya\u00e7 ar\u0131za bildirimleri h\u0131zl\u0131 bir \u015fekilde test edilerek \u00e7\u00f6z\u00fcme kavu\u015fturularak abonelerin ma\u011fduriyeti de k\u0131sa s\u00fcrede giderildi.<\/p>\n<p>Belediye ve vatanda\u015fa mali y\u00fck olan sorunlar\u0131n \u00fczerine gitmeye devam ettiklerini belirten Zile Belediye Ba\u015fkan\u0131 \u015e\u00fckr\u00fc Sarg\u0131n, bu ama\u00e7la Su Saya\u00e7lar\u0131 \u00d6l\u00e7\u00fcm ve Ayar Kalibrasyon \u0130stasyonunu faaliyete ald\u0131klar\u0131n\u0131 ifade ederek, \u201cAra\u015ft\u0131rmalar\u0131m\u0131z sonucunda T\u00fcrkiye\u2019de Baylan saya\u00e7lar\u0131n\u0131n Manisa B\u00fcy\u00fck\u015fehir Belediyesi\u2019nde tamirinin m\u00fcmk\u00fcn oldu\u011funu \u00f6\u011frendik. Amac\u0131m\u0131z vatanda\u015f\u0131m\u0131z\u0131 ve belediyemizi mali giderden kurtarmak i\u00e7in yeni saya\u00e7 takmadan mevcut saya\u00e7lar\u0131n tamirinin yap\u0131lmas\u0131yd\u0131. Ar\u0131zalanan, so\u011fuk hava \u015fartlar\u0131nda donanarak patlayan saya\u00e7lar\u0131n tamiri i\u00e7in istasyonumuzun kurulumunu yapt\u0131k. Personelimizde gerekli e\u011fitimleri tamamlad\u0131ktan sonra hizmete ba\u015flad\u0131k. K\u0131sa bir s\u00fcrede 1 milyon 500 bin lira tasarruf sa\u011flanm\u0131\u015f oldu. Bu bedel vatanda\u015f\u0131m\u0131za ve belediyemize art\u0131k yans\u0131mam\u0131\u015f oluyor. Ciddi bir tasarruf sa\u011flamaya ba\u015flad\u0131k.\u201d dedi<\/p>\n","protected":false},"excerpt":{"rendered":"<p>Belediye olarak bir taraftan eski y\u00f6netim taraf\u0131ndan yap\u0131land\u0131r\u0131lan bor\u00e7lar\u0131 \u00f6derken, bir taraftan da \u00e7al\u0131\u015fanlar\u0131m\u0131z\u0131n \u00fccretlerinde iyile\u015ftirmeler yap\u0131yoruz. Yap\u0131lan Toplu S\u00f6zle\u015fme ile \u00e7al\u0131\u015fanlar\u0131m\u0131z\u0131n \u00fccretlerinde % 20 art\u0131\u015f sa\u011fland\u0131. 3 bin 100 liran\u0131n alt\u0131nda \u00fccret alan \u00e7al\u0131\u015fan kalmad\u0131. 2005 y\u0131l\u0131ndan kalan i\u015f\u00e7i ikramiyeleri \u00f6dendi. -B\u00f6lgede bir ilk 1 milyon 500 lira tasarruf sa\u011fland\u0131 Zile Belediyesi\u2019nde, b\u00f6lgede Bakanl\u0131k [&hellip;]<\/p>\n","protected":false},"author":1,"featured_media":1933,"comment_status":"open","ping_status":"open","sticky":false,"template":"","format":"standard","meta":{"footnotes":""},"categories":[8],"tags":[40,115,83,27],"class_list":["post-1895","post","type-post","status-publish","format-standard","has-post-thumbnail","hentry","category-tamamlanan-projeler","tag-belediyesi","tag-ikramiue","tag-personel","tag-zile"],"_links":{"self":[{"href":"http:\/\/site.zile.bel.tr\/index.php\/wp-json\/wp\/v2\/posts\/1895","targetHints":{"allow":["GET"]}}],"collection":[{"href":"http:\/\/site.zile.bel.tr\/index.php\/wp-json\/wp\/v2\/posts"}],"about":[{"href":"http:\/\/site.zile.bel.tr\/index.php\/wp-json\/wp\/v2\/types\/post"}],"author":[{"embeddable":true,"href":"http:\/\/site.zile.bel.tr\/index.php\/wp-json\/wp\/v2\/users\/1"}],"replies":[{"embeddable":true,"href":"http:\/\/site.zile.bel.tr\/index.php\/wp-json\/wp\/v2\/comments?post=1895"}],"version-history":[{"count":3,"href":"http:\/\/site.zile.bel.tr\/index.php\/wp-json\/wp\/v2\/posts\/1895\/revisions"}],"predecessor-version":[{"id":1934,"href":"http:\/\/site.zile.bel.tr\/index.php\/wp-json\/wp\/v2\/posts\/1895\/revisions\/1934"}],"wp:featuredmedia":[{"embeddable":true,"href":"http:\/\/site.zile.bel.tr\/index.php\/wp-json\/wp\/v2\/media\/1933"}],"wp:attachment":[{"href":"http:\/\/site.zile.bel.tr\/index.php\/wp-json\/wp\/v2\/media?parent=1895"}],"wp:term":[{"taxonomy":"category","embeddable":true,"href":"http:\/\/site.zile.bel.tr\/index.php\/wp-json\/wp\/v2\/categories?post=1895"},{"taxonomy":"post_tag","embeddable":true,"href":"http:\/\/site.zile.bel.tr\/index.php\/wp-json\/wp\/v2\/tags?post=1895"}],"curies":[{"name":"wp","href":"https:\/\/api.w.org\/{rel}","templated":true}]}}