{"id":1897,"date":"2021-05-12T12:31:22","date_gmt":"2021-05-12T09:31:22","guid":{"rendered":"http:\/\/site.zile.bel.tr\/?p=1897"},"modified":"2021-05-16T20:38:30","modified_gmt":"2021-05-16T17:38:30","slug":"amasya-caddesinde-en-guzel-olumsuz-turk-evleri-geleneklerimiz-bu-evlerde-can-bulacak","status":"publish","type":"post","link":"http:\/\/site.zile.bel.tr\/index.php\/2021\/05\/12\/amasya-caddesinde-en-guzel-olumsuz-turk-evleri-geleneklerimiz-bu-evlerde-can-bulacak\/","title":{"rendered":"Amasya Caddesi\u2019nde En G\u00fczel \u00d6l\u00fcms\u00fcz T\u00fcrk Evleri  Geleneklerimiz Bu Evlerde Can bulacak"},"content":{"rendered":"<p><a href=\"http:\/\/site.zile.bel.tr\/index.php\/2021\/05\/12\/amasya-caddesinde-en-guzel-olumsuz-turk-evleri-geleneklerimiz-bu-evlerde-can-bulacak\/evler-975-x-2082\/\" rel=\"attachment wp-att-1927\"><img loading=\"lazy\" decoding=\"async\" class=\"alignnone wp-image-1927\" src=\"http:\/\/site.zile.bel.tr\/wp-content\/uploads\/2021\/05\/evler-975-x-2082-480x1024.jpg\" alt=\"\" width=\"800\" height=\"1708\" srcset=\"http:\/\/site.zile.bel.tr\/wp-content\/uploads\/2021\/05\/evler-975-x-2082-480x1024.jpg 480w, http:\/\/site.zile.bel.tr\/wp-content\/uploads\/2021\/05\/evler-975-x-2082-140x300.jpg 140w, http:\/\/site.zile.bel.tr\/wp-content\/uploads\/2021\/05\/evler-975-x-2082-768x1640.jpg 768w, http:\/\/site.zile.bel.tr\/wp-content\/uploads\/2021\/05\/evler-975-x-2082-719x1536.jpg 719w, http:\/\/site.zile.bel.tr\/wp-content\/uploads\/2021\/05\/evler-975-x-2082-959x2048.jpg 959w, http:\/\/site.zile.bel.tr\/wp-content\/uploads\/2021\/05\/evler-975-x-2082.jpg 975w\" sizes=\"auto, (max-width: 800px) 100vw, 800px\" \/><\/a><br \/>\nGeleneksel mimarinin en g\u00fczel \u00f6rnekleri olan Zile Evleri\u2019ne hayat verme \u00e7al\u0131\u015fmalar\u0131 devam ediyor. Osmanl\u0131\u2019dan beri g\u00fcn\u00fcm\u00fcze kadar korunarak gelmi\u015f bu evlerimiz, yenilenerek, o eski<\/p>\n<p>imrenilen gelenekler bu evlerde can bulacak, as\u0131rl\u0131k doyurucu k\u00fclt\u00fcr birikimleri yeni nesillere ve gezginlerle bulu\u015fturulacakt\u0131r.<\/p>\n<p>\u015eimdilerde \u201cad\u0131 var i\u00e7 d\u00fcnyas\u0131 yok mahalleler\u201d e inat bu ya\u015fl\u0131 mahallelerdeki \u201c\u00f6l\u00fcms\u00fcz evler\u201d geleneksel \u015fehir hayat\u0131m\u0131z\u0131n zengin birer k\u00fclt\u00fcr miras\u0131 olarak, kent ya\u015fam\u0131ndaki yerini alacakt\u0131r.<\/p>\n<p>Evlerin restorasyonu konusundaki projemiz bakanl\u0131k\u00e7a onayland\u0131. \u00d6denekleri ayr\u0131ld\u0131. 23 tescilli evin restorasyonlar\u0131n\u0131n yap\u0131lmas\u0131 i\u00e7in son a\u015famaya gelindi.<\/p>\n<p><strong>\u201cTarih Dokulu, K\u00fclt\u00fcr Kokulu, Huzurlu \u015eehir\u201d<\/strong><\/p>\n","protected":false},"excerpt":{"rendered":"<p>Geleneksel mimarinin en g\u00fczel \u00f6rnekleri olan Zile Evleri\u2019ne hayat verme \u00e7al\u0131\u015fmalar\u0131 devam ediyor. Osmanl\u0131\u2019dan beri g\u00fcn\u00fcm\u00fcze kadar korunarak gelmi\u015f bu evlerimiz, yenilenerek, o eski imrenilen gelenekler bu evlerde can bulacak, as\u0131rl\u0131k doyurucu k\u00fclt\u00fcr birikimleri yeni nesillere ve gezginlerle bulu\u015fturulacakt\u0131r. \u015eimdilerde \u201cad\u0131 var i\u00e7 d\u00fcnyas\u0131 yok mahalleler\u201d e inat bu ya\u015fl\u0131 mahallelerdeki \u201c\u00f6l\u00fcms\u00fcz evler\u201d geleneksel \u015fehir [&hellip;]<\/p>\n","protected":false},"author":1,"featured_media":1929,"comment_status":"open","ping_status":"open","sticky":false,"template":"","format":"standard","meta":{"footnotes":""},"categories":[9],"tags":[111,112,114,113,27],"class_list":["post-1897","post","type-post","status-publish","format-standard","has-post-thumbnail","hentry","category-devam-eden-projeler","tag-amasya","tag-caddesi","tag-evler","tag-tarihi","tag-zile"],"_links":{"self":[{"href":"http:\/\/site.zile.bel.tr\/index.php\/wp-json\/wp\/v2\/posts\/1897","targetHints":{"allow":["GET"]}}],"collection":[{"href":"http:\/\/site.zile.bel.tr\/index.php\/wp-json\/wp\/v2\/posts"}],"about":[{"href":"http:\/\/site.zile.bel.tr\/index.php\/wp-json\/wp\/v2\/types\/post"}],"author":[{"embeddable":true,"href":"http:\/\/site.zile.bel.tr\/index.php\/wp-json\/wp\/v2\/users\/1"}],"replies":[{"embeddable":true,"href":"http:\/\/site.zile.bel.tr\/index.php\/wp-json\/wp\/v2\/comments?post=1897"}],"version-history":[{"count":3,"href":"http:\/\/site.zile.bel.tr\/index.php\/wp-json\/wp\/v2\/posts\/1897\/revisions"}],"predecessor-version":[{"id":1928,"href":"http:\/\/site.zile.bel.tr\/index.php\/wp-json\/wp\/v2\/posts\/1897\/revisions\/1928"}],"wp:featuredmedia":[{"embeddable":true,"href":"http:\/\/site.zile.bel.tr\/index.php\/wp-json\/wp\/v2\/media\/1929"}],"wp:attachment":[{"href":"http:\/\/site.zile.bel.tr\/index.php\/wp-json\/wp\/v2\/media?parent=1897"}],"wp:term":[{"taxonomy":"category","embeddable":true,"href":"http:\/\/site.zile.bel.tr\/index.php\/wp-json\/wp\/v2\/categories?post=1897"},{"taxonomy":"post_tag","embeddable":true,"href":"http:\/\/site.zile.bel.tr\/index.php\/wp-json\/wp\/v2\/tags?post=1897"}],"curies":[{"name":"wp","href":"https:\/\/api.w.org\/{rel}","templated":true}]}}