{"id":1899,"date":"2021-05-12T12:32:15","date_gmt":"2021-05-12T09:32:15","guid":{"rendered":"http:\/\/site.zile.bel.tr\/?p=1899"},"modified":"2024-01-24T13:25:59","modified_gmt":"2024-01-24T10:25:59","slug":"zamanin-mekana-donustugu-yer-zile-kalesi-ve-sehir-muzesi","status":"publish","type":"post","link":"http:\/\/site.zile.bel.tr\/index.php\/2021\/05\/12\/zamanin-mekana-donustugu-yer-zile-kalesi-ve-sehir-muzesi\/","title":{"rendered":"Zaman\u0131n mek\u00e2na d\u00f6n\u00fc\u015ft\u00fc\u011f\u00fc yer Zile Kalesi ve \u015eehir M\u00fczesi"},"content":{"rendered":"<p><a href=\"http:\/\/site.zile.bel.tr\/index.php\/2021\/05\/12\/zamanin-mekana-donustugu-yer-zile-kalesi-ve-sehir-muzesi\/muze-975-x-2082\/\" rel=\"attachment wp-att-1925\"><img loading=\"lazy\" decoding=\"async\" class=\"alignnone wp-image-1925\" src=\"http:\/\/site.zile.bel.tr\/wp-content\/uploads\/2021\/05\/muze-975-x-2082-480x1024.jpg\" alt=\"\" width=\"800\" height=\"1708\" srcset=\"http:\/\/site.zile.bel.tr\/wp-content\/uploads\/2021\/05\/muze-975-x-2082-480x1024.jpg 480w, http:\/\/site.zile.bel.tr\/wp-content\/uploads\/2021\/05\/muze-975-x-2082-140x300.jpg 140w, http:\/\/site.zile.bel.tr\/wp-content\/uploads\/2021\/05\/muze-975-x-2082-768x1640.jpg 768w, http:\/\/site.zile.bel.tr\/wp-content\/uploads\/2021\/05\/muze-975-x-2082-719x1536.jpg 719w, http:\/\/site.zile.bel.tr\/wp-content\/uploads\/2021\/05\/muze-975-x-2082-959x2048.jpg 959w, http:\/\/site.zile.bel.tr\/wp-content\/uploads\/2021\/05\/muze-975-x-2082.jpg 975w\" sizes=\"auto, (max-width: 800px) 100vw, 800px\" \/><\/a><br \/>\nKale i\u00e7indeki eski K\u0131\u015fla Binas\u0131\u2019n\u0131n restorasyonu tamamlanm\u0131\u015f olup, 1000 m\u00b2 kapal\u0131 alanda \u015eehir M\u00fczesi a\u00e7ma \u00e7al\u0131\u015fmalar\u0131nda son a\u015famaya gelindi. Zile\u2019nin sembol\u00fc konumundaki Zile Kalesi\u2019ni aya\u011fa kald\u0131rmak i\u00e7in \u00e7evre d\u00fczenleme ve restorasyon proje \u00e7al\u0131\u015fmalar\u0131 ise devam etmekte olup, yak\u0131nda sonu\u00e7land\u0131r\u0131lacakt\u0131r<\/p>\n<p><strong>\u201cTarihle Sar\u0131lm\u0131\u015f, K\u00fclt\u00fcrle Yo\u011frulmu\u015f, Do\u011fayla Harmanlanm\u0131\u015f \u015eehir\u201d<\/strong><\/p>\n","protected":false},"excerpt":{"rendered":"<p>Kale i\u00e7indeki eski K\u0131\u015fla Binas\u0131\u2019n\u0131n restorasyonu tamamlanm\u0131\u015f olup, 1000 m\u00b2 kapal\u0131 alanda \u015eehir M\u00fczesi a\u00e7ma \u00e7al\u0131\u015fmalar\u0131nda son a\u015famaya gelindi. Zile\u2019nin sembol\u00fc konumundaki Zile Kalesi\u2019ni aya\u011fa kald\u0131rmak i\u00e7in \u00e7evre d\u00fczenleme ve restorasyon proje \u00e7al\u0131\u015fmalar\u0131 ise devam etmekte olup, yak\u0131nda sonu\u00e7land\u0131r\u0131lacakt\u0131r \u201cTarihle Sar\u0131lm\u0131\u015f, K\u00fclt\u00fcrle Yo\u011frulmu\u015f, Do\u011fayla Harmanlanm\u0131\u015f \u015eehir\u201d<\/p>\n","protected":false},"author":1,"featured_media":1924,"comment_status":"open","ping_status":"open","sticky":false,"template":"","format":"standard","meta":{"footnotes":""},"categories":[8],"tags":[82,110,109,103,27],"class_list":["post-1899","post","type-post","status-publish","format-standard","has-post-thumbnail","hentry","category-tamamlanan-projeler","tag-belediye","tag-kale","tag-muze","tag-proje","tag-zile"],"_links":{"self":[{"href":"http:\/\/site.zile.bel.tr\/index.php\/wp-json\/wp\/v2\/posts\/1899","targetHints":{"allow":["GET"]}}],"collection":[{"href":"http:\/\/site.zile.bel.tr\/index.php\/wp-json\/wp\/v2\/posts"}],"about":[{"href":"http:\/\/site.zile.bel.tr\/index.php\/wp-json\/wp\/v2\/types\/post"}],"author":[{"embeddable":true,"href":"http:\/\/site.zile.bel.tr\/index.php\/wp-json\/wp\/v2\/users\/1"}],"replies":[{"embeddable":true,"href":"http:\/\/site.zile.bel.tr\/index.php\/wp-json\/wp\/v2\/comments?post=1899"}],"version-history":[{"count":2,"href":"http:\/\/site.zile.bel.tr\/index.php\/wp-json\/wp\/v2\/posts\/1899\/revisions"}],"predecessor-version":[{"id":1926,"href":"http:\/\/site.zile.bel.tr\/index.php\/wp-json\/wp\/v2\/posts\/1899\/revisions\/1926"}],"wp:featuredmedia":[{"embeddable":true,"href":"http:\/\/site.zile.bel.tr\/index.php\/wp-json\/wp\/v2\/media\/1924"}],"wp:attachment":[{"href":"http:\/\/site.zile.bel.tr\/index.php\/wp-json\/wp\/v2\/media?parent=1899"}],"wp:term":[{"taxonomy":"category","embeddable":true,"href":"http:\/\/site.zile.bel.tr\/index.php\/wp-json\/wp\/v2\/categories?post=1899"},{"taxonomy":"post_tag","embeddable":true,"href":"http:\/\/site.zile.bel.tr\/index.php\/wp-json\/wp\/v2\/tags?post=1899"}],"curies":[{"name":"wp","href":"https:\/\/api.w.org\/{rel}","templated":true}]}}