{"id":1905,"date":"2021-05-12T12:33:31","date_gmt":"2021-05-12T09:33:31","guid":{"rendered":"http:\/\/site.zile.bel.tr\/?p=1905"},"modified":"2021-08-11T11:43:55","modified_gmt":"2021-08-11T08:43:55","slug":"tarim-yoluyla-istihdam-yaratmak","status":"publish","type":"post","link":"http:\/\/site.zile.bel.tr\/index.php\/2021\/05\/12\/tarim-yoluyla-istihdam-yaratmak\/","title":{"rendered":"Tar\u0131m yoluyla istihdam yaratmak\u2026"},"content":{"rendered":"<p>Zile\u2019miz Ba\u015fkent \u00dcniversitesi\u2019nin kamp\u00fcs alan\u0131 i\u00e7erisine al\u0131nd\u0131. Ba\u015fkent \u00dcniversitesi Tar\u0131m Enstit\u00fcs\u00fc Zile\u2019de akademik \u00e7al\u0131\u015fmalar yaparak \u0130\u015fsizli\u011fin \u00f6nlenmesi ve tar\u0131m\u0131n geli\u015ftirilmesi i\u00e7in \u00e7al\u0131\u015fmalar yapacaklar. Covid k\u00fcresel salg\u0131n\u0131 nedeniyle ara verilen proje,\u00a0 Zile\u2019deki g\u00f6\u00e7\u00fc durdurmay\u0131, alternatif ya\u015fam alanlar\u0131 olu\u015fturmay\u0131 ve i\u015f imk\u00e2nlar\u0131 sa\u011flamay\u0131 hedefliyor.<\/p>\n<p><a href=\"http:\/\/site.zile.bel.tr\/index.php\/2021\/05\/12\/tarim-yoluyla-istihdam-yaratmak\/yctn_tarlalar-1874-x-1250\/\" rel=\"attachment wp-att-1915\"><img loading=\"lazy\" decoding=\"async\" class=\"alignnone wp-image-1915\" src=\"http:\/\/site.zile.bel.tr\/wp-content\/uploads\/2021\/05\/yctn_tarlalar-1874-x-1250-1024x683.jpg\" alt=\"\" width=\"800\" height=\"534\" srcset=\"http:\/\/site.zile.bel.tr\/wp-content\/uploads\/2021\/05\/yctn_tarlalar-1874-x-1250-1024x683.jpg 1024w, http:\/\/site.zile.bel.tr\/wp-content\/uploads\/2021\/05\/yctn_tarlalar-1874-x-1250-300x200.jpg 300w, http:\/\/site.zile.bel.tr\/wp-content\/uploads\/2021\/05\/yctn_tarlalar-1874-x-1250-768x512.jpg 768w, http:\/\/site.zile.bel.tr\/wp-content\/uploads\/2021\/05\/yctn_tarlalar-1874-x-1250-1536x1025.jpg 1536w, http:\/\/site.zile.bel.tr\/wp-content\/uploads\/2021\/05\/yctn_tarlalar-1874-x-1250.jpg 1874w\" sizes=\"auto, (max-width: 800px) 100vw, 800px\" \/><\/a><\/p>\n","protected":false},"excerpt":{"rendered":"<p>Zile\u2019miz Ba\u015fkent \u00dcniversitesi\u2019nin kamp\u00fcs alan\u0131 i\u00e7erisine al\u0131nd\u0131. Ba\u015fkent \u00dcniversitesi Tar\u0131m Enstit\u00fcs\u00fc Zile\u2019de akademik \u00e7al\u0131\u015fmalar yaparak \u0130\u015fsizli\u011fin \u00f6nlenmesi ve tar\u0131m\u0131n geli\u015ftirilmesi i\u00e7in \u00e7al\u0131\u015fmalar yapacaklar. Covid k\u00fcresel salg\u0131n\u0131 nedeniyle ara verilen proje,\u00a0 Zile\u2019deki g\u00f6\u00e7\u00fc durdurmay\u0131, alternatif ya\u015fam alanlar\u0131 olu\u015fturmay\u0131 ve i\u015f imk\u00e2nlar\u0131 sa\u011flamay\u0131 hedefliyor.<\/p>\n","protected":false},"author":1,"featured_media":1915,"comment_status":"open","ping_status":"open","sticky":false,"template":"","format":"standard","meta":{"footnotes":""},"categories":[9],"tags":[105,27],"class_list":["post-1905","post","type-post","status-publish","format-standard","has-post-thumbnail","hentry","category-devam-eden-projeler","tag-tarim","tag-zile"],"_links":{"self":[{"href":"http:\/\/site.zile.bel.tr\/index.php\/wp-json\/wp\/v2\/posts\/1905","targetHints":{"allow":["GET"]}}],"collection":[{"href":"http:\/\/site.zile.bel.tr\/index.php\/wp-json\/wp\/v2\/posts"}],"about":[{"href":"http:\/\/site.zile.bel.tr\/index.php\/wp-json\/wp\/v2\/types\/post"}],"author":[{"embeddable":true,"href":"http:\/\/site.zile.bel.tr\/index.php\/wp-json\/wp\/v2\/users\/1"}],"replies":[{"embeddable":true,"href":"http:\/\/site.zile.bel.tr\/index.php\/wp-json\/wp\/v2\/comments?post=1905"}],"version-history":[{"count":5,"href":"http:\/\/site.zile.bel.tr\/index.php\/wp-json\/wp\/v2\/posts\/1905\/revisions"}],"predecessor-version":[{"id":6795,"href":"http:\/\/site.zile.bel.tr\/index.php\/wp-json\/wp\/v2\/posts\/1905\/revisions\/6795"}],"wp:featuredmedia":[{"embeddable":true,"href":"http:\/\/site.zile.bel.tr\/index.php\/wp-json\/wp\/v2\/media\/1915"}],"wp:attachment":[{"href":"http:\/\/site.zile.bel.tr\/index.php\/wp-json\/wp\/v2\/media?parent=1905"}],"wp:term":[{"taxonomy":"category","embeddable":true,"href":"http:\/\/site.zile.bel.tr\/index.php\/wp-json\/wp\/v2\/categories?post=1905"},{"taxonomy":"post_tag","embeddable":true,"href":"http:\/\/site.zile.bel.tr\/index.php\/wp-json\/wp\/v2\/tags?post=1905"}],"curies":[{"name":"wp","href":"https:\/\/api.w.org\/{rel}","templated":true}]}}