{"id":1907,"date":"2021-05-12T12:34:00","date_gmt":"2021-05-12T09:34:00","guid":{"rendered":"http:\/\/site.zile.bel.tr\/?p=1907"},"modified":"2024-01-24T13:24:47","modified_gmt":"2024-01-24T10:24:47","slug":"bolgede-bir-ilk-elektrik-tasarrufu-projesi","status":"publish","type":"post","link":"http:\/\/site.zile.bel.tr\/index.php\/2021\/05\/12\/bolgede-bir-ilk-elektrik-tasarrufu-projesi\/","title":{"rendered":"B\u00f6lgede bir ilk %40 Elektrik Tasarrufu Projesi"},"content":{"rendered":"<p><a href=\"http:\/\/site.zile.bel.tr\/index.php\/2021\/05\/12\/bolgede-bir-ilk-%40-elektrik-tasarrufu-projesi\/tasarruf-975-x-2082\/\" rel=\"attachment wp-att-1912\"><img loading=\"lazy\" decoding=\"async\" class=\"alignnone wp-image-1912\" src=\"http:\/\/site.zile.bel.tr\/wp-content\/uploads\/2021\/05\/tasarruf-975-x-2082-480x1024.jpg\" alt=\"\" width=\"800\" height=\"1708\" srcset=\"http:\/\/site.zile.bel.tr\/wp-content\/uploads\/2021\/05\/tasarruf-975-x-2082-480x1024.jpg 480w, http:\/\/site.zile.bel.tr\/wp-content\/uploads\/2021\/05\/tasarruf-975-x-2082-140x300.jpg 140w, http:\/\/site.zile.bel.tr\/wp-content\/uploads\/2021\/05\/tasarruf-975-x-2082-768x1640.jpg 768w, http:\/\/site.zile.bel.tr\/wp-content\/uploads\/2021\/05\/tasarruf-975-x-2082-719x1536.jpg 719w, http:\/\/site.zile.bel.tr\/wp-content\/uploads\/2021\/05\/tasarruf-975-x-2082-959x2048.jpg 959w, http:\/\/site.zile.bel.tr\/wp-content\/uploads\/2021\/05\/tasarruf-975-x-2082.jpg 975w\" sizes=\"auto, (max-width: 800px) 100vw, 800px\" \/><\/a><\/p>\n<p>Orta Karadeniz Kalk\u0131nma Ajans\u0131 (OKA) taraf\u0131ndan desteklenen proje kapsam\u0131nda Zile belediyesi ve ba\u011fl\u0131 kurulu\u015flar\u0131n enerji sarfiyatlar\u0131nda y\u00fczde 40 tasarruf sa\u011flanacak..<\/p>\n<p>Geldi\u011fi ilk g\u00fcnden bug\u00fcne tasarruf konusunda ciddi ad\u0131mlar atan Zile Belediye Ba\u015fkan\u0131 \u015e\u00fckr\u00fc Sarg\u0131n, \u201cYapm\u0131\u015f oldu\u011fumuz \u00e7al\u0131\u015fmalarla vatanda\u015f\u0131m\u0131z\u0131n cebinden \u00e7\u0131kan paran\u0131n bo\u015fa<\/p>\n<p>harcanmas\u0131n\u0131n \u00f6n\u00fcne ge\u00e7tik ve ge\u00e7meye de devam ediyoruz.<\/p>\n<p>T\u00fcy\u00fc bitmemi\u015f yetimin hakk\u0131 olan belediye gelirlerinde tasarruf i\u00e7in bir\u00e7ok \u00e7al\u0131\u015fma yapt\u0131k. Gereksiz harcamalar ciddi anlamda kasam\u0131za geri d\u00f6nerken milli servetimizi korumu\u015f oluyoruz.<\/p>\n<p>Hayat\u0131m\u0131z\u0131n her alan\u0131nda ihtiya\u00e7 duydu\u011fumuz enerji kaynaklar\u0131n\u0131n etkin ve verimli bi\u00e7imde kullan\u0131m\u0131, gelecek nesillere g\u00fczel bir d\u00fcnya b\u0131rakmam\u0131z\u0131 olanakl\u0131 k\u0131lar. Yerel y\u00f6neticiler olarak bu konuda bize b\u00fcy\u00fck g\u00f6rev ve sorumluluklar\u0131n d\u00fc\u015ft\u00fc\u011f\u00fcn\u00fc bilerek bu anlamda \u00e7al\u0131\u015fmalar\u0131<\/p>\n<p>s\u00fcrd\u00fcr\u00fcyoruz\u201d dedi.<\/p>\n","protected":false},"excerpt":{"rendered":"<p>Orta Karadeniz Kalk\u0131nma Ajans\u0131 (OKA) taraf\u0131ndan desteklenen proje kapsam\u0131nda Zile belediyesi ve ba\u011fl\u0131 kurulu\u015flar\u0131n enerji sarfiyatlar\u0131nda y\u00fczde 40 tasarruf sa\u011flanacak.. Geldi\u011fi ilk g\u00fcnden bug\u00fcne tasarruf konusunda ciddi ad\u0131mlar atan Zile Belediye Ba\u015fkan\u0131 \u015e\u00fckr\u00fc Sarg\u0131n, \u201cYapm\u0131\u015f oldu\u011fumuz \u00e7al\u0131\u015fmalarla vatanda\u015f\u0131m\u0131z\u0131n cebinden \u00e7\u0131kan paran\u0131n bo\u015fa harcanmas\u0131n\u0131n \u00f6n\u00fcne ge\u00e7tik ve ge\u00e7meye de devam ediyoruz. T\u00fcy\u00fc bitmemi\u015f yetimin hakk\u0131 olan [&hellip;]<\/p>\n","protected":false},"author":1,"featured_media":1914,"comment_status":"open","ping_status":"open","sticky":false,"template":"","format":"standard","meta":{"footnotes":""},"categories":[8],"tags":[40,38,103,39,104,27],"class_list":["post-1907","post","type-post","status-publish","format-standard","has-post-thumbnail","hentry","category-tamamlanan-projeler","tag-belediyesi","tag-enerji","tag-proje","tag-tasarruf","tag-verimlilik","tag-zile"],"_links":{"self":[{"href":"http:\/\/site.zile.bel.tr\/index.php\/wp-json\/wp\/v2\/posts\/1907","targetHints":{"allow":["GET"]}}],"collection":[{"href":"http:\/\/site.zile.bel.tr\/index.php\/wp-json\/wp\/v2\/posts"}],"about":[{"href":"http:\/\/site.zile.bel.tr\/index.php\/wp-json\/wp\/v2\/types\/post"}],"author":[{"embeddable":true,"href":"http:\/\/site.zile.bel.tr\/index.php\/wp-json\/wp\/v2\/users\/1"}],"replies":[{"embeddable":true,"href":"http:\/\/site.zile.bel.tr\/index.php\/wp-json\/wp\/v2\/comments?post=1907"}],"version-history":[{"count":3,"href":"http:\/\/site.zile.bel.tr\/index.php\/wp-json\/wp\/v2\/posts\/1907\/revisions"}],"predecessor-version":[{"id":1913,"href":"http:\/\/site.zile.bel.tr\/index.php\/wp-json\/wp\/v2\/posts\/1907\/revisions\/1913"}],"wp:featuredmedia":[{"embeddable":true,"href":"http:\/\/site.zile.bel.tr\/index.php\/wp-json\/wp\/v2\/media\/1914"}],"wp:attachment":[{"href":"http:\/\/site.zile.bel.tr\/index.php\/wp-json\/wp\/v2\/media?parent=1907"}],"wp:term":[{"taxonomy":"category","embeddable":true,"href":"http:\/\/site.zile.bel.tr\/index.php\/wp-json\/wp\/v2\/categories?post=1907"},{"taxonomy":"post_tag","embeddable":true,"href":"http:\/\/site.zile.bel.tr\/index.php\/wp-json\/wp\/v2\/tags?post=1907"}],"curies":[{"name":"wp","href":"https:\/\/api.w.org\/{rel}","templated":true}]}}