{"id":2107,"date":"2021-05-19T12:09:27","date_gmt":"2021-05-19T09:09:27","guid":{"rendered":"http:\/\/site.zile.bel.tr\/?p=2107"},"modified":"2021-05-19T12:09:27","modified_gmt":"2021-05-19T09:09:27","slug":"baskan-sarginin-19-mayis-mesaji","status":"publish","type":"post","link":"http:\/\/site.zile.bel.tr\/index.php\/2021\/05\/19\/baskan-sarginin-19-mayis-mesaji\/","title":{"rendered":"Ba\u015fkan Sarg\u0131n\u2019\u0131n 19 May\u0131s Mesaj\u0131"},"content":{"rendered":"<p><a href=\"http:\/\/site.zile.bel.tr\/index.php\/2021\/05\/19\/baskan-sarginin-19-mayis-mesaji\/19-mayis-2021-2480-x-1417\/\" rel=\"attachment wp-att-2108\"><img loading=\"lazy\" decoding=\"async\" class=\"alignnone wp-image-2108\" src=\"http:\/\/site.zile.bel.tr\/wp-content\/uploads\/2021\/05\/19-mayis-2021-2480-x-1417-1024x585.jpg\" alt=\"\" width=\"800\" height=\"457\" srcset=\"http:\/\/site.zile.bel.tr\/wp-content\/uploads\/2021\/05\/19-mayis-2021-2480-x-1417-1024x585.jpg 1024w, http:\/\/site.zile.bel.tr\/wp-content\/uploads\/2021\/05\/19-mayis-2021-2480-x-1417-300x171.jpg 300w, http:\/\/site.zile.bel.tr\/wp-content\/uploads\/2021\/05\/19-mayis-2021-2480-x-1417-768x439.jpg 768w, http:\/\/site.zile.bel.tr\/wp-content\/uploads\/2021\/05\/19-mayis-2021-2480-x-1417-1536x878.jpg 1536w, http:\/\/site.zile.bel.tr\/wp-content\/uploads\/2021\/05\/19-mayis-2021-2480-x-1417-2048x1170.jpg 2048w\" sizes=\"auto, (max-width: 800px) 100vw, 800px\" \/><\/a><br \/>\nZile Belediye Ba\u015fkan\u0131 \u015e\u00fckr\u00fc Sarg\u0131n, 19 May\u0131s Atat\u00fcrk\u2019\u00fc Anma, Gen\u00e7lik ve Spor Bayram\u0131 dolay\u0131s\u0131yla bir mesaj yay\u0131mlad\u0131. Ba\u015fkan Sarg\u0131n mesaj\u0131nda \u015fu ifadelere yer verdi:<\/p>\n<p>\u201cBug\u00fcn; g\u00fc\u00e7l\u00fc ve lider bir T\u00fcrkiye i\u00e7in at\u0131lm\u0131\u015f ilk ad\u0131m\u0131n 102. y\u0131l d\u00f6n\u00fcm\u00fcndeyiz. 19 May\u0131s 1919 g\u00fcn\u00fc tarihimizde \u00e7ok m\u00fcstesna bir yeri sahiptir. Milletin ba\u011f\u0131ms\u0131zl\u0131\u011f\u0131n\u0131, yine milletin azim ve karar\u0131n\u0131n kurtaraca\u011f\u0131na inanan bir avu\u00e7 inanm\u0131\u015f insan\u0131n ba\u015flatt\u0131\u011f\u0131 bu kutlu y\u00fcr\u00fcy\u00fc\u015f neticesinde, b\u00fcy\u00fck fedak\u00e2rl\u0131klar g\u00f6steren aziz T\u00fcrk milleti, esareti reddedip ba\u011f\u0131ms\u0131zl\u0131\u011f\u0131n\u0131 elde etmi\u015ftir. T\u00fcrkiye Cumhuriyeti\u2019nin kurulmas\u0131na giden yolun ba\u015flang\u0131c\u0131 olan i\u015fte bu tarih, ayn\u0131 zamanda gelece\u011fimizin teminat\u0131 olan gen\u00e7lerimiz i\u00e7in de bayram olarak kutlanmaktad\u0131r. B\u00f6yle bir g\u00fcn\u00fc \u00fclkemiz i\u00e7in, gen\u00e7lerimiz i\u00e7in elbette \u00f6nemli g\u00f6rmek gerekmektedir. \u00c7\u00fcnk\u00fc gen\u00e7lerimiz \u00fclkemizin ve yar\u0131nlar\u0131m\u0131z\u0131n teminat\u0131d\u0131r. Bu g\u00fcnde, milli ve manevi de\u011ferlerine ba\u011fl\u0131, sayg\u0131 ve ho\u015fg\u00f6r\u00fc i\u00e7inde olan, donan\u0131ml\u0131 gen\u00e7lerle T\u00fcrkiye\u2019nin gelece\u011fi teminat alt\u0131ndad\u0131r.\u201d<\/p>\n<p>\u201cD\u00fcnyadaki ilerleme yar\u0131\u015f\u0131nda \u00fclkemizin en b\u00fcy\u00fck g\u00fcvencesi olan gen\u00e7lerimizi, ne kadar e\u011fitimli, ne kadar donan\u0131ml\u0131, ne kadar milli ve manevi de\u011ferlerine ba\u011fl\u0131 birer birey olarak yeti\u015ftirebilirsek, gelece\u011fimiz de bir o kadar emin ellerde olacakt\u0131r. Biz yerel y\u00f6neticiler olarak, en do\u011fru yat\u0131r\u0131m\u0131n insana ve gen\u00e7lere yap\u0131lan yat\u0131r\u0131m olarak g\u00f6r\u00fcyor ve faaliyetlerimizi bu do\u011frultuda s\u00fcrd\u00fcrmekteyiz. Bu duygu ve d\u00fc\u015f\u00fcncelerle Milli m\u00fccadelemizin ba\u015fkahraman\u0131 ba\u015fta Ulu \u00d6nder Gazi Mustafa Kemal Atat\u00fcrk\u2019\u00fc ve silah arkada\u015flar\u0131n\u0131 sayg\u0131, rahmet ve \u015f\u00fckranla anarken, gen\u00e7lerimizin de Atat\u00fcrk\u2019\u00fc Anma, Gen\u00e7lik ve Spor Bayram\u0131\u2019n\u0131 kutluyorum.\u201d<\/p>\n","protected":false},"excerpt":{"rendered":"<p>Zile Belediye Ba\u015fkan\u0131 \u015e\u00fckr\u00fc Sarg\u0131n, 19 May\u0131s Atat\u00fcrk\u2019\u00fc Anma, Gen\u00e7lik ve Spor Bayram\u0131 dolay\u0131s\u0131yla bir mesaj yay\u0131mlad\u0131. Ba\u015fkan Sarg\u0131n mesaj\u0131nda \u015fu ifadelere yer verdi: \u201cBug\u00fcn; g\u00fc\u00e7l\u00fc ve lider bir T\u00fcrkiye i\u00e7in at\u0131lm\u0131\u015f ilk ad\u0131m\u0131n 102. y\u0131l d\u00f6n\u00fcm\u00fcndeyiz. 19 May\u0131s 1919 g\u00fcn\u00fc tarihimizde \u00e7ok m\u00fcstesna bir yeri sahiptir. Milletin ba\u011f\u0131ms\u0131zl\u0131\u011f\u0131n\u0131, yine milletin azim ve karar\u0131n\u0131n kurtaraca\u011f\u0131na [&hellip;]<\/p>\n","protected":false},"author":1,"featured_media":2108,"comment_status":"open","ping_status":"open","sticky":false,"template":"","format":"standard","meta":{"footnotes":""},"categories":[11],"tags":[],"class_list":["post-2107","post","type-post","status-publish","format-standard","has-post-thumbnail","hentry","category-haberler"],"_links":{"self":[{"href":"http:\/\/site.zile.bel.tr\/index.php\/wp-json\/wp\/v2\/posts\/2107","targetHints":{"allow":["GET"]}}],"collection":[{"href":"http:\/\/site.zile.bel.tr\/index.php\/wp-json\/wp\/v2\/posts"}],"about":[{"href":"http:\/\/site.zile.bel.tr\/index.php\/wp-json\/wp\/v2\/types\/post"}],"author":[{"embeddable":true,"href":"http:\/\/site.zile.bel.tr\/index.php\/wp-json\/wp\/v2\/users\/1"}],"replies":[{"embeddable":true,"href":"http:\/\/site.zile.bel.tr\/index.php\/wp-json\/wp\/v2\/comments?post=2107"}],"version-history":[{"count":2,"href":"http:\/\/site.zile.bel.tr\/index.php\/wp-json\/wp\/v2\/posts\/2107\/revisions"}],"predecessor-version":[{"id":2110,"href":"http:\/\/site.zile.bel.tr\/index.php\/wp-json\/wp\/v2\/posts\/2107\/revisions\/2110"}],"wp:featuredmedia":[{"embeddable":true,"href":"http:\/\/site.zile.bel.tr\/index.php\/wp-json\/wp\/v2\/media\/2108"}],"wp:attachment":[{"href":"http:\/\/site.zile.bel.tr\/index.php\/wp-json\/wp\/v2\/media?parent=2107"}],"wp:term":[{"taxonomy":"category","embeddable":true,"href":"http:\/\/site.zile.bel.tr\/index.php\/wp-json\/wp\/v2\/categories?post=2107"},{"taxonomy":"post_tag","embeddable":true,"href":"http:\/\/site.zile.bel.tr\/index.php\/wp-json\/wp\/v2\/tags?post=2107"}],"curies":[{"name":"wp","href":"https:\/\/api.w.org\/{rel}","templated":true}]}}