{"id":2136,"date":"2021-05-21T13:42:28","date_gmt":"2021-05-21T10:42:28","guid":{"rendered":"http:\/\/site.zile.bel.tr\/?p=2136"},"modified":"2021-05-21T13:42:28","modified_gmt":"2021-05-21T10:42:28","slug":"yeni-web-sayfamiz-yayinda","status":"publish","type":"post","link":"http:\/\/site.zile.bel.tr\/index.php\/2021\/05\/21\/yeni-web-sayfamiz-yayinda\/","title":{"rendered":"Yeni Web Sayfam\u0131z Yay\u0131nda"},"content":{"rendered":"<p><a href=\"http:\/\/site.zile.bel.tr\/index.php\/2021\/05\/21\/yeni-web-sayfamiz-yayinda\/zile-bel-tr-1122-x-924\/\" rel=\"attachment wp-att-2137\"><img loading=\"lazy\" decoding=\"async\" class=\"alignnone wp-image-2137\" src=\"http:\/\/site.zile.bel.tr\/wp-content\/uploads\/2021\/05\/zile.bel_.tr-1122-x-924-1024x843.jpg\" alt=\"\" width=\"800\" height=\"659\" srcset=\"http:\/\/site.zile.bel.tr\/wp-content\/uploads\/2021\/05\/zile.bel_.tr-1122-x-924-1024x843.jpg 1024w, http:\/\/site.zile.bel.tr\/wp-content\/uploads\/2021\/05\/zile.bel_.tr-1122-x-924-300x247.jpg 300w, http:\/\/site.zile.bel.tr\/wp-content\/uploads\/2021\/05\/zile.bel_.tr-1122-x-924-768x632.jpg 768w, http:\/\/site.zile.bel.tr\/wp-content\/uploads\/2021\/05\/zile.bel_.tr-1122-x-924.jpg 1122w\" sizes=\"auto, (max-width: 800px) 100vw, 800px\" \/><\/a><\/p>\n<p>Belediyemiz web sayfas\u0131 geli\u015fen teknoloji ile g\u00fcn\u00fcn gerekliliklerine uygun \u015fekilde yenilenmi\u015ftir.<\/p>\n<p>Vatanda\u015flar\u0131m\u0131za daha iyi hizmet verebilmek i\u00e7in daha i\u015flevsel ve arad\u0131klar\u0131 bilgiye en h\u0131zl\u0131 ve kolay bi\u00e7imde ula\u015fabilecekleri bir web sitesi haz\u0131rlanm\u0131\u015ft\u0131r.<\/p>\n<p>Yeniden tasarlanan web sayfam\u0131z, dinamik i\u00e7erik y\u00f6netimi sayesinde \u00e7al\u0131\u015fanlar\u0131m\u0131z\u0131n da her zaman en g\u00fcncel bilgiye ula\u015fabilecekleri \u015fekliyle hizmete al\u0131nm\u0131\u015f olup, mobil uyumlu web sayfam\u0131za ak\u0131ll\u0131 telefonlardan da kolayca ula\u015f\u0131labilmektedir.<\/p>\n<p>Kat\u0131l\u0131mc\u0131 yakla\u015f\u0131mla ve ilk kez y\u00f6netimimiz taraf\u0131ndan haz\u0131rlanan,\u00a0 belediyemiz \u201cVizyon, Misyon, De\u011ferlerimiz\u201d ile y\u00f6netim taraf\u0131ndan belirlenen \u201cGeli\u015ftirme Stratejilerimiz\u201d e web sayfam\u0131zda yer verilmi\u015ftir.<\/p>\n<p>Yine ilk kez y\u00f6netimimiz taraf\u0131ndan haz\u0131rlanan \u201cKurumsal \u0130leti\u015fim Stratejileri \u0130zle\u011fi\u201d, \u201cTakdir ve \u00d6d\u00fcllendirme Y\u00f6nergesi\u201d ile \u201cPerformans De\u011ferlendirme Y\u00f6nergesi\u201d \u00e7al\u0131\u015fanlar\u0131m\u0131z i\u00e7in web sayfam\u0131zda yer alm\u0131\u015ft\u0131r.<\/p>\n<p>Web sayfam\u0131zda belediye i\u00e7i ileti\u015fimin sa\u011fl\u0131kl\u0131 ve yaz\u0131l\u0131 olarak yap\u0131lmas\u0131na ve takibine olanak veren bir sistem olan \u201ckurumsal ileti\u015fim\u201d program\u0131 devreye al\u0131nm\u0131\u015ft\u0131r.<\/p>\n<p>Zile Belediyesinin gerek kurum \u00e7al\u0131\u015fanlar\u0131nda gerekse web sayfas\u0131nda yay\u0131nlanan a\u00e7\u0131k ve anla\u015f\u0131labilir bir organizasyon \u015femas\u0131 olmad\u0131\u011f\u0131 anla\u015f\u0131lmaktad\u0131r.<\/p>\n<p>Yenilenen web sayfam\u0131zda s\u00fcrd\u00fcr\u00fclebilir b\u00fcy\u00fcme stratejisinin ve kurumsalla\u015fman\u0131n temel ta\u015f\u0131 olan, kurumda, sa\u011fl\u0131kl\u0131 bir i\u00e7 i\u015fleyi\u015f i\u00e7in hayati \u00f6nemde bir konu oldu\u011fu gibi, kurumun faaliyetlerinin performans\u0131 a\u00e7\u0131s\u0131ndan da \u00e7ok \u00f6nemli bulunan organizasyon \u015femas\u0131 ve m\u00fcd\u00fcrl\u00fcklerin hizmet standartlar\u0131na da yer verilmi\u015ftir.<\/p>\n<p>Belediyemizin hedeflerine, stratejilere, i\u015f s\u00fcre\u00e7lerine, kurum vizyonuna ve misyonuna uygun olarak haz\u0131rlanan organizasyon \u015femas\u0131, kurum d\u0131\u015f\u0131nda belediye ile ileti\u015fim kurmak isteyen vatanda\u015flar i\u00e7in de,\u00a0 i\u015f ak\u0131\u015f\u0131na g\u00f6re, belediyenin nas\u0131l yap\u0131land\u0131\u011f\u0131n\u0131 g\u00f6steren,\u00a0 departmanlar\u0131n ve sorumlular\u0131n birbiriyle ili\u015fkisini ve fonksiyonlar\u0131n\u0131 g\u00f6steren bir tablodur.<\/p>\n","protected":false},"excerpt":{"rendered":"<p>Belediyemiz web sayfas\u0131 geli\u015fen teknoloji ile g\u00fcn\u00fcn gerekliliklerine uygun \u015fekilde yenilenmi\u015ftir. Vatanda\u015flar\u0131m\u0131za daha iyi hizmet verebilmek i\u00e7in daha i\u015flevsel ve arad\u0131klar\u0131 bilgiye en h\u0131zl\u0131 ve kolay bi\u00e7imde ula\u015fabilecekleri bir web sitesi haz\u0131rlanm\u0131\u015ft\u0131r. Yeniden tasarlanan web sayfam\u0131z, dinamik i\u00e7erik y\u00f6netimi sayesinde \u00e7al\u0131\u015fanlar\u0131m\u0131z\u0131n da her zaman en g\u00fcncel bilgiye ula\u015fabilecekleri \u015fekliyle hizmete al\u0131nm\u0131\u015f olup, mobil uyumlu web [&hellip;]<\/p>\n","protected":false},"author":1,"featured_media":2137,"comment_status":"open","ping_status":"open","sticky":false,"template":"","format":"standard","meta":{"footnotes":""},"categories":[11],"tags":[40,159,158,160,27],"class_list":["post-2136","post","type-post","status-publish","format-standard","has-post-thumbnail","hentry","category-haberler","tag-belediyesi","tag-site","tag-web","tag-yayinda","tag-zile"],"_links":{"self":[{"href":"http:\/\/site.zile.bel.tr\/index.php\/wp-json\/wp\/v2\/posts\/2136","targetHints":{"allow":["GET"]}}],"collection":[{"href":"http:\/\/site.zile.bel.tr\/index.php\/wp-json\/wp\/v2\/posts"}],"about":[{"href":"http:\/\/site.zile.bel.tr\/index.php\/wp-json\/wp\/v2\/types\/post"}],"author":[{"embeddable":true,"href":"http:\/\/site.zile.bel.tr\/index.php\/wp-json\/wp\/v2\/users\/1"}],"replies":[{"embeddable":true,"href":"http:\/\/site.zile.bel.tr\/index.php\/wp-json\/wp\/v2\/comments?post=2136"}],"version-history":[{"count":2,"href":"http:\/\/site.zile.bel.tr\/index.php\/wp-json\/wp\/v2\/posts\/2136\/revisions"}],"predecessor-version":[{"id":2139,"href":"http:\/\/site.zile.bel.tr\/index.php\/wp-json\/wp\/v2\/posts\/2136\/revisions\/2139"}],"wp:featuredmedia":[{"embeddable":true,"href":"http:\/\/site.zile.bel.tr\/index.php\/wp-json\/wp\/v2\/media\/2137"}],"wp:attachment":[{"href":"http:\/\/site.zile.bel.tr\/index.php\/wp-json\/wp\/v2\/media?parent=2136"}],"wp:term":[{"taxonomy":"category","embeddable":true,"href":"http:\/\/site.zile.bel.tr\/index.php\/wp-json\/wp\/v2\/categories?post=2136"},{"taxonomy":"post_tag","embeddable":true,"href":"http:\/\/site.zile.bel.tr\/index.php\/wp-json\/wp\/v2\/tags?post=2136"}],"curies":[{"name":"wp","href":"https:\/\/api.w.org\/{rel}","templated":true}]}}