{"id":2146,"date":"2021-05-25T16:56:23","date_gmt":"2021-05-25T13:56:23","guid":{"rendered":"http:\/\/site.zile.bel.tr\/?p=2146"},"modified":"2021-05-25T16:56:23","modified_gmt":"2021-05-25T13:56:23","slug":"turkiye-diyanet-vakfindan-zile-belediyesine-tesekkur-belgesi","status":"publish","type":"post","link":"http:\/\/site.zile.bel.tr\/index.php\/2021\/05\/25\/turkiye-diyanet-vakfindan-zile-belediyesine-tesekkur-belgesi\/","title":{"rendered":"T\u00fcrkiye Diyanet Vakf\u0131\u2019ndan Zile Belediyesi\u2019ne Te\u015fekk\u00fcr Belgesi"},"content":{"rendered":"<p>T\u00fcrkiye Diyanet Vakf\u0131\u2019ndan Zile Belediyesi\u2019ne Te\u015fekk\u00fcr Belgesi<\/p>\n<p>Yap\u0131lan arsa ba\u011f\u0131\u015f\u0131ndan dolay\u0131 T\u00fcrkiye Diyanet Vakf\u0131 taraf\u0131ndan g\u00f6nderilen Te\u015fekk\u00fcr Belgesi\u2019ni, Zile \u0130l\u00e7e M\u00fcft\u00fcs\u00fc \u0130dris \u00d6zarslan, Zile Belediye Ba\u015fkan\u0131 \u015e\u00fckr\u00fc Sarg\u0131n\u2019a takdim etti.<\/p>\n<p>Zile Belediyesi Ba\u015fkan \u015e\u00fckr\u00fc Sarg\u0131n\u2019\u0131n ba\u015fkanl\u0131\u011f\u0131ndaki Belediye Meclis\u2019inin onay\u0131 ile cami yap\u0131m\u0131 i\u00e7in gerekli belediye arsas\u0131n\u0131 T\u00fcrkiye Diyanet Vakf\u0131na ba\u011f\u0131\u015flad\u0131.<\/p>\n<p>Bu duyarl\u0131l\u0131k kar\u015f\u0131s\u0131nda T\u00fcrkiye Diyanet Vakf\u0131 M\u00fctevelli Heyeti II. Ba\u015fkan\u0131 \u0130hsan A\u00e7\u0131k taraf\u0131ndan, \u201cVakf\u0131m\u0131za yapm\u0131\u015f oldu\u011funuz gayrimenkul ba\u011f\u0131\u015f\u0131n\u0131z ve g\u00f6sterdi\u011finiz tevecc\u00fch dolas\u0131yla te\u015fekk\u00fcr eder; ba\u011f\u0131\u015f\u0131n\u0131z\u0131n Cenab-\u0131 Hak kat\u0131nda makbul olmas\u0131 niyaz\u0131 ile \u00e7al\u0131\u015fmalar\u0131n\u0131zda muvaffakiyetler dilerim\u201d yaz\u0131l\u0131 te\u015fekk\u00fcr belgesi Ba\u015fkan Sarg\u0131n\u2019a g\u00f6nderildi.<\/p>\n<p>Ba\u015fkan Sarg\u0131n, yap\u0131lacak caminin arsas\u0131n\u0131 belediye olarak ba\u011f\u0131\u015flad\u0131klar\u0131n\u0131, in\u015faat\u0131n\u0131n ise hay\u0131rsever mimar \u00d6mer Ery\u0131lmaz taraf\u0131ndan yapt\u0131r\u0131laca\u011f\u0131n\u0131 kaydederek, T\u00fcrkiye Diyanet Vakf\u0131\u2019n\u0131n Te\u015fekk\u00fcr Belgesini belediye ad\u0131na ald\u0131\u011f\u0131n\u0131 belirtti.<\/p>\n\n\t\t<style type=\"text\/css\">\n\t\t\t#gallery-1 {\n\t\t\t\tmargin: auto;\n\t\t\t}\n\t\t\t#gallery-1 .gallery-item {\n\t\t\t\tfloat: left;\n\t\t\t\tmargin-top: 10px;\n\t\t\t\ttext-align: center;\n\t\t\t\twidth: 33%;\n\t\t\t}\n\t\t\t#gallery-1 img {\n\t\t\t\tborder: 2px solid #cfcfcf;\n\t\t\t}\n\t\t\t#gallery-1 .gallery-caption {\n\t\t\t\tmargin-left: 0;\n\t\t\t}\n\t\t\t\/* see gallery_shortcode() in wp-includes\/media.php *\/\n\t\t<\/style>\n\t\t<div id='gallery-1' class='gallery galleryid-2146 gallery-columns-3 gallery-size-thumbnail'><dl class='gallery-item'>\n\t\t\t<dt class='gallery-icon landscape'>\n\t\t\t\t<a href='http:\/\/site.zile.bel.tr\/wp-content\/uploads\/2021\/05\/01.jpg'><img loading=\"lazy\" decoding=\"async\" width=\"150\" height=\"150\" src=\"http:\/\/site.zile.bel.tr\/wp-content\/uploads\/2021\/05\/01-150x150.jpg\" class=\"attachment-thumbnail size-thumbnail\" alt=\"\" \/><\/a>\n\t\t\t<\/dt><\/dl><dl class='gallery-item'>\n\t\t\t<dt class='gallery-icon portrait'>\n\t\t\t\t<a href='http:\/\/site.zile.bel.tr\/wp-content\/uploads\/2021\/05\/02.jpg'><img loading=\"lazy\" decoding=\"async\" width=\"150\" height=\"150\" src=\"http:\/\/site.zile.bel.tr\/wp-content\/uploads\/2021\/05\/02-150x150.jpg\" class=\"attachment-thumbnail size-thumbnail\" alt=\"\" \/><\/a>\n\t\t\t<\/dt><\/dl><dl class='gallery-item'>\n\t\t\t<dt class='gallery-icon portrait'>\n\t\t\t\t<a href='http:\/\/site.zile.bel.tr\/wp-content\/uploads\/2021\/05\/03.jpg'><img loading=\"lazy\" decoding=\"async\" width=\"150\" height=\"150\" src=\"http:\/\/site.zile.bel.tr\/wp-content\/uploads\/2021\/05\/03-150x150.jpg\" class=\"attachment-thumbnail size-thumbnail\" alt=\"\" \/><\/a>\n\t\t\t<\/dt><\/dl><br style=\"clear: both\" \/><dl class='gallery-item'>\n\t\t\t<dt class='gallery-icon landscape'>\n\t\t\t\t<a href='http:\/\/site.zile.bel.tr\/wp-content\/uploads\/2021\/05\/04-scaled.jpg'><img loading=\"lazy\" decoding=\"async\" width=\"150\" height=\"150\" src=\"http:\/\/site.zile.bel.tr\/wp-content\/uploads\/2021\/05\/04-150x150.jpg\" class=\"attachment-thumbnail size-thumbnail\" alt=\"\" \/><\/a>\n\t\t\t<\/dt><\/dl><dl class='gallery-item'>\n\t\t\t<dt class='gallery-icon landscape'>\n\t\t\t\t<a href='http:\/\/site.zile.bel.tr\/wp-content\/uploads\/2021\/05\/05-scaled.jpg'><img loading=\"lazy\" decoding=\"async\" width=\"150\" height=\"150\" src=\"http:\/\/site.zile.bel.tr\/wp-content\/uploads\/2021\/05\/05-150x150.jpg\" class=\"attachment-thumbnail size-thumbnail\" alt=\"\" \/><\/a>\n\t\t\t<\/dt><\/dl><dl class='gallery-item'>\n\t\t\t<dt class='gallery-icon landscape'>\n\t\t\t\t<a href='http:\/\/site.zile.bel.tr\/wp-content\/uploads\/2021\/05\/06-scaled.jpg'><img loading=\"lazy\" decoding=\"async\" width=\"150\" height=\"150\" src=\"http:\/\/site.zile.bel.tr\/wp-content\/uploads\/2021\/05\/06-150x150.jpg\" class=\"attachment-thumbnail size-thumbnail\" alt=\"\" \/><\/a>\n\t\t\t<\/dt><\/dl><br style=\"clear: both\" \/>\n\t\t<\/div>\n\n","protected":false},"excerpt":{"rendered":"<p>T\u00fcrkiye Diyanet Vakf\u0131\u2019ndan Zile Belediyesi\u2019ne Te\u015fekk\u00fcr Belgesi Yap\u0131lan arsa ba\u011f\u0131\u015f\u0131ndan dolay\u0131 T\u00fcrkiye Diyanet Vakf\u0131 taraf\u0131ndan g\u00f6nderilen Te\u015fekk\u00fcr Belgesi\u2019ni, Zile \u0130l\u00e7e M\u00fcft\u00fcs\u00fc \u0130dris \u00d6zarslan, Zile Belediye Ba\u015fkan\u0131 \u015e\u00fckr\u00fc Sarg\u0131n\u2019a takdim etti. Zile Belediyesi Ba\u015fkan \u015e\u00fckr\u00fc Sarg\u0131n\u2019\u0131n ba\u015fkanl\u0131\u011f\u0131ndaki Belediye Meclis\u2019inin onay\u0131 ile cami yap\u0131m\u0131 i\u00e7in gerekli belediye arsas\u0131n\u0131 T\u00fcrkiye Diyanet Vakf\u0131na ba\u011f\u0131\u015flad\u0131. Bu duyarl\u0131l\u0131k kar\u015f\u0131s\u0131nda T\u00fcrkiye Diyanet [&hellip;]<\/p>\n","protected":false},"author":1,"featured_media":2147,"comment_status":"open","ping_status":"open","sticky":false,"template":"","format":"standard","meta":{"footnotes":""},"categories":[11],"tags":[164,82,63,27],"class_list":["post-2146","post","type-post","status-publish","format-standard","has-post-thumbnail","hentry","category-haberler","tag-arsa","tag-belediye","tag-cami","tag-zile"],"_links":{"self":[{"href":"http:\/\/site.zile.bel.tr\/index.php\/wp-json\/wp\/v2\/posts\/2146","targetHints":{"allow":["GET"]}}],"collection":[{"href":"http:\/\/site.zile.bel.tr\/index.php\/wp-json\/wp\/v2\/posts"}],"about":[{"href":"http:\/\/site.zile.bel.tr\/index.php\/wp-json\/wp\/v2\/types\/post"}],"author":[{"embeddable":true,"href":"http:\/\/site.zile.bel.tr\/index.php\/wp-json\/wp\/v2\/users\/1"}],"replies":[{"embeddable":true,"href":"http:\/\/site.zile.bel.tr\/index.php\/wp-json\/wp\/v2\/comments?post=2146"}],"version-history":[{"count":1,"href":"http:\/\/site.zile.bel.tr\/index.php\/wp-json\/wp\/v2\/posts\/2146\/revisions"}],"predecessor-version":[{"id":2153,"href":"http:\/\/site.zile.bel.tr\/index.php\/wp-json\/wp\/v2\/posts\/2146\/revisions\/2153"}],"wp:featuredmedia":[{"embeddable":true,"href":"http:\/\/site.zile.bel.tr\/index.php\/wp-json\/wp\/v2\/media\/2147"}],"wp:attachment":[{"href":"http:\/\/site.zile.bel.tr\/index.php\/wp-json\/wp\/v2\/media?parent=2146"}],"wp:term":[{"taxonomy":"category","embeddable":true,"href":"http:\/\/site.zile.bel.tr\/index.php\/wp-json\/wp\/v2\/categories?post=2146"},{"taxonomy":"post_tag","embeddable":true,"href":"http:\/\/site.zile.bel.tr\/index.php\/wp-json\/wp\/v2\/tags?post=2146"}],"curies":[{"name":"wp","href":"https:\/\/api.w.org\/{rel}","templated":true}]}}