{"id":2198,"date":"2021-06-01T09:23:47","date_gmt":"2021-06-01T06:23:47","guid":{"rendered":"http:\/\/site.zile.bel.tr\/?p=2198"},"modified":"2021-06-01T09:23:48","modified_gmt":"2021-06-01T06:23:48","slug":"zilenin-duvarlari-renkleniyor","status":"publish","type":"post","link":"http:\/\/site.zile.bel.tr\/index.php\/2021\/06\/01\/zilenin-duvarlari-renkleniyor\/","title":{"rendered":"Zile&#8217;nin Duvarlar\u0131 Renkleniyor"},"content":{"rendered":"<p>Zile&#8217;nin Duvarlar\u0131 Renkleniyor<\/p>\n<p>\u201c\u015eehrin K\u00fclt\u00fcrel Ge\u00e7mi\u015fi Duvar Resimlerinde Projesi\u201d kapsam\u0131nda, Zile Belediyesince \u015fehrin i\u00e7erisinde bulunan bo\u015f duvarlara, \u015fehrin ya\u015fam k\u00fclt\u00fcr\u00fcn\u00fc yans\u0131tan resimler yap\u0131l\u0131yor.<\/p>\n<p>Zile Kalesi\u2019nin \u00e7\u0131k\u0131\u015f\u0131ndaki Kayac\u0131k Yoku\u015fu\u2019na hem\u015ferimiz Ressam Ali Efe taraf\u0131ndan Zile&#8217;yi sembolize eden resimler yap\u0131ld\u0131.<\/p>\n<p>Ressam Ali Efe \u201cBenim Zile&#8217;ye minnet borcum vard\u0131. Belediyeden de b\u00f6yle bir talep gelince seve seve kabul ettim. Zileliler duvar resimlerimize \u00e7ok ilgi g\u00f6sterdiler. \u0130n\u015fallah t\u00fcm Zile&#8217;yi reng\u00e2renk boyayarak bir sanat \u015fehri yapar\u0131z&#8221; dedi.<\/p>\n<p>Zile Belediye Ba\u015fkan\u0131 \u015e\u00fckr\u00fc Sarg\u0131n da Ressam Ali Efe&#8217;ye bir \u015filt vererek &#8220;Hi\u00e7 bir \u00fccret almadan Zile&#8217;miz de g\u00fczel bir \u00e7al\u0131\u015fmaya imza atan. Ali Bey&#8217;e Zile halk\u0131 ad\u0131na \u015f\u00fckranlar\u0131m\u0131 sunuyorum. \u0130n\u015fallah daha \u00e7ok g\u00fczel projelere birlikte imza ataca\u011f\u0131z. \u00d6nemli olan hem\u015ferilerimizin bu resimlere sahip \u00e7\u0131kmas\u0131 ve korumas\u0131d\u0131r&#8221; dedi.<br \/>\n<a href=\"http:\/\/site.zile.bel.tr\/index.php\/2021\/06\/01\/zilenin-duvarlari-renkleniyor\/ysr_8522-1980-x-1320\/\" rel=\"attachment wp-att-2199\"><img loading=\"lazy\" decoding=\"async\" class=\"alignnone wp-image-2199\" src=\"http:\/\/site.zile.bel.tr\/wp-content\/uploads\/2021\/06\/YSR_8522-1980-x-1320-1024x683.jpg\" alt=\"\" width=\"800\" height=\"533\" srcset=\"http:\/\/site.zile.bel.tr\/wp-content\/uploads\/2021\/06\/YSR_8522-1980-x-1320-1024x683.jpg 1024w, http:\/\/site.zile.bel.tr\/wp-content\/uploads\/2021\/06\/YSR_8522-1980-x-1320-300x200.jpg 300w, http:\/\/site.zile.bel.tr\/wp-content\/uploads\/2021\/06\/YSR_8522-1980-x-1320-768x512.jpg 768w, http:\/\/site.zile.bel.tr\/wp-content\/uploads\/2021\/06\/YSR_8522-1980-x-1320-1536x1024.jpg 1536w, http:\/\/site.zile.bel.tr\/wp-content\/uploads\/2021\/06\/YSR_8522-1980-x-1320.jpg 1980w\" sizes=\"auto, (max-width: 800px) 100vw, 800px\" \/><\/a><br \/>\n<a href=\"http:\/\/site.zile.bel.tr\/index.php\/2021\/06\/01\/zilenin-duvarlari-renkleniyor\/3-21\/\" rel=\"attachment wp-att-2200\"><img loading=\"lazy\" decoding=\"async\" class=\"alignnone wp-image-2200\" src=\"http:\/\/site.zile.bel.tr\/wp-content\/uploads\/2021\/06\/3-1024x576.jpg\" alt=\"\" width=\"800\" height=\"450\" srcset=\"http:\/\/site.zile.bel.tr\/wp-content\/uploads\/2021\/06\/3-1024x576.jpg 1024w, http:\/\/site.zile.bel.tr\/wp-content\/uploads\/2021\/06\/3-300x169.jpg 300w, http:\/\/site.zile.bel.tr\/wp-content\/uploads\/2021\/06\/3-768x432.jpg 768w, http:\/\/site.zile.bel.tr\/wp-content\/uploads\/2021\/06\/3-1536x863.jpg 1536w, http:\/\/site.zile.bel.tr\/wp-content\/uploads\/2021\/06\/3.jpg 2048w\" sizes=\"auto, (max-width: 800px) 100vw, 800px\" \/><\/a><\/p>\n","protected":false},"excerpt":{"rendered":"<p>Zile&#8217;nin Duvarlar\u0131 Renkleniyor \u201c\u015eehrin K\u00fclt\u00fcrel Ge\u00e7mi\u015fi Duvar Resimlerinde Projesi\u201d kapsam\u0131nda, Zile Belediyesince \u015fehrin i\u00e7erisinde bulunan bo\u015f duvarlara, \u015fehrin ya\u015fam k\u00fclt\u00fcr\u00fcn\u00fc yans\u0131tan resimler yap\u0131l\u0131yor. Zile Kalesi\u2019nin \u00e7\u0131k\u0131\u015f\u0131ndaki Kayac\u0131k Yoku\u015fu\u2019na hem\u015ferimiz Ressam Ali Efe taraf\u0131ndan Zile&#8217;yi sembolize eden resimler yap\u0131ld\u0131. Ressam Ali Efe \u201cBenim Zile&#8217;ye minnet borcum vard\u0131. Belediyeden de b\u00f6yle bir talep gelince seve seve kabul [&hellip;]<\/p>\n","protected":false},"author":1,"featured_media":2199,"comment_status":"open","ping_status":"open","sticky":false,"template":"","format":"standard","meta":{"footnotes":""},"categories":[11],"tags":[174,40,175,172,173,90,89,27],"class_list":["post-2198","post","type-post","status-publish","format-standard","has-post-thumbnail","hentry","category-haberler","tag-ali","tag-belediyesi","tag-efe","tag-plaket","tag-ressam","tag-sargin","tag-sukru","tag-zile"],"_links":{"self":[{"href":"http:\/\/site.zile.bel.tr\/index.php\/wp-json\/wp\/v2\/posts\/2198","targetHints":{"allow":["GET"]}}],"collection":[{"href":"http:\/\/site.zile.bel.tr\/index.php\/wp-json\/wp\/v2\/posts"}],"about":[{"href":"http:\/\/site.zile.bel.tr\/index.php\/wp-json\/wp\/v2\/types\/post"}],"author":[{"embeddable":true,"href":"http:\/\/site.zile.bel.tr\/index.php\/wp-json\/wp\/v2\/users\/1"}],"replies":[{"embeddable":true,"href":"http:\/\/site.zile.bel.tr\/index.php\/wp-json\/wp\/v2\/comments?post=2198"}],"version-history":[{"count":2,"href":"http:\/\/site.zile.bel.tr\/index.php\/wp-json\/wp\/v2\/posts\/2198\/revisions"}],"predecessor-version":[{"id":2202,"href":"http:\/\/site.zile.bel.tr\/index.php\/wp-json\/wp\/v2\/posts\/2198\/revisions\/2202"}],"wp:featuredmedia":[{"embeddable":true,"href":"http:\/\/site.zile.bel.tr\/index.php\/wp-json\/wp\/v2\/media\/2199"}],"wp:attachment":[{"href":"http:\/\/site.zile.bel.tr\/index.php\/wp-json\/wp\/v2\/media?parent=2198"}],"wp:term":[{"taxonomy":"category","embeddable":true,"href":"http:\/\/site.zile.bel.tr\/index.php\/wp-json\/wp\/v2\/categories?post=2198"},{"taxonomy":"post_tag","embeddable":true,"href":"http:\/\/site.zile.bel.tr\/index.php\/wp-json\/wp\/v2\/tags?post=2198"}],"curies":[{"name":"wp","href":"https:\/\/api.w.org\/{rel}","templated":true}]}}