{"id":223,"date":"2021-02-01T00:23:41","date_gmt":"2021-01-31T21:23:41","guid":{"rendered":"http:\/\/site.zile.bel.tr\/?p=223"},"modified":"2021-02-01T01:11:05","modified_gmt":"2021-01-31T22:11:05","slug":"zileye-cop-aktarma-istasyonu-kuruldu","status":"publish","type":"post","link":"http:\/\/site.zile.bel.tr\/index.php\/2021\/02\/01\/zileye-cop-aktarma-istasyonu-kuruldu\/","title":{"rendered":"Zile\u2019ye \u00c7\u00f6p Aktarma \u0130stasyonu Kuruldu"},"content":{"rendered":"<p><img loading=\"lazy\" decoding=\"async\" class=\"alignnone wp-image-224\" src=\"http:\/\/site.zile.bel.tr\/wp-content\/uploads\/2021\/02\/zile-ye-cop-aktarma-istasyonu-kuruldu-300x300.jpg\" alt=\"\" width=\"710\" height=\"710\" srcset=\"http:\/\/site.zile.bel.tr\/wp-content\/uploads\/2021\/02\/zile-ye-cop-aktarma-istasyonu-kuruldu-300x300.jpg 300w, http:\/\/site.zile.bel.tr\/wp-content\/uploads\/2021\/02\/zile-ye-cop-aktarma-istasyonu-kuruldu-1024x1024.jpg 1024w, http:\/\/site.zile.bel.tr\/wp-content\/uploads\/2021\/02\/zile-ye-cop-aktarma-istasyonu-kuruldu-150x150.jpg 150w, http:\/\/site.zile.bel.tr\/wp-content\/uploads\/2021\/02\/zile-ye-cop-aktarma-istasyonu-kuruldu-768x768.jpg 768w, http:\/\/site.zile.bel.tr\/wp-content\/uploads\/2021\/02\/zile-ye-cop-aktarma-istasyonu-kuruldu-1536x1536.jpg 1536w, http:\/\/site.zile.bel.tr\/wp-content\/uploads\/2021\/02\/zile-ye-cop-aktarma-istasyonu-kuruldu.jpg 2000w\" sizes=\"auto, (max-width: 710px) 100vw, 710px\" \/><\/p>\n<p>Zile Belediyesi, evsel at\u0131klar\u0131n ekonomik olarak \u00e7evreye zarar vermeden bertaraf edilmesi amac\u0131yla ba\u015flat\u0131lan kat\u0131 at\u0131k aktarma istasyonu kurulum \u00e7al\u0131\u015fmalar\u0131n\u0131 tamamlad\u0131.<\/p>\n<p>YAKIT, PERSONEL VE ARA\u00c7 TASARRUFU SA\u011eLANACAK<\/p>\n<p>\u00c7\u00f6p aktarma istasyonlar\u0131 ile yak\u0131t, personel ve ara\u00e7 konusunda da tasarruf sa\u011flanaca\u011f\u0131n\u0131 s\u00f6yleyen Ba\u015fkan \u015e\u00fckr\u00fc Sarg\u0131n, \u201cAktarma istasyonlar\u0131, kat\u0131 at\u0131k y\u00f6netim sisteminin en \u00f6nemli k\u0131s\u0131mlar\u0131ndan birini olu\u015fturacak. \u0130l\u00e7eden d\u00fc\u015f\u00fck kapasiteli ara\u00e7larla toplanan \u00e7\u00f6pler, ilk \u00f6nce bu istasyonlara getirilecek ve ard\u0131ndan b\u00fcy\u00fck kapasiteli nakliye ara\u00e7lar\u0131yla kat\u0131 at\u0131k ayr\u0131\u015ft\u0131rma ve geri d\u00f6n\u00fc\u015f\u00fcm tesislerine sevk edilecek.\u201d \u015feklinde konu\u015ftu.<\/p>\n","protected":false},"excerpt":{"rendered":"<p>Zile Belediyesi, evsel at\u0131klar\u0131n ekonomik olarak \u00e7evreye zarar vermeden bertaraf edilmesi amac\u0131yla ba\u015flat\u0131lan kat\u0131 at\u0131k aktarma istasyonu kurulum \u00e7al\u0131\u015fmalar\u0131n\u0131 tamamlad\u0131. YAKIT, PERSONEL VE ARA\u00c7 TASARRUFU SA\u011eLANACAK \u00c7\u00f6p aktarma istasyonlar\u0131 ile yak\u0131t, personel ve ara\u00e7 konusunda da tasarruf sa\u011flanaca\u011f\u0131n\u0131 s\u00f6yleyen Ba\u015fkan \u015e\u00fckr\u00fc Sarg\u0131n, \u201cAktarma istasyonlar\u0131, kat\u0131 at\u0131k y\u00f6netim sisteminin en \u00f6nemli k\u0131s\u0131mlar\u0131ndan birini olu\u015fturacak. \u0130l\u00e7eden d\u00fc\u015f\u00fck [&hellip;]<\/p>\n","protected":false},"author":1,"featured_media":224,"comment_status":"open","ping_status":"open","sticky":false,"template":"","format":"standard","meta":{"footnotes":""},"categories":[11],"tags":[25,24,26,27],"class_list":["post-223","post","type-post","status-publish","format-standard","has-post-thumbnail","hentry","category-haberler","tag-aktarma","tag-cop","tag-istasyonu","tag-zile"],"_links":{"self":[{"href":"http:\/\/site.zile.bel.tr\/index.php\/wp-json\/wp\/v2\/posts\/223","targetHints":{"allow":["GET"]}}],"collection":[{"href":"http:\/\/site.zile.bel.tr\/index.php\/wp-json\/wp\/v2\/posts"}],"about":[{"href":"http:\/\/site.zile.bel.tr\/index.php\/wp-json\/wp\/v2\/types\/post"}],"author":[{"embeddable":true,"href":"http:\/\/site.zile.bel.tr\/index.php\/wp-json\/wp\/v2\/users\/1"}],"replies":[{"embeddable":true,"href":"http:\/\/site.zile.bel.tr\/index.php\/wp-json\/wp\/v2\/comments?post=223"}],"version-history":[{"count":2,"href":"http:\/\/site.zile.bel.tr\/index.php\/wp-json\/wp\/v2\/posts\/223\/revisions"}],"predecessor-version":[{"id":293,"href":"http:\/\/site.zile.bel.tr\/index.php\/wp-json\/wp\/v2\/posts\/223\/revisions\/293"}],"wp:featuredmedia":[{"embeddable":true,"href":"http:\/\/site.zile.bel.tr\/index.php\/wp-json\/wp\/v2\/media\/224"}],"wp:attachment":[{"href":"http:\/\/site.zile.bel.tr\/index.php\/wp-json\/wp\/v2\/media?parent=223"}],"wp:term":[{"taxonomy":"category","embeddable":true,"href":"http:\/\/site.zile.bel.tr\/index.php\/wp-json\/wp\/v2\/categories?post=223"},{"taxonomy":"post_tag","embeddable":true,"href":"http:\/\/site.zile.bel.tr\/index.php\/wp-json\/wp\/v2\/tags?post=223"}],"curies":[{"name":"wp","href":"https:\/\/api.w.org\/{rel}","templated":true}]}}