{"id":2234,"date":"2021-06-04T17:28:04","date_gmt":"2021-06-04T14:28:04","guid":{"rendered":"http:\/\/site.zile.bel.tr\/?p=2234"},"modified":"2021-06-04T17:41:46","modified_gmt":"2021-06-04T14:41:46","slug":"baskan-sargin-cevre-gununde-mehmet-egemen-kurta-tesekkur-belgesi-verdi","status":"publish","type":"post","link":"http:\/\/site.zile.bel.tr\/index.php\/2021\/06\/04\/baskan-sargin-cevre-gununde-mehmet-egemen-kurta-tesekkur-belgesi-verdi\/","title":{"rendered":"Ba\u015fkan Sarg\u0131n, \u00c7evre G\u00fcn\u00fc\u2019nde Mehmet Egemen Kurt\u2019a Te\u015fekk\u00fcr Belgesi Verdi"},"content":{"rendered":"<p>Ba\u015fkan Sarg\u0131n, \u00c7evre G\u00fcn\u00fc\u2019nde Mehmet Egemen Kurt\u2019a Te\u015fekk\u00fcr Belgesi Verdi<\/p>\n<p>Zile Belediye Ba\u015fkan\u0131 \u015e\u00fckr\u00fc Sarg\u0131n, 5 Haziran D\u00fcnya \u00c7evre G\u00fcn\u00fc\u2019 sebebi ile makam\u0131nda a\u011f\u0131rlad\u0131\u011f\u0131 Atiye Bekir \u0130lkokulu 1. s\u0131n\u0131f \u00f6\u011frencisi Mehmet Egemen Kurt\u2019a \u00e7evre duyarl\u0131\u011f\u0131ndan \u00f6t\u00fcr\u00fc te\u015fekk\u00fcr belgesi verdi.<\/p>\n<p>Mehmet Egemen Kurt\u2019un \u00e7evre konusunda yapt\u0131\u011f\u0131 \u00e7al\u0131\u015fmalar\u0131 dinleyen Ba\u015fkan Sarg\u0131n, Ac\u0131su k\u00f6y\u00fcnden olan Kurt\u2019a k\u00f6y\u00fcn\u00fcn g\u00f6n\u00fcll\u00fc \u00e7evre temsilcili\u011fini de verdi.<\/p>\n<p>\u2018A\u011fa\u00e7 Ya\u015fken E\u011filir\u2019<\/p>\n<p>Tokat b\u00f6lgesinde en \u00e7evreci belediye olduklar\u0131n\u0131n alt\u0131n\u0131 \u00e7izen Ba\u015fkan Sarg\u0131n, \u201cB\u00f6lgede ilk s\u0131f\u0131r at\u0131k belgesini alan belediye olarak \u00e7evreye verdi\u011fimiz \u00f6nemi \u00e7al\u0131\u015fmalar\u0131m\u0131zla devam ettiriyoruz. S\u00f6zde de\u011fil, plan ve proje dahilinde ekiplerimiz \u00e7al\u0131\u015fmalar\u0131na devam ediyor. Gelecek nesillere ya\u015fanabilir bir d\u00fcnya b\u0131rakmak istiyorsak t\u00fcm halk\u0131m\u0131z bu konuda daha duyarl\u0131 olmal\u0131d\u0131r. Biz Zile Belediyesi olarak at\u0131klar\u0131n evlerde ayr\u0131\u015ft\u0131r\u0131lmas\u0131ndan, \u00e7ocuklar\u0131m\u0131z\u0131n e\u011fitimine kadar bir\u00e7ok alanda \u00e7al\u0131\u015fma y\u00fcr\u00fct\u00fcyoruz. Hedefimiz gelece\u011fe ya\u015fanabilir bir Zile b\u0131rakmak. \u2018A\u011fa\u00e7 ya\u015fken e\u011filir\u2019 s\u00f6z\u00fcnden yola \u00e7\u0131karak \u00e7ocuklar\u0131m\u0131z\u0131n \u00e7evre konusunda bilin\u00e7li olmas\u0131na ayr\u0131ca \u00f6nem veriyoruz. \u00c7evreye duyarl\u0131 toplum ve bireyler yeti\u015ftirmek \u015fuan \u00f6nceli\u011fimizdir. Do\u011fan\u0131n bize ihtiyac\u0131 yok. Bizim do\u011faya ihtiyac\u0131m\u0131z var! \u00c7evrenizi ve gelece\u011finizi koruman\u0131z temennisi ile herkesin 5 Haziran D\u00fcnya \u00c7evre G\u00fcn\u00fc\u2019n\u00fc kutlar\u0131m\u201d dedi.<\/p>\n\n\t\t<style type=\"text\/css\">\n\t\t\t#gallery-1 {\n\t\t\t\tmargin: auto;\n\t\t\t}\n\t\t\t#gallery-1 .gallery-item {\n\t\t\t\tfloat: left;\n\t\t\t\tmargin-top: 10px;\n\t\t\t\ttext-align: center;\n\t\t\t\twidth: 33%;\n\t\t\t}\n\t\t\t#gallery-1 img {\n\t\t\t\tborder: 2px solid #cfcfcf;\n\t\t\t}\n\t\t\t#gallery-1 .gallery-caption {\n\t\t\t\tmargin-left: 0;\n\t\t\t}\n\t\t\t\/* see gallery_shortcode() in wp-includes\/media.php *\/\n\t\t<\/style>\n\t\t<div id='gallery-1' class='gallery galleryid-2234 gallery-columns-3 gallery-size-large'><dl class='gallery-item'>\n\t\t\t<dt class='gallery-icon landscape'>\n\t\t\t\t<a href='http:\/\/site.zile.bel.tr\/wp-content\/uploads\/2021\/06\/1.jpg'><img loading=\"lazy\" decoding=\"async\" width=\"1024\" height=\"904\" src=\"http:\/\/site.zile.bel.tr\/wp-content\/uploads\/2021\/06\/1-1024x904.jpg\" class=\"attachment-large size-large\" alt=\"\" srcset=\"http:\/\/site.zile.bel.tr\/wp-content\/uploads\/2021\/06\/1-1024x904.jpg 1024w, http:\/\/site.zile.bel.tr\/wp-content\/uploads\/2021\/06\/1-300x265.jpg 300w, http:\/\/site.zile.bel.tr\/wp-content\/uploads\/2021\/06\/1-768x678.jpg 768w, http:\/\/site.zile.bel.tr\/wp-content\/uploads\/2021\/06\/1-1536x1355.jpg 1536w, http:\/\/site.zile.bel.tr\/wp-content\/uploads\/2021\/06\/1.jpg 1820w\" sizes=\"auto, (max-width: 1024px) 100vw, 1024px\" \/><\/a>\n\t\t\t<\/dt><\/dl><dl class='gallery-item'>\n\t\t\t<dt class='gallery-icon landscape'>\n\t\t\t\t<a href='http:\/\/site.zile.bel.tr\/wp-content\/uploads\/2021\/06\/2.jpg'><img loading=\"lazy\" decoding=\"async\" width=\"1024\" height=\"682\" src=\"http:\/\/site.zile.bel.tr\/wp-content\/uploads\/2021\/06\/2-1024x682.jpg\" class=\"attachment-large size-large\" alt=\"\" srcset=\"http:\/\/site.zile.bel.tr\/wp-content\/uploads\/2021\/06\/2-1024x682.jpg 1024w, http:\/\/site.zile.bel.tr\/wp-content\/uploads\/2021\/06\/2-300x200.jpg 300w, http:\/\/site.zile.bel.tr\/wp-content\/uploads\/2021\/06\/2-768x512.jpg 768w, http:\/\/site.zile.bel.tr\/wp-content\/uploads\/2021\/06\/2-1536x1024.jpg 1536w, http:\/\/site.zile.bel.tr\/wp-content\/uploads\/2021\/06\/2.jpg 1820w\" sizes=\"auto, (max-width: 1024px) 100vw, 1024px\" \/><\/a>\n\t\t\t<\/dt><\/dl><dl class='gallery-item'>\n\t\t\t<dt class='gallery-icon landscape'>\n\t\t\t\t<a href='http:\/\/site.zile.bel.tr\/wp-content\/uploads\/2021\/06\/3-1.jpg'><img loading=\"lazy\" decoding=\"async\" width=\"1024\" height=\"682\" src=\"http:\/\/site.zile.bel.tr\/wp-content\/uploads\/2021\/06\/3-1-1024x682.jpg\" class=\"attachment-large size-large\" alt=\"\" srcset=\"http:\/\/site.zile.bel.tr\/wp-content\/uploads\/2021\/06\/3-1-1024x682.jpg 1024w, http:\/\/site.zile.bel.tr\/wp-content\/uploads\/2021\/06\/3-1-300x200.jpg 300w, http:\/\/site.zile.bel.tr\/wp-content\/uploads\/2021\/06\/3-1-768x512.jpg 768w, http:\/\/site.zile.bel.tr\/wp-content\/uploads\/2021\/06\/3-1-1536x1024.jpg 1536w, http:\/\/site.zile.bel.tr\/wp-content\/uploads\/2021\/06\/3-1.jpg 1820w\" sizes=\"auto, (max-width: 1024px) 100vw, 1024px\" \/><\/a>\n\t\t\t<\/dt><\/dl><br style=\"clear: both\" \/>\n\t\t<\/div>\n\n","protected":false},"excerpt":{"rendered":"<p>Ba\u015fkan Sarg\u0131n, \u00c7evre G\u00fcn\u00fc\u2019nde Mehmet Egemen Kurt\u2019a Te\u015fekk\u00fcr Belgesi Verdi Zile Belediye Ba\u015fkan\u0131 \u015e\u00fckr\u00fc Sarg\u0131n, 5 Haziran D\u00fcnya \u00c7evre G\u00fcn\u00fc\u2019 sebebi ile makam\u0131nda a\u011f\u0131rlad\u0131\u011f\u0131 Atiye Bekir \u0130lkokulu 1. s\u0131n\u0131f \u00f6\u011frencisi Mehmet Egemen Kurt\u2019a \u00e7evre duyarl\u0131\u011f\u0131ndan \u00f6t\u00fcr\u00fc te\u015fekk\u00fcr belgesi verdi. Mehmet Egemen Kurt\u2019un \u00e7evre konusunda yapt\u0131\u011f\u0131 \u00e7al\u0131\u015fmalar\u0131 dinleyen Ba\u015fkan Sarg\u0131n, Ac\u0131su k\u00f6y\u00fcnden olan Kurt\u2019a k\u00f6y\u00fcn\u00fcn g\u00f6n\u00fcll\u00fc [&hellip;]<\/p>\n","protected":false},"author":1,"featured_media":2236,"comment_status":"open","ping_status":"open","sticky":false,"template":"","format":"standard","meta":{"footnotes":""},"categories":[11],"tags":[40,148,178,93,27],"class_list":["post-2234","post","type-post","status-publish","format-standard","has-post-thumbnail","hentry","category-haberler","tag-belediyesi","tag-cevre","tag-dunya","tag-gunu","tag-zile"],"_links":{"self":[{"href":"http:\/\/site.zile.bel.tr\/index.php\/wp-json\/wp\/v2\/posts\/2234","targetHints":{"allow":["GET"]}}],"collection":[{"href":"http:\/\/site.zile.bel.tr\/index.php\/wp-json\/wp\/v2\/posts"}],"about":[{"href":"http:\/\/site.zile.bel.tr\/index.php\/wp-json\/wp\/v2\/types\/post"}],"author":[{"embeddable":true,"href":"http:\/\/site.zile.bel.tr\/index.php\/wp-json\/wp\/v2\/users\/1"}],"replies":[{"embeddable":true,"href":"http:\/\/site.zile.bel.tr\/index.php\/wp-json\/wp\/v2\/comments?post=2234"}],"version-history":[{"count":1,"href":"http:\/\/site.zile.bel.tr\/index.php\/wp-json\/wp\/v2\/posts\/2234\/revisions"}],"predecessor-version":[{"id":2238,"href":"http:\/\/site.zile.bel.tr\/index.php\/wp-json\/wp\/v2\/posts\/2234\/revisions\/2238"}],"wp:featuredmedia":[{"embeddable":true,"href":"http:\/\/site.zile.bel.tr\/index.php\/wp-json\/wp\/v2\/media\/2236"}],"wp:attachment":[{"href":"http:\/\/site.zile.bel.tr\/index.php\/wp-json\/wp\/v2\/media?parent=2234"}],"wp:term":[{"taxonomy":"category","embeddable":true,"href":"http:\/\/site.zile.bel.tr\/index.php\/wp-json\/wp\/v2\/categories?post=2234"},{"taxonomy":"post_tag","embeddable":true,"href":"http:\/\/site.zile.bel.tr\/index.php\/wp-json\/wp\/v2\/tags?post=2234"}],"curies":[{"name":"wp","href":"https:\/\/api.w.org\/{rel}","templated":true}]}}