{"id":2248,"date":"2021-06-10T18:01:15","date_gmt":"2021-06-10T15:01:15","guid":{"rendered":"http:\/\/site.zile.bel.tr\/?p=2248"},"modified":"2021-06-10T18:01:15","modified_gmt":"2021-06-10T15:01:15","slug":"zilede-fidan-dagitimi-yapildi","status":"publish","type":"post","link":"http:\/\/site.zile.bel.tr\/index.php\/2021\/06\/10\/zilede-fidan-dagitimi-yapildi\/","title":{"rendered":"Zile\u2019de fidan da\u011f\u0131t\u0131m\u0131 yap\u0131ld\u0131"},"content":{"rendered":"<p><strong>Zile\u2019de fidan da\u011f\u0131t\u0131m\u0131 yap\u0131ld\u0131<\/strong><\/p>\n<p>Zile Belediyesi taraf\u0131ndan Minare-i Sa\u011f\u0131r Mahallesi\u2019nde bulunan Mehmet Akif \u0130lkokulu \u00f6\u011frencilerine ve ailelerine fidan da\u011f\u0131t\u0131m\u0131 yap\u0131ld\u0131.<\/p>\n<p>Belediye Ba\u015fkan\u0131 \u015e\u00fckr\u00fc Sarg\u0131n, Belediye olarak Tar\u0131m ve Orman \u0130l M\u00fcd\u00fcrl\u00fc\u011f\u00fc&#8217;n\u00fcn katk\u0131lar\u0131yla Zileliler i\u00e7in tahsis edilen fidanlar\u0131, Mehmet Akif \u0130lkokulu\u2019nda vatanda\u015flara ula\u015ft\u0131rd\u0131klar\u0131n\u0131 belirtti. \u00d6\u011frencilere fidanla birlikte kalem, \u015fapka, balon yan\u0131 s\u0131ra \u00e7evre ve s\u0131f\u0131r at\u0131kla ilgili g\u00f6rsel kitaplar da da\u011f\u0131t\u0131ld\u0131.<\/p>\n<p>Fidanlar\u0131n yeti\u015fip \u00e7evreye, do\u011faya ve Zile\u2019nin ye\u015fillendirme \u00e7al\u0131\u015fmalar\u0131na katk\u0131 sa\u011flamas\u0131n\u0131 temenni eden Ba\u015fkan Sarg\u0131n, konu\u015fmas\u0131nda \u015funlar\u0131 kaydetti:<\/p>\n<p><strong>\u00c7ocuklar\u0131m\u0131zda \u00e7evre bilinci olu\u015fmas\u0131 \u00e7ok \u00f6nemlidir<\/strong><\/p>\n<p>&#8220;\u0130n\u015fallah \u00f6n\u00fcm\u00fczdeki g\u00fcnlerde de di\u011fer mahallelerimizde fidan da\u011f\u0131t\u0131m\u0131na devam edece\u011fiz. \u00c7evremizin daha ye\u015fil bir hale gelmesi i\u00e7in gayret g\u00f6sterece\u011fiz. \u00d6zelikle \u00e7ocuklar\u0131m\u0131z\u0131n bu ya\u015flarda a\u011fa\u00e7 dikmesi ve yeti\u015ftirmesi \u00e7ok \u00f6nemlidir. Bizde bu bilincin olu\u015fmas\u0131 i\u00e7in \u00e7al\u0131\u015fmalar\u0131m\u0131za devam ediyoruz&#8221;<\/p>\n<p><a href=\"http:\/\/site.zile.bel.tr\/index.php\/2021\/06\/10\/zilede-fidan-dagitimi-yapildi\/5-13\/\" rel=\"attachment wp-att-2253\"><img loading=\"lazy\" decoding=\"async\" class=\"alignnone wp-image-2253\" src=\"http:\/\/site.zile.bel.tr\/wp-content\/uploads\/2021\/06\/5.jpg\" alt=\"\" width=\"800\" height=\"533\" srcset=\"http:\/\/site.zile.bel.tr\/wp-content\/uploads\/2021\/06\/5.jpg 1024w, http:\/\/site.zile.bel.tr\/wp-content\/uploads\/2021\/06\/5-300x200.jpg 300w, http:\/\/site.zile.bel.tr\/wp-content\/uploads\/2021\/06\/5-768x512.jpg 768w\" sizes=\"auto, (max-width: 800px) 100vw, 800px\" \/><\/a><\/p>\n<p><strong>\u00a0\u201c\u00d6v\u00fcnerek s\u00f6yl\u00fcyorum, Tokat ve \u00e7evrelerinde s\u0131f\u0131r at\u0131k belgesine sahip olan tek belediye biziz\u201d<\/strong><\/p>\n<p>Ba\u015fkan Sarg\u0131n, Tokat ve \u00e7evresinde s\u0131f\u0131r at\u0131k konusunda y\u00f6rede en duyarl\u0131 ve \u201cS\u0131f\u0131r At\u0131k Belgesi\u201d ne sahip tek belediye olduklar\u0131n\u0131 ve e\u015fit ve adaletli hizmeti \u00f6n planda tuttuklar\u0131n\u0131 belirterek; \u201cMinare-i Sa\u011f\u0131r Mahallesi uzun y\u0131llard\u0131r hizmetin gecikti\u011fi bir mahallemiz oldu. Biz e\u015fit ve adaletli hizmeti \u00f6n planda tutuyoruz. Yollar\u0131n\u0131z\u0131 a\u015fa\u011f\u0131 taraftan yapmaya ba\u015flad\u0131k. Yapmad\u0131\u011f\u0131m\u0131z yerlerde yap\u0131la\u015fmalardan dolay\u0131 bekliyor. Takip ediyoruz, hepsini bir plan, program dahilinde yapaca\u011f\u0131z. Fidanlar\u0131 istedi\u011finiz yere bah\u00e7enize, ba\u011f\u0131n\u0131za dikebilirsiniz. Bizden istedi\u011finiz ne varsa toplumun hizmetine, yarar\u0131na olacak her \u015feye a\u00e7\u0131\u011f\u0131z. Tokat ve \u00e7evrelerinde s\u0131f\u0131r at\u0131k belgesine sahip olan tek belediye biziz. Bunu \u00f6v\u00fcnerek s\u00f6yl\u00fcyorum. \u00d6zellikle \u00e7evreye \u00e7ok duyarl\u0131y\u0131z. Biz insana hizmet etmek i\u00e7in buraday\u0131z. Vatanda\u015flar\u0131m\u0131z\u0131n duyarl\u0131 davran\u0131\u015flar\u0131ndan dolay\u0131 kendilerine te\u015fekk\u00fcr ediyorum.\u201d dedi.<\/p>\n\n\t\t<style type=\"text\/css\">\n\t\t\t#gallery-1 {\n\t\t\t\tmargin: auto;\n\t\t\t}\n\t\t\t#gallery-1 .gallery-item {\n\t\t\t\tfloat: left;\n\t\t\t\tmargin-top: 10px;\n\t\t\t\ttext-align: center;\n\t\t\t\twidth: 33%;\n\t\t\t}\n\t\t\t#gallery-1 img {\n\t\t\t\tborder: 2px solid #cfcfcf;\n\t\t\t}\n\t\t\t#gallery-1 .gallery-caption {\n\t\t\t\tmargin-left: 0;\n\t\t\t}\n\t\t\t\/* see gallery_shortcode() in wp-includes\/media.php *\/\n\t\t<\/style>\n\t\t<div id='gallery-1' class='gallery galleryid-2248 gallery-columns-3 gallery-size-thumbnail'><dl class='gallery-item'>\n\t\t\t<dt class='gallery-icon landscape'>\n\t\t\t\t<a href='http:\/\/site.zile.bel.tr\/wp-content\/uploads\/2021\/06\/1-1.jpg'><img loading=\"lazy\" decoding=\"async\" width=\"150\" height=\"150\" src=\"http:\/\/site.zile.bel.tr\/wp-content\/uploads\/2021\/06\/1-1-150x150.jpg\" class=\"attachment-thumbnail size-thumbnail\" alt=\"\" \/><\/a>\n\t\t\t<\/dt><\/dl><dl class='gallery-item'>\n\t\t\t<dt class='gallery-icon landscape'>\n\t\t\t\t<a href='http:\/\/site.zile.bel.tr\/wp-content\/uploads\/2021\/06\/2-1.jpg'><img loading=\"lazy\" decoding=\"async\" width=\"150\" height=\"150\" src=\"http:\/\/site.zile.bel.tr\/wp-content\/uploads\/2021\/06\/2-1-150x150.jpg\" class=\"attachment-thumbnail size-thumbnail\" alt=\"\" \/><\/a>\n\t\t\t<\/dt><\/dl><dl class='gallery-item'>\n\t\t\t<dt class='gallery-icon landscape'>\n\t\t\t\t<a href='http:\/\/site.zile.bel.tr\/wp-content\/uploads\/2021\/06\/3-2.jpg'><img loading=\"lazy\" decoding=\"async\" width=\"150\" height=\"150\" src=\"http:\/\/site.zile.bel.tr\/wp-content\/uploads\/2021\/06\/3-2-150x150.jpg\" class=\"attachment-thumbnail size-thumbnail\" alt=\"\" \/><\/a>\n\t\t\t<\/dt><\/dl><br style=\"clear: both\" \/><dl class='gallery-item'>\n\t\t\t<dt class='gallery-icon landscape'>\n\t\t\t\t<a href='http:\/\/site.zile.bel.tr\/wp-content\/uploads\/2021\/06\/4.jpg'><img loading=\"lazy\" decoding=\"async\" width=\"150\" height=\"150\" src=\"http:\/\/site.zile.bel.tr\/wp-content\/uploads\/2021\/06\/4-150x150.jpg\" class=\"attachment-thumbnail size-thumbnail\" alt=\"\" \/><\/a>\n\t\t\t<\/dt><\/dl><dl class='gallery-item'>\n\t\t\t<dt class='gallery-icon landscape'>\n\t\t\t\t<a href='http:\/\/site.zile.bel.tr\/wp-content\/uploads\/2021\/06\/5.jpg'><img loading=\"lazy\" decoding=\"async\" width=\"150\" height=\"150\" src=\"http:\/\/site.zile.bel.tr\/wp-content\/uploads\/2021\/06\/5-150x150.jpg\" class=\"attachment-thumbnail size-thumbnail\" alt=\"\" \/><\/a>\n\t\t\t<\/dt><\/dl><dl class='gallery-item'>\n\t\t\t<dt class='gallery-icon landscape'>\n\t\t\t\t<a href='http:\/\/site.zile.bel.tr\/wp-content\/uploads\/2021\/06\/6.jpg'><img loading=\"lazy\" decoding=\"async\" width=\"150\" height=\"150\" src=\"http:\/\/site.zile.bel.tr\/wp-content\/uploads\/2021\/06\/6-150x150.jpg\" class=\"attachment-thumbnail size-thumbnail\" alt=\"\" \/><\/a>\n\t\t\t<\/dt><\/dl><br style=\"clear: both\" \/><dl class='gallery-item'>\n\t\t\t<dt class='gallery-icon landscape'>\n\t\t\t\t<a href='http:\/\/site.zile.bel.tr\/wp-content\/uploads\/2021\/06\/7.jpg'><img loading=\"lazy\" decoding=\"async\" width=\"150\" height=\"150\" src=\"http:\/\/site.zile.bel.tr\/wp-content\/uploads\/2021\/06\/7-150x150.jpg\" class=\"attachment-thumbnail size-thumbnail\" alt=\"\" \/><\/a>\n\t\t\t<\/dt><\/dl><dl class='gallery-item'>\n\t\t\t<dt class='gallery-icon landscape'>\n\t\t\t\t<a href='http:\/\/site.zile.bel.tr\/wp-content\/uploads\/2021\/06\/8.jpg'><img loading=\"lazy\" decoding=\"async\" width=\"150\" height=\"150\" src=\"http:\/\/site.zile.bel.tr\/wp-content\/uploads\/2021\/06\/8-150x150.jpg\" class=\"attachment-thumbnail size-thumbnail\" alt=\"\" \/><\/a>\n\t\t\t<\/dt><\/dl><dl class='gallery-item'>\n\t\t\t<dt class='gallery-icon landscape'>\n\t\t\t\t<a href='http:\/\/site.zile.bel.tr\/wp-content\/uploads\/2021\/06\/9.jpg'><img loading=\"lazy\" decoding=\"async\" width=\"150\" height=\"150\" src=\"http:\/\/site.zile.bel.tr\/wp-content\/uploads\/2021\/06\/9-150x150.jpg\" class=\"attachment-thumbnail size-thumbnail\" alt=\"\" \/><\/a>\n\t\t\t<\/dt><\/dl><br style=\"clear: both\" \/><dl class='gallery-item'>\n\t\t\t<dt class='gallery-icon landscape'>\n\t\t\t\t<a href='http:\/\/site.zile.bel.tr\/wp-content\/uploads\/2021\/06\/10-1.jpg'><img loading=\"lazy\" decoding=\"async\" width=\"150\" height=\"150\" src=\"http:\/\/site.zile.bel.tr\/wp-content\/uploads\/2021\/06\/10-1-150x150.jpg\" class=\"attachment-thumbnail size-thumbnail\" alt=\"\" \/><\/a>\n\t\t\t<\/dt><\/dl><dl class='gallery-item'>\n\t\t\t<dt class='gallery-icon landscape'>\n\t\t\t\t<a href='http:\/\/site.zile.bel.tr\/wp-content\/uploads\/2021\/06\/11-1.jpg'><img loading=\"lazy\" decoding=\"async\" width=\"150\" height=\"150\" src=\"http:\/\/site.zile.bel.tr\/wp-content\/uploads\/2021\/06\/11-1-150x150.jpg\" class=\"attachment-thumbnail size-thumbnail\" alt=\"\" \/><\/a>\n\t\t\t<\/dt><\/dl>\n\t\t\t<br style='clear: both' \/>\n\t\t<\/div>\n\n","protected":false},"excerpt":{"rendered":"<p>Zile\u2019de fidan da\u011f\u0131t\u0131m\u0131 yap\u0131ld\u0131 Zile Belediyesi taraf\u0131ndan Minare-i Sa\u011f\u0131r Mahallesi\u2019nde bulunan Mehmet Akif \u0130lkokulu \u00f6\u011frencilerine ve ailelerine fidan da\u011f\u0131t\u0131m\u0131 yap\u0131ld\u0131. Belediye Ba\u015fkan\u0131 \u015e\u00fckr\u00fc Sarg\u0131n, Belediye olarak Tar\u0131m ve Orman \u0130l M\u00fcd\u00fcrl\u00fc\u011f\u00fc&#8217;n\u00fcn katk\u0131lar\u0131yla Zileliler i\u00e7in tahsis edilen fidanlar\u0131, Mehmet Akif \u0130lkokulu\u2019nda vatanda\u015flara ula\u015ft\u0131rd\u0131klar\u0131n\u0131 belirtti. \u00d6\u011frencilere fidanla birlikte kalem, \u015fapka, balon yan\u0131 s\u0131ra \u00e7evre ve s\u0131f\u0131r at\u0131kla [&hellip;]<\/p>\n","protected":false},"author":1,"featured_media":2253,"comment_status":"open","ping_status":"open","sticky":false,"template":"","format":"standard","meta":{"footnotes":""},"categories":[11],"tags":[95,180,96,90,89,27],"class_list":["post-2248","post","type-post","status-publish","format-standard","has-post-thumbnail","hentry","category-haberler","tag-baskan","tag-dagitim","tag-fidan","tag-sargin","tag-sukru","tag-zile"],"_links":{"self":[{"href":"http:\/\/site.zile.bel.tr\/index.php\/wp-json\/wp\/v2\/posts\/2248","targetHints":{"allow":["GET"]}}],"collection":[{"href":"http:\/\/site.zile.bel.tr\/index.php\/wp-json\/wp\/v2\/posts"}],"about":[{"href":"http:\/\/site.zile.bel.tr\/index.php\/wp-json\/wp\/v2\/types\/post"}],"author":[{"embeddable":true,"href":"http:\/\/site.zile.bel.tr\/index.php\/wp-json\/wp\/v2\/users\/1"}],"replies":[{"embeddable":true,"href":"http:\/\/site.zile.bel.tr\/index.php\/wp-json\/wp\/v2\/comments?post=2248"}],"version-history":[{"count":2,"href":"http:\/\/site.zile.bel.tr\/index.php\/wp-json\/wp\/v2\/posts\/2248\/revisions"}],"predecessor-version":[{"id":2261,"href":"http:\/\/site.zile.bel.tr\/index.php\/wp-json\/wp\/v2\/posts\/2248\/revisions\/2261"}],"wp:featuredmedia":[{"embeddable":true,"href":"http:\/\/site.zile.bel.tr\/index.php\/wp-json\/wp\/v2\/media\/2253"}],"wp:attachment":[{"href":"http:\/\/site.zile.bel.tr\/index.php\/wp-json\/wp\/v2\/media?parent=2248"}],"wp:term":[{"taxonomy":"category","embeddable":true,"href":"http:\/\/site.zile.bel.tr\/index.php\/wp-json\/wp\/v2\/categories?post=2248"},{"taxonomy":"post_tag","embeddable":true,"href":"http:\/\/site.zile.bel.tr\/index.php\/wp-json\/wp\/v2\/tags?post=2248"}],"curies":[{"name":"wp","href":"https:\/\/api.w.org\/{rel}","templated":true}]}}