{"id":2262,"date":"2021-06-11T19:36:40","date_gmt":"2021-06-11T16:36:40","guid":{"rendered":"http:\/\/site.zile.bel.tr\/?p=2262"},"modified":"2021-06-11T19:42:04","modified_gmt":"2021-06-11T16:42:04","slug":"2262","status":"publish","type":"post","link":"http:\/\/site.zile.bel.tr\/index.php\/2021\/06\/11\/2262\/","title":{"rendered":"Belediye personeline ilk yard\u0131m e\u011fitimi verildi"},"content":{"rendered":"<p><strong>Belediye personeline ilk yard\u0131m e\u011fitimi verildi<\/strong><\/p>\n<p>Zile Belediyesi\u2019nde farkl\u0131 birimlerde g\u00f6rev yapan 27 personele \u2018Sertifikal\u0131 \u0130lk Yard\u0131mc\u0131 E\u011fitimi\u2019 yenileme program\u0131 d\u00fczenlendi.<\/p>\n<p>Zile Belediyesi ile \u0130l Sa\u011fl\u0131k M\u00fcd\u00fcrl\u00fc\u011f\u00fc koordinasyonunda \u0130l Sa\u011fl\u0131k M\u00fcd\u00fcrl\u00fc\u011f\u00fc\u2019nde g\u00f6revli Paramedik \u0130lknur To\u011fu\u015flu, Ebe Hatice Toprak ile \u0130lk ve Acil Yard\u0131m Teknisyeni Ayla Okan taraf\u0131ndan farkl\u0131 birimlerde g\u00f6rev yapan belediye personeline ilk yard\u0131m e\u011fitimi verildi.<\/p>\n<p><a href=\"http:\/\/site.zile.bel.tr\/index.php\/2021\/06\/11\/2262\/04-3\/\" rel=\"attachment wp-att-2266\"><img loading=\"lazy\" decoding=\"async\" class=\"alignnone wp-image-2266\" src=\"http:\/\/site.zile.bel.tr\/wp-content\/uploads\/2021\/06\/04-1.jpg\" alt=\"\" width=\"800\" height=\"600\" srcset=\"http:\/\/site.zile.bel.tr\/wp-content\/uploads\/2021\/06\/04-1.jpg 1024w, http:\/\/site.zile.bel.tr\/wp-content\/uploads\/2021\/06\/04-1-300x225.jpg 300w, http:\/\/site.zile.bel.tr\/wp-content\/uploads\/2021\/06\/04-1-768x576.jpg 768w\" sizes=\"auto, (max-width: 800px) 100vw, 800px\" \/><\/a><\/p>\n<p>E\u011fitim hakk\u0131nda bilgiler veren Zile Belediye Ba\u015fkan\u0131 \u015e\u00fckr\u00fc Sarg\u0131n, &#8220;\u0130\u015f ve sosyal hayatta b\u00fct\u00fcn vatanda\u015flar\u0131n ilk yard\u0131m konusunda bilgi sahibi olmas\u0131 hayati \u00f6neme sahip. Zile Belediyesi olarak vatanda\u015flar\u0131m\u0131z\u0131n sosyal hayatlar\u0131n\u0131 kolayla\u015ft\u0131rmak, ya\u015fam standartlar\u0131n\u0131 y\u00fckseltmek i\u00e7in bir\u00e7ok alanda hizmet veriyoruz. B\u00fcroda, sokakta, itfaiyede, ila\u00e7lamada, ula\u015f\u0131mda, yollarda, at\u00f6lyede her alanda \u00e7al\u0131\u015fan personelimiz ilk yard\u0131m gibi ciddi ve hassas konuda da bilgi sahibi olmas\u0131 gerekti\u011finden bu e\u011fitimi d\u00fczenledik. \u0130nsan hayat\u0131 i\u00e7in \u00f6nemli olan bu e\u011fitim sadece i\u015f hayat\u0131nda de\u011fil ayn\u0131 zamanda evimizde, sokakta y\u00fcr\u00fcrken de bizlerin acil durumlar kar\u015f\u0131s\u0131nda neler yap\u0131laca\u011f\u0131 konusunda da yararl\u0131 olacakt\u0131r. E\u011fitime kat\u0131larak ba\u015far\u0131l\u0131 olan, sertifikal\u0131 ilk yard\u0131mc\u0131 belgesi almaya hak kazanan personelimizi kutluyorum&#8221; dedi.<\/p>\n\n\t\t<style type=\"text\/css\">\n\t\t\t#gallery-1 {\n\t\t\t\tmargin: auto;\n\t\t\t}\n\t\t\t#gallery-1 .gallery-item {\n\t\t\t\tfloat: left;\n\t\t\t\tmargin-top: 10px;\n\t\t\t\ttext-align: center;\n\t\t\t\twidth: 33%;\n\t\t\t}\n\t\t\t#gallery-1 img {\n\t\t\t\tborder: 2px solid #cfcfcf;\n\t\t\t}\n\t\t\t#gallery-1 .gallery-caption {\n\t\t\t\tmargin-left: 0;\n\t\t\t}\n\t\t\t\/* see gallery_shortcode() in wp-includes\/media.php *\/\n\t\t<\/style>\n\t\t<div id='gallery-1' class='gallery galleryid-2262 gallery-columns-3 gallery-size-thumbnail'><dl class='gallery-item'>\n\t\t\t<dt class='gallery-icon landscape'>\n\t\t\t\t<a href='http:\/\/site.zile.bel.tr\/wp-content\/uploads\/2021\/06\/01-1.jpg'><img loading=\"lazy\" decoding=\"async\" width=\"150\" height=\"150\" src=\"http:\/\/site.zile.bel.tr\/wp-content\/uploads\/2021\/06\/01-1-150x150.jpg\" class=\"attachment-thumbnail size-thumbnail\" alt=\"\" \/><\/a>\n\t\t\t<\/dt><\/dl><dl class='gallery-item'>\n\t\t\t<dt class='gallery-icon landscape'>\n\t\t\t\t<a href='http:\/\/site.zile.bel.tr\/wp-content\/uploads\/2021\/06\/02-1.jpg'><img loading=\"lazy\" decoding=\"async\" width=\"150\" height=\"150\" src=\"http:\/\/site.zile.bel.tr\/wp-content\/uploads\/2021\/06\/02-1-150x150.jpg\" class=\"attachment-thumbnail size-thumbnail\" alt=\"\" \/><\/a>\n\t\t\t<\/dt><\/dl><dl class='gallery-item'>\n\t\t\t<dt class='gallery-icon landscape'>\n\t\t\t\t<a href='http:\/\/site.zile.bel.tr\/wp-content\/uploads\/2021\/06\/03-1.jpg'><img loading=\"lazy\" decoding=\"async\" width=\"150\" height=\"150\" src=\"http:\/\/site.zile.bel.tr\/wp-content\/uploads\/2021\/06\/03-1-150x150.jpg\" class=\"attachment-thumbnail size-thumbnail\" alt=\"\" \/><\/a>\n\t\t\t<\/dt><\/dl><br style=\"clear: both\" \/><dl class='gallery-item'>\n\t\t\t<dt class='gallery-icon landscape'>\n\t\t\t\t<a href='http:\/\/site.zile.bel.tr\/wp-content\/uploads\/2021\/06\/04-1.jpg'><img loading=\"lazy\" decoding=\"async\" width=\"150\" height=\"150\" src=\"http:\/\/site.zile.bel.tr\/wp-content\/uploads\/2021\/06\/04-1-150x150.jpg\" class=\"attachment-thumbnail size-thumbnail\" alt=\"\" \/><\/a>\n\t\t\t<\/dt><\/dl><dl class='gallery-item'>\n\t\t\t<dt class='gallery-icon landscape'>\n\t\t\t\t<a href='http:\/\/site.zile.bel.tr\/wp-content\/uploads\/2021\/06\/05-1.jpg'><img loading=\"lazy\" decoding=\"async\" width=\"150\" height=\"150\" src=\"http:\/\/site.zile.bel.tr\/wp-content\/uploads\/2021\/06\/05-1-150x150.jpg\" class=\"attachment-thumbnail size-thumbnail\" alt=\"\" \/><\/a>\n\t\t\t<\/dt><\/dl>\n\t\t\t<br style='clear: both' \/>\n\t\t<\/div>\n\n","protected":false},"excerpt":{"rendered":"<p>Belediye personeline ilk yard\u0131m e\u011fitimi verildi Zile Belediyesi\u2019nde farkl\u0131 birimlerde g\u00f6rev yapan 27 personele \u2018Sertifikal\u0131 \u0130lk Yard\u0131mc\u0131 E\u011fitimi\u2019 yenileme program\u0131 d\u00fczenlendi. Zile Belediyesi ile \u0130l Sa\u011fl\u0131k M\u00fcd\u00fcrl\u00fc\u011f\u00fc koordinasyonunda \u0130l Sa\u011fl\u0131k M\u00fcd\u00fcrl\u00fc\u011f\u00fc\u2019nde g\u00f6revli Paramedik \u0130lknur To\u011fu\u015flu, Ebe Hatice Toprak ile \u0130lk ve Acil Yard\u0131m Teknisyeni Ayla Okan taraf\u0131ndan farkl\u0131 birimlerde g\u00f6rev yapan belediye personeline ilk yard\u0131m [&hellip;]<\/p>\n","protected":false},"author":1,"featured_media":2263,"comment_status":"open","ping_status":"open","sticky":false,"template":"","format":"standard","meta":{"footnotes":""},"categories":[11],"tags":[40,88,181,182,27],"class_list":["post-2262","post","type-post","status-publish","format-standard","has-post-thumbnail","hentry","category-haberler","tag-belediyesi","tag-egitim","tag-ilkyardim","tag-persone","tag-zile"],"_links":{"self":[{"href":"http:\/\/site.zile.bel.tr\/index.php\/wp-json\/wp\/v2\/posts\/2262","targetHints":{"allow":["GET"]}}],"collection":[{"href":"http:\/\/site.zile.bel.tr\/index.php\/wp-json\/wp\/v2\/posts"}],"about":[{"href":"http:\/\/site.zile.bel.tr\/index.php\/wp-json\/wp\/v2\/types\/post"}],"author":[{"embeddable":true,"href":"http:\/\/site.zile.bel.tr\/index.php\/wp-json\/wp\/v2\/users\/1"}],"replies":[{"embeddable":true,"href":"http:\/\/site.zile.bel.tr\/index.php\/wp-json\/wp\/v2\/comments?post=2262"}],"version-history":[{"count":4,"href":"http:\/\/site.zile.bel.tr\/index.php\/wp-json\/wp\/v2\/posts\/2262\/revisions"}],"predecessor-version":[{"id":2271,"href":"http:\/\/site.zile.bel.tr\/index.php\/wp-json\/wp\/v2\/posts\/2262\/revisions\/2271"}],"wp:featuredmedia":[{"embeddable":true,"href":"http:\/\/site.zile.bel.tr\/index.php\/wp-json\/wp\/v2\/media\/2263"}],"wp:attachment":[{"href":"http:\/\/site.zile.bel.tr\/index.php\/wp-json\/wp\/v2\/media?parent=2262"}],"wp:term":[{"taxonomy":"category","embeddable":true,"href":"http:\/\/site.zile.bel.tr\/index.php\/wp-json\/wp\/v2\/categories?post=2262"},{"taxonomy":"post_tag","embeddable":true,"href":"http:\/\/site.zile.bel.tr\/index.php\/wp-json\/wp\/v2\/tags?post=2262"}],"curies":[{"name":"wp","href":"https:\/\/api.w.org\/{rel}","templated":true}]}}