{"id":2290,"date":"2021-06-13T14:06:16","date_gmt":"2021-06-13T11:06:16","guid":{"rendered":"http:\/\/site.zile.bel.tr\/?p=2290"},"modified":"2021-06-13T14:06:16","modified_gmt":"2021-06-13T11:06:16","slug":"baskan-sukru-sargin-zile-engelli-genclik-spor-kulubune-basarilar-diledi","status":"publish","type":"post","link":"http:\/\/site.zile.bel.tr\/index.php\/2021\/06\/13\/baskan-sukru-sargin-zile-engelli-genclik-spor-kulubune-basarilar-diledi\/","title":{"rendered":"Ba\u015fkan \u015e\u00fckr\u00fc Sarg\u0131n Zile Engelli Gen\u00e7lik Spor Kul\u00fcb\u00fc\u2019ne ba\u015far\u0131lar diledi"},"content":{"rendered":"<p><a href=\"http:\/\/site.zile.bel.tr\/index.php\/2021\/06\/13\/baskan-sukru-sargin-zile-engelli-genclik-spor-kulubune-basarilar-diledi\/3-25\/\" rel=\"attachment wp-att-2291\"><img loading=\"lazy\" decoding=\"async\" class=\"alignnone wp-image-2291\" src=\"http:\/\/site.zile.bel.tr\/wp-content\/uploads\/2021\/06\/3-4-1024x490.jpg\" alt=\"\" width=\"800\" height=\"383\" srcset=\"http:\/\/site.zile.bel.tr\/wp-content\/uploads\/2021\/06\/3-4-1024x490.jpg 1024w, http:\/\/site.zile.bel.tr\/wp-content\/uploads\/2021\/06\/3-4-300x143.jpg 300w, http:\/\/site.zile.bel.tr\/wp-content\/uploads\/2021\/06\/3-4-768x367.jpg 768w, http:\/\/site.zile.bel.tr\/wp-content\/uploads\/2021\/06\/3-4-1536x734.jpg 1536w, http:\/\/site.zile.bel.tr\/wp-content\/uploads\/2021\/06\/3-4.jpg 1600w\" sizes=\"auto, (max-width: 800px) 100vw, 800px\" \/><\/a><br \/>\nBa\u015fkan \u015e\u00fckr\u00fc Sarg\u0131n Zile Engelli Gen\u00e7lik Spor Kul\u00fcb\u00fc\u2019ne ba\u015far\u0131lar diledi<\/p>\n<p>Tekerlekli Basketbol 2. Lig Y\u00fckselme M\u00fcsabakas\u0131 \u2019nda \u201cPlay Off\u201d a kalan Zile Engelli Gen\u00e7lik Spor Kul\u00fcb\u00fc \u201c n\u00fc tebrik eden Ba\u015fkan \u015e\u00fckr\u00fc Sarg\u0131n mesaj\u0131nda \u015funlar\u0131 s\u00f6yledi.<br \/>\n\u201cYalova\u2019da d\u00fczenlenen Tekerlekli Basketbol 2. Lig Y\u00fckselme M\u00fcsabakas\u0131nda Zile Engelli Gen\u00e7lik Spor Kul\u00fcb\u00fc \u00e7\u0131kt\u0131\u011f\u0131 5 ma\u00e7\u0131n 4\u2019 n\u00fc alarak Play Off oynamaya hak kazanm\u0131\u015ft\u0131r. Bize bu gururu ya\u015fatan Ba\u015fta Kul\u00fcp Ba\u015fkan\u0131m\u0131z Yasemin Anzerlio\u011flu ve Antren\u00f6r\u00fcm\u00fcz Hayri K\u0131y\u0131c\u0131o\u011flu olmak \u00fczere, ba\u015far\u0131lar\u0131yla bizleri gururland\u0131ran t\u00fcm oyuncular\u0131m\u0131z\u0131 tebrik eder, kalan ma\u00e7larda ba\u015far\u0131lar dilerim.\u201d<\/p>\n\n\t\t<style type=\"text\/css\">\n\t\t\t#gallery-1 {\n\t\t\t\tmargin: auto;\n\t\t\t}\n\t\t\t#gallery-1 .gallery-item {\n\t\t\t\tfloat: left;\n\t\t\t\tmargin-top: 10px;\n\t\t\t\ttext-align: center;\n\t\t\t\twidth: 33%;\n\t\t\t}\n\t\t\t#gallery-1 img {\n\t\t\t\tborder: 2px solid #cfcfcf;\n\t\t\t}\n\t\t\t#gallery-1 .gallery-caption {\n\t\t\t\tmargin-left: 0;\n\t\t\t}\n\t\t\t\/* see gallery_shortcode() in wp-includes\/media.php *\/\n\t\t<\/style>\n\t\t<div id='gallery-1' class='gallery galleryid-2290 gallery-columns-3 gallery-size-thumbnail'><dl class='gallery-item'>\n\t\t\t<dt class='gallery-icon landscape'>\n\t\t\t\t<a href='http:\/\/site.zile.bel.tr\/wp-content\/uploads\/2021\/06\/1-3.jpg'><img loading=\"lazy\" decoding=\"async\" width=\"150\" height=\"150\" src=\"http:\/\/site.zile.bel.tr\/wp-content\/uploads\/2021\/06\/1-3-150x150.jpg\" class=\"attachment-thumbnail size-thumbnail\" alt=\"\" srcset=\"http:\/\/site.zile.bel.tr\/wp-content\/uploads\/2021\/06\/1-3-150x150.jpg 150w, http:\/\/site.zile.bel.tr\/wp-content\/uploads\/2021\/06\/1-3-300x300.jpg 300w, http:\/\/site.zile.bel.tr\/wp-content\/uploads\/2021\/06\/1-3-1024x1024.jpg 1024w, http:\/\/site.zile.bel.tr\/wp-content\/uploads\/2021\/06\/1-3-768x768.jpg 768w, http:\/\/site.zile.bel.tr\/wp-content\/uploads\/2021\/06\/1-3.jpg 1080w\" sizes=\"auto, (max-width: 150px) 100vw, 150px\" \/><\/a>\n\t\t\t<\/dt><\/dl><dl class='gallery-item'>\n\t\t\t<dt class='gallery-icon landscape'>\n\t\t\t\t<a href='http:\/\/site.zile.bel.tr\/wp-content\/uploads\/2021\/06\/2-3.jpg'><img loading=\"lazy\" decoding=\"async\" width=\"150\" height=\"150\" src=\"http:\/\/site.zile.bel.tr\/wp-content\/uploads\/2021\/06\/2-3-150x150.jpg\" class=\"attachment-thumbnail size-thumbnail\" alt=\"\" \/><\/a>\n\t\t\t<\/dt><\/dl><dl class='gallery-item'>\n\t\t\t<dt class='gallery-icon landscape'>\n\t\t\t\t<a href='http:\/\/site.zile.bel.tr\/wp-content\/uploads\/2021\/06\/3-5.jpg'><img loading=\"lazy\" decoding=\"async\" width=\"150\" height=\"150\" src=\"http:\/\/site.zile.bel.tr\/wp-content\/uploads\/2021\/06\/3-5-150x150.jpg\" class=\"attachment-thumbnail size-thumbnail\" alt=\"\" \/><\/a>\n\t\t\t<\/dt><\/dl><br style=\"clear: both\" \/><dl class='gallery-item'>\n\t\t\t<dt class='gallery-icon portrait'>\n\t\t\t\t<a href='http:\/\/site.zile.bel.tr\/wp-content\/uploads\/2021\/06\/4-2.jpg'><img loading=\"lazy\" decoding=\"async\" width=\"150\" height=\"150\" src=\"http:\/\/site.zile.bel.tr\/wp-content\/uploads\/2021\/06\/4-2-150x150.jpg\" class=\"attachment-thumbnail size-thumbnail\" alt=\"\" \/><\/a>\n\t\t\t<\/dt><\/dl><dl class='gallery-item'>\n\t\t\t<dt class='gallery-icon landscape'>\n\t\t\t\t<a href='http:\/\/site.zile.bel.tr\/wp-content\/uploads\/2021\/06\/5-2.jpg'><img loading=\"lazy\" decoding=\"async\" width=\"150\" height=\"150\" src=\"http:\/\/site.zile.bel.tr\/wp-content\/uploads\/2021\/06\/5-2-150x150.jpg\" class=\"attachment-thumbnail size-thumbnail\" alt=\"\" \/><\/a>\n\t\t\t<\/dt><\/dl>\n\t\t\t<br style='clear: both' \/>\n\t\t<\/div>\n\n<p>&nbsp;<\/p>\n","protected":false},"excerpt":{"rendered":"<p>Ba\u015fkan \u015e\u00fckr\u00fc Sarg\u0131n Zile Engelli Gen\u00e7lik Spor Kul\u00fcb\u00fc\u2019ne ba\u015far\u0131lar diledi Tekerlekli Basketbol 2. Lig Y\u00fckselme M\u00fcsabakas\u0131 \u2019nda \u201cPlay Off\u201d a kalan Zile Engelli Gen\u00e7lik Spor Kul\u00fcb\u00fc \u201c n\u00fc tebrik eden Ba\u015fkan \u015e\u00fckr\u00fc Sarg\u0131n mesaj\u0131nda \u015funlar\u0131 s\u00f6yledi. \u201cYalova\u2019da d\u00fczenlenen Tekerlekli Basketbol 2. Lig Y\u00fckselme M\u00fcsabakas\u0131nda Zile Engelli Gen\u00e7lik Spor Kul\u00fcb\u00fc \u00e7\u0131kt\u0131\u011f\u0131 5 ma\u00e7\u0131n 4\u2019 n\u00fc alarak [&hellip;]<\/p>\n","protected":false},"author":1,"featured_media":2293,"comment_status":"open","ping_status":"open","sticky":false,"template":"","format":"standard","meta":{"footnotes":""},"categories":[11],"tags":[82,184,185,187,186,27],"class_list":["post-2290","post","type-post","status-publish","format-standard","has-post-thumbnail","hentry","category-haberler","tag-belediye","tag-engelli","tag-genclik","tag-kulubu","tag-spor","tag-zile"],"_links":{"self":[{"href":"http:\/\/site.zile.bel.tr\/index.php\/wp-json\/wp\/v2\/posts\/2290","targetHints":{"allow":["GET"]}}],"collection":[{"href":"http:\/\/site.zile.bel.tr\/index.php\/wp-json\/wp\/v2\/posts"}],"about":[{"href":"http:\/\/site.zile.bel.tr\/index.php\/wp-json\/wp\/v2\/types\/post"}],"author":[{"embeddable":true,"href":"http:\/\/site.zile.bel.tr\/index.php\/wp-json\/wp\/v2\/users\/1"}],"replies":[{"embeddable":true,"href":"http:\/\/site.zile.bel.tr\/index.php\/wp-json\/wp\/v2\/comments?post=2290"}],"version-history":[{"count":2,"href":"http:\/\/site.zile.bel.tr\/index.php\/wp-json\/wp\/v2\/posts\/2290\/revisions"}],"predecessor-version":[{"id":2298,"href":"http:\/\/site.zile.bel.tr\/index.php\/wp-json\/wp\/v2\/posts\/2290\/revisions\/2298"}],"wp:featuredmedia":[{"embeddable":true,"href":"http:\/\/site.zile.bel.tr\/index.php\/wp-json\/wp\/v2\/media\/2293"}],"wp:attachment":[{"href":"http:\/\/site.zile.bel.tr\/index.php\/wp-json\/wp\/v2\/media?parent=2290"}],"wp:term":[{"taxonomy":"category","embeddable":true,"href":"http:\/\/site.zile.bel.tr\/index.php\/wp-json\/wp\/v2\/categories?post=2290"},{"taxonomy":"post_tag","embeddable":true,"href":"http:\/\/site.zile.bel.tr\/index.php\/wp-json\/wp\/v2\/tags?post=2290"}],"curies":[{"name":"wp","href":"https:\/\/api.w.org\/{rel}","templated":true}]}}