{"id":2306,"date":"2021-06-15T11:21:50","date_gmt":"2021-06-15T08:21:50","guid":{"rendered":"http:\/\/site.zile.bel.tr\/?p=2306"},"modified":"2021-06-15T11:21:50","modified_gmt":"2021-06-15T08:21:50","slug":"jandarma-teskilatimizin-182-yildonumu-kutlu-olsun","status":"publish","type":"post","link":"http:\/\/site.zile.bel.tr\/index.php\/2021\/06\/15\/jandarma-teskilatimizin-182-yildonumu-kutlu-olsun\/","title":{"rendered":"Jandarma Te\u015fkilat\u0131m\u0131z\u0131n 182. Y\u0131ld\u00f6n\u00fcm\u00fc Kutlu Olsun"},"content":{"rendered":"<p>Yurdumuzun her k\u00f6\u015fesinde vatanda\u015flar\u0131m\u0131zla i\u00e7 i\u00e7e ve \u00f6zveriyle g\u00f6rev yapmakta olan Jandarma Te\u015fkilat\u0131\u2019m\u0131z\u0131n kurulu\u015f y\u0131l d\u00f6n\u00fcm\u00fcn\u00fc kutluyor, bu vesile ile g\u00f6revleri ba\u015f\u0131nda hayat\u0131n\u0131 kaybeden kahraman \u015fehitlerimize rahmet diliyor ba\u015fta Gazi Mustafa Kemal Atat\u00fcrk olmak \u00fczere gazilerimizi minnetle an\u0131yoruz.<\/p>\n<p><a href=\"http:\/\/site.zile.bel.tr\/index.php\/2021\/06\/15\/jandarma-teskilatimizin-182-yildonumu-kutlu-olsun\/jandarma-kutlama-2021\/\" rel=\"attachment wp-att-2307\"><img loading=\"lazy\" decoding=\"async\" class=\"alignnone wp-image-2307\" src=\"http:\/\/site.zile.bel.tr\/wp-content\/uploads\/2021\/06\/jandarma-kutlama-2021-1024x703.jpg\" alt=\"\" width=\"800\" height=\"549\" srcset=\"http:\/\/site.zile.bel.tr\/wp-content\/uploads\/2021\/06\/jandarma-kutlama-2021-1024x703.jpg 1024w, http:\/\/site.zile.bel.tr\/wp-content\/uploads\/2021\/06\/jandarma-kutlama-2021-300x206.jpg 300w, http:\/\/site.zile.bel.tr\/wp-content\/uploads\/2021\/06\/jandarma-kutlama-2021-768x527.jpg 768w, http:\/\/site.zile.bel.tr\/wp-content\/uploads\/2021\/06\/jandarma-kutlama-2021-1536x1054.jpg 1536w, http:\/\/site.zile.bel.tr\/wp-content\/uploads\/2021\/06\/jandarma-kutlama-2021.jpg 2048w\" sizes=\"auto, (max-width: 800px) 100vw, 800px\" \/><\/a><\/p>\n","protected":false},"excerpt":{"rendered":"<p>Yurdumuzun her k\u00f6\u015fesinde vatanda\u015flar\u0131m\u0131zla i\u00e7 i\u00e7e ve \u00f6zveriyle g\u00f6rev yapmakta olan Jandarma Te\u015fkilat\u0131\u2019m\u0131z\u0131n kurulu\u015f y\u0131l d\u00f6n\u00fcm\u00fcn\u00fc kutluyor, bu vesile ile g\u00f6revleri ba\u015f\u0131nda hayat\u0131n\u0131 kaybeden kahraman \u015fehitlerimize rahmet diliyor ba\u015fta Gazi Mustafa Kemal Atat\u00fcrk olmak \u00fczere gazilerimizi minnetle an\u0131yoruz.<\/p>\n","protected":false},"author":1,"featured_media":2307,"comment_status":"open","ping_status":"open","sticky":false,"template":"","format":"standard","meta":{"footnotes":""},"categories":[11],"tags":[],"class_list":["post-2306","post","type-post","status-publish","format-standard","has-post-thumbnail","hentry","category-haberler"],"_links":{"self":[{"href":"http:\/\/site.zile.bel.tr\/index.php\/wp-json\/wp\/v2\/posts\/2306","targetHints":{"allow":["GET"]}}],"collection":[{"href":"http:\/\/site.zile.bel.tr\/index.php\/wp-json\/wp\/v2\/posts"}],"about":[{"href":"http:\/\/site.zile.bel.tr\/index.php\/wp-json\/wp\/v2\/types\/post"}],"author":[{"embeddable":true,"href":"http:\/\/site.zile.bel.tr\/index.php\/wp-json\/wp\/v2\/users\/1"}],"replies":[{"embeddable":true,"href":"http:\/\/site.zile.bel.tr\/index.php\/wp-json\/wp\/v2\/comments?post=2306"}],"version-history":[{"count":2,"href":"http:\/\/site.zile.bel.tr\/index.php\/wp-json\/wp\/v2\/posts\/2306\/revisions"}],"predecessor-version":[{"id":2309,"href":"http:\/\/site.zile.bel.tr\/index.php\/wp-json\/wp\/v2\/posts\/2306\/revisions\/2309"}],"wp:featuredmedia":[{"embeddable":true,"href":"http:\/\/site.zile.bel.tr\/index.php\/wp-json\/wp\/v2\/media\/2307"}],"wp:attachment":[{"href":"http:\/\/site.zile.bel.tr\/index.php\/wp-json\/wp\/v2\/media?parent=2306"}],"wp:term":[{"taxonomy":"category","embeddable":true,"href":"http:\/\/site.zile.bel.tr\/index.php\/wp-json\/wp\/v2\/categories?post=2306"},{"taxonomy":"post_tag","embeddable":true,"href":"http:\/\/site.zile.bel.tr\/index.php\/wp-json\/wp\/v2\/tags?post=2306"}],"curies":[{"name":"wp","href":"https:\/\/api.w.org\/{rel}","templated":true}]}}