{"id":2310,"date":"2021-06-19T16:02:07","date_gmt":"2021-06-19T13:02:07","guid":{"rendered":"http:\/\/site.zile.bel.tr\/?p=2310"},"modified":"2021-06-19T16:02:07","modified_gmt":"2021-06-19T13:02:07","slug":"baskan-sukru-sargin-gaziantepte-yapilan-belediye-baskanlari-calistayi-na-katildi","status":"publish","type":"post","link":"http:\/\/site.zile.bel.tr\/index.php\/2021\/06\/19\/baskan-sukru-sargin-gaziantepte-yapilan-belediye-baskanlari-calistayi-na-katildi\/","title":{"rendered":"Ba\u015fkan \u015e\u00fckr\u00fc Sarg\u0131n Gaziantep\u2019te yap\u0131lan \u201cBelediye Ba\u015fkanlar\u0131 \u00c7al\u0131\u015ftay\u0131\u201d na kat\u0131ld\u0131"},"content":{"rendered":"<p><strong><a href=\"http:\/\/site.zile.bel.tr\/index.php\/2021\/06\/19\/baskan-sukru-sargin-gaziantepte-yapilan-belediye-baskanlari-calistayi-na-katildi\/001-gaziantep\/\" rel=\"attachment wp-att-2311\"><img loading=\"lazy\" decoding=\"async\" class=\"alignnone wp-image-2311\" src=\"http:\/\/site.zile.bel.tr\/wp-content\/uploads\/2021\/06\/001-gaziantep.jpg\" alt=\"\" width=\"800\" height=\"784\" srcset=\"http:\/\/site.zile.bel.tr\/wp-content\/uploads\/2021\/06\/001-gaziantep.jpg 921w, http:\/\/site.zile.bel.tr\/wp-content\/uploads\/2021\/06\/001-gaziantep-300x294.jpg 300w, http:\/\/site.zile.bel.tr\/wp-content\/uploads\/2021\/06\/001-gaziantep-768x753.jpg 768w\" sizes=\"auto, (max-width: 800px) 100vw, 800px\" \/><\/a><br \/>\n<\/strong><strong>Ba\u015fkan \u015e\u00fckr\u00fc Sarg\u0131n Gaziantep\u2019te yap\u0131lan \u201cBelediye Ba\u015fkanlar\u0131 \u00c7al\u0131\u015ftay\u0131\u201d na kat\u0131ld\u0131<\/strong><\/p>\n<p>250\u2019 ye yak\u0131n CHP\u2019li belediye ba\u015fkan\u0131n\u0131n kat\u0131l\u0131m\u0131yla ger\u00e7ekle\u015fen ve \u00fc\u00e7 g\u00fcn s\u00fcrecek Belediye Ba\u015fkanlar\u0131 \u00c7al\u0131\u015ftay\u0131\u2019 i\u00e7in Gaziantep\u2019te bulunan belediye ba\u015fkanlar\u0131 ve parti kurmaylar\u0131 b\u00fcy\u00fck ilgi g\u00f6rd\u00fc.<\/p>\n<p>Kentin de\u011fi\u015fik semt ve il\u00e7elerinde halkla bir araya gelen CHP genel ba\u015fkan yard\u0131mc\u0131lar\u0131, milletvekillerinin yan\u0131 s\u0131ra belediye ba\u015fkanlar\u0131 da esnaf ziyaretleri de ger\u00e7ekle\u015ftirdi.<\/p>\n<p><strong>\u00c7al\u0131\u015ftay her anlamda Zile\u2019ye yararl\u0131 olacak<\/strong><\/p>\n<p>\u00dc\u00e7 g\u00fcn s\u00fcrecek Belediye Ba\u015fkanlar\u0131 \u00c7al\u0131\u015ftay\u0131 i\u00e7in Gaziantep\u2019te bulunan Belediye Ba\u015fkan\u0131 \u015e\u00fckr\u00fc Sarg\u0131n, \u00e7al\u0131\u015ftayla ilgili bilgi vererek, \u201cS\u00f6z konusu \u00e7al\u0131\u015ftay\u0131n, Zile\u2019de yapaca\u011f\u0131m\u0131z \u00e7al\u0131\u015fmalara yararl\u0131 ve \u00f6nemli yans\u0131malar\u0131 olacak. Yap\u0131lacak \u00e7al\u0131\u015ftay ile Yerel Y\u00f6netimler Politika Belgesi\u2019ne son hali verilecek, ge\u00e7ti\u011fimiz 2 y\u0131lda ger\u00e7ekle\u015ftirdi\u011fimiz hizmetler de\u011ferlendirmeye al\u0131nacak ve \u00f6n\u00fcm\u00fczdeki 3 y\u0131lda ger\u00e7ekle\u015ftirilecek inovatif projeler \u00fczerinde \u00e7al\u0131\u015fma yap\u0131lacak\u201d dedi.<\/p>\n<p>&nbsp;<\/p>\n","protected":false},"excerpt":{"rendered":"<p>Ba\u015fkan \u015e\u00fckr\u00fc Sarg\u0131n Gaziantep\u2019te yap\u0131lan \u201cBelediye Ba\u015fkanlar\u0131 \u00c7al\u0131\u015ftay\u0131\u201d na kat\u0131ld\u0131 250\u2019 ye yak\u0131n CHP\u2019li belediye ba\u015fkan\u0131n\u0131n kat\u0131l\u0131m\u0131yla ger\u00e7ekle\u015fen ve \u00fc\u00e7 g\u00fcn s\u00fcrecek Belediye Ba\u015fkanlar\u0131 \u00c7al\u0131\u015ftay\u0131\u2019 i\u00e7in Gaziantep\u2019te bulunan belediye ba\u015fkanlar\u0131 ve parti kurmaylar\u0131 b\u00fcy\u00fck ilgi g\u00f6rd\u00fc. Kentin de\u011fi\u015fik semt ve il\u00e7elerinde halkla bir araya gelen CHP genel ba\u015fkan yard\u0131mc\u0131lar\u0131, milletvekillerinin yan\u0131 s\u0131ra belediye ba\u015fkanlar\u0131 da [&hellip;]<\/p>\n","protected":false},"author":1,"featured_media":2311,"comment_status":"open","ping_status":"open","sticky":false,"template":"","format":"standard","meta":{"footnotes":""},"categories":[11],"tags":[],"class_list":["post-2310","post","type-post","status-publish","format-standard","has-post-thumbnail","hentry","category-haberler"],"_links":{"self":[{"href":"http:\/\/site.zile.bel.tr\/index.php\/wp-json\/wp\/v2\/posts\/2310","targetHints":{"allow":["GET"]}}],"collection":[{"href":"http:\/\/site.zile.bel.tr\/index.php\/wp-json\/wp\/v2\/posts"}],"about":[{"href":"http:\/\/site.zile.bel.tr\/index.php\/wp-json\/wp\/v2\/types\/post"}],"author":[{"embeddable":true,"href":"http:\/\/site.zile.bel.tr\/index.php\/wp-json\/wp\/v2\/users\/1"}],"replies":[{"embeddable":true,"href":"http:\/\/site.zile.bel.tr\/index.php\/wp-json\/wp\/v2\/comments?post=2310"}],"version-history":[{"count":2,"href":"http:\/\/site.zile.bel.tr\/index.php\/wp-json\/wp\/v2\/posts\/2310\/revisions"}],"predecessor-version":[{"id":2313,"href":"http:\/\/site.zile.bel.tr\/index.php\/wp-json\/wp\/v2\/posts\/2310\/revisions\/2313"}],"wp:featuredmedia":[{"embeddable":true,"href":"http:\/\/site.zile.bel.tr\/index.php\/wp-json\/wp\/v2\/media\/2311"}],"wp:attachment":[{"href":"http:\/\/site.zile.bel.tr\/index.php\/wp-json\/wp\/v2\/media?parent=2310"}],"wp:term":[{"taxonomy":"category","embeddable":true,"href":"http:\/\/site.zile.bel.tr\/index.php\/wp-json\/wp\/v2\/categories?post=2310"},{"taxonomy":"post_tag","embeddable":true,"href":"http:\/\/site.zile.bel.tr\/index.php\/wp-json\/wp\/v2\/tags?post=2310"}],"curies":[{"name":"wp","href":"https:\/\/api.w.org\/{rel}","templated":true}]}}